{"id":35303,"date":"2026-07-05T12:23:00","date_gmt":"2026-07-05T10:23:00","guid":{"rendered":"https:\/\/euapp01.newsmemory.com\/lamarseillaise\/news\/?p=35303"},"modified":"2026-07-10T07:05:36","modified_gmt":"2026-07-10T05:05:36","slug":"un-bateau-en-feu-sur-le-vieux-port-de-marseille","status":"publish","type":"post","link":"https:\/\/euapp01.newsmemory.com\/lamarseillaise\/news\/2026\/07\/05\/un-bateau-en-feu-sur-le-vieux-port-de-marseille\/","title":{"rendered":"[Maj] Les deux bateaux en feu sur le Vieux-Port de Marseille ont coul\u00e9"},"content":{"rendered":"<div class=\"paragraph\">\n<p>Une grosse fum\u00e9e noire qui obscurcit le ciel du Vieux-Port. Un incendie s\u2019est d\u00e9clar\u00e9 \u00e0 bord d\u2019un bateau ce dimanche 5 juillet. L\u2019alerte a \u00e9t\u00e9 donn\u00e9e \u00e0 10h30 nous indique le bataillon des marins pompiers. Une vedette d\u2019une dizaine de m\u00e8tre est actuellement en feu. De nombreux moyens sont d\u00e9ploy\u00e9s.<\/p>\n<p>Les passagers du navire ont \u00e9t\u00e9 \u00e9vacu\u00e9s.<br \/>Les bars et restaurants sont aussi \u00e9vacu\u00e9s et ferm\u00e9s \u00e0 cause de l\u2019\u00e9paisse fum\u00e9e noire.<\/p>\n<p>Le bataillon pr\u00e9cise qu\u2019il s\u2019agit de 2 bateaux \u00e0 quai. Un de 20m en parall\u00e8le de la sc\u00e8ne, qui a coul\u00e9, un autre de 12m \u00e0 gauche de la sc\u00e8ne. On d\u00e9nombre dix victimes, 6 bless\u00e9s l\u00e9gers provenant des bateaux, et quatre qui ont inhal\u00e9 les fum\u00e9es dont une personne de la s\u00e9curit\u00e9 du port, et des policiers.<\/p>\n<p>Pas moins de 150 marins pompiers ont \u00e9t\u00e9 mobilis\u00e9s \u00e9quip\u00e9s de 37 engins. Le secteur est \u00e0 \u00e9viter. Le deuxi\u00e8me bateau de 12m vient aussi de couler aussi.<\/p>\n<\/p><\/div>\n","protected":false},"excerpt":{"rendered":"Une grosse fum&eacute;e noire qui obscurcit le ciel du Vieux-Port. Un incendie s&rsquo;est d&eacute;clar&eacute; &agrave; bord d&rsquo;un bateau ce dimanche 5 juillet. L&rsquo;alerte a &eacute;t&eacute; donn&eacute;e &agrave; 10h30 nous indique le &#8230;","protected":false},"author":1,"featured_media":35304,"comment_status":"open","ping_status":"open","sticky":false,"template":"","format":"standard","meta":{"footnotes":""},"categories":[3926,3925,20],"tags":[10,319,442,2799,16,320,935],"news-destination":[3944],"news-source":[475],"is_homepage":[],"ta_other":[],"class_list":["post-35303","post","type-post","status-publish","format-standard","has-post-thumbnail","hentry","category-accueil-merge","category-accueil-third","category-societe","tag-bouches-du-rhone","tag-incendie","tag-mairie","tag-marins-pompiers","tag-marseille","tag-pompiers","tag-vieux-port","news-destination-homepage","news-source-website"],"_links":{"self":[{"href":"https:\/\/euapp01.newsmemory.com\/lamarseillaise\/news\/wp-json\/wp\/v2\/posts\/35303","targetHints":{"allow":["GET"]}}],"collection":[{"href":"https:\/\/euapp01.newsmemory.com\/lamarseillaise\/news\/wp-json\/wp\/v2\/posts"}],"about":[{"href":"https:\/\/euapp01.newsmemory.com\/lamarseillaise\/news\/wp-json\/wp\/v2\/types\/post"}],"author":[{"embeddable":true,"href":"https:\/\/euapp01.newsmemory.com\/lamarseillaise\/news\/wp-json\/wp\/v2\/users\/1"}],"replies":[{"embeddable":true,"href":"https:\/\/euapp01.newsmemory.com\/lamarseillaise\/news\/wp-json\/wp\/v2\/comments?post=35303"}],"version-history":[{"count":5,"href":"https:\/\/euapp01.newsmemory.com\/lamarseillaise\/news\/wp-json\/wp\/v2\/posts\/35303\/revisions"}],"predecessor-version":[{"id":35310,"href":"https:\/\/euapp01.newsmemory.com\/lamarseillaise\/news\/wp-json\/wp\/v2\/posts\/35303\/revisions\/35310"}],"wp:featuredmedia":[{"embeddable":true,"href":"https:\/\/euapp01.newsmemory.com\/lamarseillaise\/news\/wp-json\/wp\/v2\/media\/35304"}],"wp:attachment":[{"href":"https:\/\/euapp01.newsmemory.com\/lamarseillaise\/news\/wp-json\/wp\/v2\/media?parent=35303"}],"wp:term":[{"taxonomy":"category","embeddable":true,"href":"https:\/\/euapp01.newsmemory.com\/lamarseillaise\/news\/wp-json\/wp\/v2\/categories?post=35303"},{"taxonomy":"post_tag","embeddable":true,"href":"https:\/\/euapp01.newsmemory.com\/lamarseillaise\/news\/wp-json\/wp\/v2\/tags?post=35303"},{"taxonomy":"news-destination","embeddable":true,"href":"https:\/\/euapp01.newsmemory.com\/lamarseillaise\/news\/wp-json\/wp\/v2\/news-destination?post=35303"},{"taxonomy":"news-source","embeddable":true,"href":"https:\/\/euapp01.newsmemory.com\/lamarseillaise\/news\/wp-json\/wp\/v2\/news-source?post=35303"},{"taxonomy":"is_homepage","embeddable":true,"href":"https:\/\/euapp01.newsmemory.com\/lamarseillaise\/news\/wp-json\/wp\/v2\/is_homepage?post=35303"},{"taxonomy":"ta_other","embeddable":true,"href":"https:\/\/euapp01.newsmemory.com\/lamarseillaise\/news\/wp-json\/wp\/v2\/ta_other?post=35303"}],"curies":[{"name":"wp","href":"https:\/\/api.w.org\/{rel}","templated":true}]}}