{"id":35285,"date":"2026-07-04T19:28:00","date_gmt":"2026-07-04T17:28:00","guid":{"rendered":"https:\/\/euapp01.newsmemory.com\/lamarseillaise\/news\/?p=35285"},"modified":"2026-07-13T13:14:33","modified_gmt":"2026-07-13T11:14:33","slug":"la-guerre-despagne-du-frente-popular-a-no-pasaran","status":"publish","type":"post","link":"https:\/\/euapp01.newsmemory.com\/lamarseillaise\/news\/2026\/07\/04\/la-guerre-despagne-du-frente-popular-a-no-pasaran\/","title":{"rendered":"[La guerre d\u2019Espagne 1\/3] Du \u00ab&nbsp;Frente Popular&nbsp;\u00bb \u00e0 \u00ab&nbsp;No Pasaran&nbsp;!&nbsp;\u00bb"},"content":{"rendered":"<div class=\"paragraph\">\n<p>16 f\u00e9vrier 1936, il y a 90\u00a0ans, le Front populaire triomphe en Espagne, six mois plus tard, le 18 juillet, le g\u00e9n\u00e9ral Franco aid\u00e9 par Hitler et Mussolini tentent de renverser la R\u00e9publique. Le fascisme dans une sorte de r\u00e9p\u00e9tition g\u00e9n\u00e9rale fera de cette guerre le sanglant prologue de la seconde guerre mondiale. La R\u00e9publique chutera le 31 mars 1939 apr\u00e8s trois ann\u00e9es d\u2019une r\u00e9sistance h\u00e9ro\u00efque du peuple.<\/p>\n<p>Le 12 avril 1931, les \u00e9lections municipales qui font suite \u00e0 la d\u00e9mission du pr\u00e9sident du conseil le g\u00e9n\u00e9ral Primo de Rivera, donnent la victoire aux listes r\u00e9publicaines, Alfonse XIII, qui comptait sur la victoire des monarchistes, s\u2019enfuira et ira se r\u00e9fugier en France. La R\u00e9publique est proclam\u00e9e le 14 avril. Apr\u00e8s deux ann\u00e9es ponctu\u00e9es de nombreuses avanc\u00e9es sociales de 1931 \u00e0 1933, l\u2019arriv\u00e9e au gouvernement de forces r\u00e9actionnaires avec Alejandro Lerroux qui r\u00e9primera violemment les gr\u00e8ves des mineurs des Asturies, va faire monter la volont\u00e9 d\u2019union des forces de gauche et des syndicats. Le Frente Popular va triompher le 16 f\u00e9vrier 1936, aux \u00e9lections l\u00e9gislatives, gr\u00e2ce \u00e0 la coalition des forces politiques de gauche (PCE &#8211; PSOE et partis r\u00e9publicains).<\/p>\n<p>Le Frente Popular, pendant les cinq mois qui vont pr\u00e9c\u00e9der le coup d\u2019\u00c9tat, prendra plusieurs mesures parmi lesquelles\u00a0: la lib\u00e9ration de milliers de prisonniers politiques suite \u00e0 la R\u00e9volution des Asturies qui fut r\u00e9prim\u00e9e violemment par la droite en 1934\u00a0; le Parlement va destituer le pr\u00e9sident Niceto Alcala-Zamora le 7 avril 1936. Manuel Aza\u00f1a deviendra alors Pr\u00e9sident de la R\u00e9publique\u00a0; la Generalitat de Catalogne, suspendue apr\u00e8s les \u00e9v\u00e9nements de 1934, sera r\u00e9tablie avec retour de son autonomie\u00a0; relance des processus d\u2019autonomie pour le Pays Basque et la Galice\u00a0; sur le plan social et \u00e9conomique, r\u00e9activation des politiques sociales du premier gouvernement r\u00e9publicain (1931 -1933). Les gr\u00e8ves et occupations des terres vont s\u2019\u00e9tendre avec acc\u00e9l\u00e9ration de mise en place de coop\u00e9rative et processus de collectivisation dans les campagnes et dans les usines. Enfin, le gouvernement va r\u00e9affirmer le programme de 1931 avec la d\u00e9fense des libert\u00e9s publiques et une politique clairement antifasciste.<\/p>\n<p>Minutieusement pr\u00e9par\u00e9 plusieurs semaines en amont par les militaires factieux en liaison avec l\u2019Allemagne nazie, le coup d\u2019\u00c9tat du 18 juillet 1936 va mettre un coup d\u2019arr\u00eat \u00e0 la mise en \u0153uvre des r\u00e9formes sociales et \u00e9conomiques.<\/p>\n<p>Franco pensait prendre le pouvoir en quelques jours, assur\u00e9 de l\u2019aide massive des fascistes italiens et des nazis en hommes et en armement, mais la guerre dura pr\u00e8s de trois ans gr\u00e2ce \u00e0 la r\u00e9sistance h\u00e9ro\u00efque du peuple espagnol, aid\u00e9 par les volontaires internationaux venus de 53\u00a0pays.<\/p>\n<p>D\u00e8s les premiers jours de la r\u00e9bellion des g\u00e9n\u00e9raux, des massacres sont perp\u00e9tr\u00e9s en Andalousie. Le 18 juillet le g\u00e9n\u00e9ral Gonzalo Queipo de Llano va s\u2019emparer de S\u00e9ville et malgr\u00e9 la r\u00e9sistance des quartiers populaires, les franquistes appuy\u00e9s par la Guardia civil et la Phalange proc\u00e8dent \u00e0 des fusillades massives contre les militants ouvriers et la population.<\/p>\n<p>Le 19 juillet, face \u00e0 la tentative de coup d\u2019\u00c9tat, la d\u00e9put\u00e9 communiste Dolor\u00e8s Ibarruri \u00ab\u00a0La Pasionaria\u00a0\u00bb prononcera \u00e0 Madrid un discours radiodiffus\u00e9 historique\u00a0: \u00ab\u00a0Travailleurs, antifascistes, peuple laborieux\u00a0! Tous debout\u00a0! Soyez pr\u00eats \u00e0 d\u00e9fendre la R\u00e9publique, la libert\u00e9 et les conqu\u00eates d\u00e9mocratiques du peuple\u00a0! (&#8230;) Le fascisme ne passera pas (No Pasaran\u00a0!), les communistes, les socialistes, les anarchistes et les r\u00e9publicains, les soldats et toutes les forces rest\u00e9es fid\u00e8les \u00e0 la volont\u00e9 du peuple \u00e9craseront les rebelles f\u00e9lons (&#8230;) Le pays tout entier est boulevers\u00e9 par les actes de ces sc\u00e9l\u00e9rats. Ils veulent, par le fer et par le feu, transformer l\u2019Espagne d\u00e9mocratique et populaire en un enfer de terreur et de tortures. Mais ils ne passeront pas\u00a0! &#8230;.\u00a0\u00bb Ils sont finalement pass\u00e9s, et quelques mois plus tard la France payait au prix fort sa politique de non-intervention et fausse neutralit\u00e9 de ses gouvernements depuis 1936, la seconde guerre mondiale d\u00e9butait.<\/p>\n<\/p><\/div>\n","protected":false},"excerpt":{"rendered":"16 f&eacute;vrier 1936, il y a 90&nbsp;ans, le Front populaire triomphe en Espagne, six mois plus tard, le 18 juillet, le g&eacute;n&eacute;ral Franco aid&eacute; par Hitler et Mussolini tentent de renverser la R&eacute;publique. Le fascisme dans &#8230;","protected":false},"author":1,"featured_media":35286,"comment_status":"open","ping_status":"open","sticky":false,"template":"","format":"standard","meta":{"footnotes":""},"categories":[3926,3925,32,337],"tags":[1220,3111,724,280,920,97,2938],"news-destination":[3944],"news-source":[475],"is_homepage":[],"ta_other":[],"class_list":["post-35285","post","type-post","status-publish","format-standard","has-post-thumbnail","hentry","category-accueil-merge","category-accueil-third","category-culture","category-international","tag-espagne","tag-front-populaire","tag-guerre","tag-histoire","tag-memoire","tag-patrimoine","tag-recit","news-destination-homepage","news-source-website"],"_links":{"self":[{"href":"https:\/\/euapp01.newsmemory.com\/lamarseillaise\/news\/wp-json\/wp\/v2\/posts\/35285","targetHints":{"allow":["GET"]}}],"collection":[{"href":"https:\/\/euapp01.newsmemory.com\/lamarseillaise\/news\/wp-json\/wp\/v2\/posts"}],"about":[{"href":"https:\/\/euapp01.newsmemory.com\/lamarseillaise\/news\/wp-json\/wp\/v2\/types\/post"}],"author":[{"embeddable":true,"href":"https:\/\/euapp01.newsmemory.com\/lamarseillaise\/news\/wp-json\/wp\/v2\/users\/1"}],"replies":[{"embeddable":true,"href":"https:\/\/euapp01.newsmemory.com\/lamarseillaise\/news\/wp-json\/wp\/v2\/comments?post=35285"}],"version-history":[{"count":3,"href":"https:\/\/euapp01.newsmemory.com\/lamarseillaise\/news\/wp-json\/wp\/v2\/posts\/35285\/revisions"}],"predecessor-version":[{"id":36278,"href":"https:\/\/euapp01.newsmemory.com\/lamarseillaise\/news\/wp-json\/wp\/v2\/posts\/35285\/revisions\/36278"}],"wp:featuredmedia":[{"embeddable":true,"href":"https:\/\/euapp01.newsmemory.com\/lamarseillaise\/news\/wp-json\/wp\/v2\/media\/35286"}],"wp:attachment":[{"href":"https:\/\/euapp01.newsmemory.com\/lamarseillaise\/news\/wp-json\/wp\/v2\/media?parent=35285"}],"wp:term":[{"taxonomy":"category","embeddable":true,"href":"https:\/\/euapp01.newsmemory.com\/lamarseillaise\/news\/wp-json\/wp\/v2\/categories?post=35285"},{"taxonomy":"post_tag","embeddable":true,"href":"https:\/\/euapp01.newsmemory.com\/lamarseillaise\/news\/wp-json\/wp\/v2\/tags?post=35285"},{"taxonomy":"news-destination","embeddable":true,"href":"https:\/\/euapp01.newsmemory.com\/lamarseillaise\/news\/wp-json\/wp\/v2\/news-destination?post=35285"},{"taxonomy":"news-source","embeddable":true,"href":"https:\/\/euapp01.newsmemory.com\/lamarseillaise\/news\/wp-json\/wp\/v2\/news-source?post=35285"},{"taxonomy":"is_homepage","embeddable":true,"href":"https:\/\/euapp01.newsmemory.com\/lamarseillaise\/news\/wp-json\/wp\/v2\/is_homepage?post=35285"},{"taxonomy":"ta_other","embeddable":true,"href":"https:\/\/euapp01.newsmemory.com\/lamarseillaise\/news\/wp-json\/wp\/v2\/ta_other?post=35285"}],"curies":[{"name":"wp","href":"https:\/\/api.w.org\/{rel}","templated":true}]}}