{"id":35271,"date":"2026-07-04T15:14:00","date_gmt":"2026-07-04T13:14:00","guid":{"rendered":"https:\/\/euapp01.newsmemory.com\/lamarseillaise\/news\/?p=35271"},"modified":"2026-07-09T08:14:43","modified_gmt":"2026-07-09T06:14:43","slug":"des-associations-reclament-des-mesures-pour-les-personnes-sans-abri","status":"publish","type":"post","link":"https:\/\/euapp01.newsmemory.com\/lamarseillaise\/news\/2026\/07\/04\/des-associations-reclament-des-mesures-pour-les-personnes-sans-abri\/","title":{"rendered":"\u00c0 Montpellier, des associations r\u00e9clament des mesures pour les personnes sans-abri"},"content":{"rendered":"<div class=\"paragraph\">\n<p>\u00ca<i>tre \u00e0 la rue, \u00e7a peut tuer. C\u2019est vrai aussi en \u00e9t\u00e9<\/i><i>\u00a0<\/i><i>\u00bb, <\/i>alerte une pancarte. Mardi 30 juin, \u00e0 la mi-journ\u00e9e, une cinquantaine de personnes se sont rassembl\u00e9es sous un soleil de plomb devant la pr\u00e9fecture de l\u2019H\u00e9rault, \u00e0 Montpellier, pour interpeller les pouvoirs publics sur la situation des personnes sans-abri durant les p\u00e9riodes de chaleur intense, mais aussi pour pointer les d\u00e9faillances structurelles de l\u2019\u00c9tat en mati\u00e8re d\u2019h\u00e9bergement d\u2019urgence, alors que le nombre de personnes sans logement explose.<\/p>\n<p><i>\u00ab<\/i><i>\u00a0<\/i><i>En 2002, l\u2019Insee recensait 120 000 personnes \u00e0 la rue en France. 20<\/i><i>\u00a0<\/i><i>ans plus tard, ce nombre a pratiquement tripl\u00e9, puisque la Fondation pour le logement d\u00e9nombrait 350<\/i><i>\u00a0<\/i><i>000 personnes sans logement en 2025<\/i><i>\u00a0<\/i><i>\u00bb<\/i>, illustre C\u00e9cile, de l\u2019association Droit au logement (DAL) Montpellier. <i>\u00ab<\/i><i>\u00a0<\/i><i>C\u2019est le r\u00e9sultat de choix politiques faits depuis des ann\u00e9es, qui pr\u00e9cipitent une fraction croissante de la population dans la rue. La crise du sans-abrisme est li\u00e9e \u00e0 celle du logement.<\/i><i>\u00a0<\/i><i>\u00bb<\/i> Selon les associations mobilis\u00e9es, <i>\u00ab<\/i><i>\u00a0<\/i><i>au moins 1<\/i><i>\u00a0<\/i><i>000 personnes<\/i><i>\u00a0<\/i><i>\u00bb<\/i> seraient actuellement sans-abri \u00e0 Montpellier et 34 seraient mortes dans la rue l\u2019ann\u00e9e derni\u00e8re<i>. <\/i>\u00ab<i>\u00a0<\/i><i>\u00c7a fait une personne tous les 11 jours<\/i><i>\u00a0<\/i><i>!<\/i><i>\u00a0<\/i><i>\u00bb<\/i>, insiste la militante du DAL. <i>\u00ab<\/i><i>\u00a0<\/i><i>En France, l\u2019esp\u00e9rance de vie de quelqu\u2019un qui a connu la rue est de 49 ans. C\u2019est d\u00e9risoire<\/i><i>\u00a0<\/i><i>\u00bb, <\/i>rench\u00e9rit Gilles, du collectif contre le sans-abrisme.<\/p>\n<p>Pas plus qu\u2019en hiver, la vie dans la rue n\u2019est soutenable en \u00e9t\u00e9, par des temp\u00e9ratures de plus en plus caniculaires et r\u00e9guli\u00e8res. <i>\u00ab<\/i><i>\u00a0<\/i><i>Pour une personne sans-abri, une vague de chaleur n\u2019est pas un simple inconfort, c\u2019est un danger<\/i><i>\u00a0<\/i><i>: d\u00e9shydratation, \u00e9puisement, aggravation des pathologies et, dans les cas les plus graves, d\u00e9c\u00e8s<\/i><i>\u00a0<\/i><i>\u00bb,<\/i> liste Gilles.<\/p>\n<\/p><\/div>\n<div class=\"intext\"> \u00ab\u00a0Combien faudra-t-il encore de morts\u00a0?\u00a0\u00bb\n              <\/div>\n<div class=\"paragraph\">\n<p><i>\u00ab<\/i><i>\u00a0<\/i><i>Il y a quelques jours, je faisais la manche vers le centre commercial du Polygone, et j\u2019ai un fait un malaise \u00bb, <\/i>t\u00e9moigne Alex, sans-abri montpelli\u00e9rain pr\u00e9sent au rassemblement<i>. \u00ab<\/i><i>\u00a0<\/i><i>Quand on fait la manche, on est en plein cagnard. Mais on n\u2019a pas le choix, il faut qu\u2019on mange le soir&#8230; Parfois on se fait virer par la police, qui nous dit d\u2019aller ailleurs. Alors on essaie de se mettre \u00e0 l\u2019ombre dans des parkings, mais la police nous vire encore&#8230; C\u2019est \u00e9puisant. J\u2019ai 35 ans, j\u2019en fais 50&#8230;<\/i><i>\u00a0<\/i><i>\u00bb<\/i><\/p>\n<p><i>\u00ab<\/i><i>\u00a0<\/i><i>Le sujet de la canicule et des sans-abri n\u2019est pas tr\u00e8s m\u00e9diatique, h\u00e9las. Il ne faut surtout pas qu\u2019il y ait trop de personnes \u00e2g\u00e9es qui meurent, car en 2003 \u00e7a a fait du grabuge, mais on ne se pr\u00e9occupe pas vraiment des morts sans-abri. Il n\u2019y a aucune statistique l\u00e0-dessus<\/i><i>\u00a0 <\/i><i>\u00bb<\/i>, d\u00e9nonce Gilles. <i>\u00ab<\/i><i>\u00a0<\/i><i>On va attendre une vigilance orange voire rouge pour agir, parce qu\u2019on ne sait mettre en place que de la gestion de crise. On attend qu\u2019il y ait des catastrophes pour \u00e9ventuellement trouver des solutions. Combien faudra-t-il encore de morts pour que les pouvoirs publics prennent la mesure de l\u2019urgence<\/i><i>\u00a0<\/i><i>?<\/i><i>\u00a0<\/i><i>\u00bb<\/i>, interroge-t-il. <i>\u00ab<\/i><i>\u00a0<\/i><i>Un nouvel \u00e9pisode caniculaire est pr\u00e9vu dans les jours qui viennent. On exige des pouvoirs publics qu\u2019ils pr\u00e9voient des lieux d\u2019h\u00e9bergement de jour comme de nuit.<\/i><i>\u00a0 <\/i><i>\u00bb<\/i><\/p>\n<p>Des mesures imm\u00e9diates pour parer \u00e0 l\u2019urgence qui, insistent les associations mobilis\u00e9es, ne doivent pas masquer le probl\u00e8me plus global des r\u00e9ponses apport\u00e9es \u00e0 la crise du sans-abrisme. <i>\u00ab<\/i><i>\u00a0<\/i><i>On rappelle que l\u2019\u00c9tat a une obligation l\u00e9gale d\u2019h\u00e9bergement d\u2019urgence inconditionnel. Or le dispositif d\u2019h\u00e9bergement d\u2019urgence est notoirement insuffisant depuis des ann\u00e9es. Mais au lieu de cr\u00e9er des places, leur nombre baisse, au contraire<\/i><i>\u00a0<\/i><i>\u00a0<\/i><i>\u00bb<\/i>, relate C\u00e9cile, qui d\u00e9nonce <i>\u00ab<\/i><i>\u00a0<\/i><i>une politique de cruaut\u00e9 sociale. Aujourd\u2019hui, on souhaite visibiliser les cons\u00e9quences de ces d\u00e9cisions. On est venu demander des comptes \u00e0 la pr\u00e9fecture, qui n\u2019a pas donn\u00e9 suite \u00e0 notre demande d\u2019audience<\/i><i>\u00a0<\/i><i>\u00bb<\/i>, d\u00e9plore la repr\u00e9sentante du DAL. Les associations mobilis\u00e9es ont \u00e9galement envoy\u00e9 une lettre ouverte au maire de Montpellier et pr\u00e9sident de la M\u00e9tropole Micha\u00ebl Delafosse pour l\u2019inciter \u00e0 prendre, lui aussi, des <i>\u00ab<\/i><i>\u00a0<\/i><i>mesures d\u2019urgence<\/i><i>\u00a0<\/i><i>\u00bb, <\/i>comme ce fut le cas cet hiver avec l\u2019ouverture, durant quelques jours, du gymnase Gambardella. Elles l\u2019invitent \u00e9galement, fort de sa <i>\u00ab<\/i><i>\u00a0<\/i><i>comp\u00e9tence suppl\u00e9tive<\/i><i>\u00a0<\/i><i>\u00bb<\/i>, \u00e0 s\u2019<i>\u00ab<\/i><i>\u00a0<\/i><i>attaquer de mani\u00e8re structurelle \u00e0 cette situation en lan\u00e7ant un plan massif de mises \u00e0 l\u2019abri<\/i><i>\u00a0<\/i><i>\u00bb.<\/i><\/p>\n<p>Am\u00e9lie Goursaud<\/p>\n<\/p><\/div>\n<div class=\"paragraph\">\n<p>\u00ab\u00a0On essaie <br \/>de se mettre <br \/>\u00e0 l\u2019ombre dans des parkings, mais la police nous vire&#8230;\u00a0\u00bb<\/p>\n<\/p><\/div>\n","protected":false},"excerpt":{"rendered":"&Ecirc;tre &agrave; la rue, &ccedil;a peut tuer. C&rsquo;est vrai aussi en &eacute;t&eacute;&nbsp;&raquo;, alerte une pancarte. Mardi 30 juin, &agrave; la mi-journ&eacute;e, une cinquantaine de personnes se sont rassembl&eacute;es sous un soleil de &#8230;","protected":false},"author":1,"featured_media":35272,"comment_status":"open","ping_status":"open","sticky":false,"template":"","format":"standard","meta":{"footnotes":""},"categories":[3926,3925,20],"tags":[372,3626,239,596,240,1131,537,3062,4003],"news-destination":[3944],"news-source":[475],"is_homepage":[],"ta_other":[],"class_list":["post-35271","post","type-post","status-publish","format-standard","has-post-thumbnail","hentry","category-accueil-merge","category-accueil-third","category-societe","tag-canicule","tag-hebergement-durgence","tag-herault","tag-logement","tag-montpellier","tag-prefecture","tag-protection","tag-sans-abris","tag-sdf","news-destination-homepage","news-source-website"],"_links":{"self":[{"href":"https:\/\/euapp01.newsmemory.com\/lamarseillaise\/news\/wp-json\/wp\/v2\/posts\/35271","targetHints":{"allow":["GET"]}}],"collection":[{"href":"https:\/\/euapp01.newsmemory.com\/lamarseillaise\/news\/wp-json\/wp\/v2\/posts"}],"about":[{"href":"https:\/\/euapp01.newsmemory.com\/lamarseillaise\/news\/wp-json\/wp\/v2\/types\/post"}],"author":[{"embeddable":true,"href":"https:\/\/euapp01.newsmemory.com\/lamarseillaise\/news\/wp-json\/wp\/v2\/users\/1"}],"replies":[{"embeddable":true,"href":"https:\/\/euapp01.newsmemory.com\/lamarseillaise\/news\/wp-json\/wp\/v2\/comments?post=35271"}],"version-history":[{"count":2,"href":"https:\/\/euapp01.newsmemory.com\/lamarseillaise\/news\/wp-json\/wp\/v2\/posts\/35271\/revisions"}],"predecessor-version":[{"id":35275,"href":"https:\/\/euapp01.newsmemory.com\/lamarseillaise\/news\/wp-json\/wp\/v2\/posts\/35271\/revisions\/35275"}],"wp:featuredmedia":[{"embeddable":true,"href":"https:\/\/euapp01.newsmemory.com\/lamarseillaise\/news\/wp-json\/wp\/v2\/media\/35272"}],"wp:attachment":[{"href":"https:\/\/euapp01.newsmemory.com\/lamarseillaise\/news\/wp-json\/wp\/v2\/media?parent=35271"}],"wp:term":[{"taxonomy":"category","embeddable":true,"href":"https:\/\/euapp01.newsmemory.com\/lamarseillaise\/news\/wp-json\/wp\/v2\/categories?post=35271"},{"taxonomy":"post_tag","embeddable":true,"href":"https:\/\/euapp01.newsmemory.com\/lamarseillaise\/news\/wp-json\/wp\/v2\/tags?post=35271"},{"taxonomy":"news-destination","embeddable":true,"href":"https:\/\/euapp01.newsmemory.com\/lamarseillaise\/news\/wp-json\/wp\/v2\/news-destination?post=35271"},{"taxonomy":"news-source","embeddable":true,"href":"https:\/\/euapp01.newsmemory.com\/lamarseillaise\/news\/wp-json\/wp\/v2\/news-source?post=35271"},{"taxonomy":"is_homepage","embeddable":true,"href":"https:\/\/euapp01.newsmemory.com\/lamarseillaise\/news\/wp-json\/wp\/v2\/is_homepage?post=35271"},{"taxonomy":"ta_other","embeddable":true,"href":"https:\/\/euapp01.newsmemory.com\/lamarseillaise\/news\/wp-json\/wp\/v2\/ta_other?post=35271"}],"curies":[{"name":"wp","href":"https:\/\/api.w.org\/{rel}","templated":true}]}}