{"id":35268,"date":"2026-07-04T14:56:00","date_gmt":"2026-07-04T12:56:00","guid":{"rendered":"https:\/\/euapp01.newsmemory.com\/lamarseillaise\/news\/?p=35268"},"modified":"2026-07-09T07:48:18","modified_gmt":"2026-07-09T05:48:18","slug":"a-aubord-leau-ne-coule-plus-de-source","status":"publish","type":"post","link":"https:\/\/euapp01.newsmemory.com\/lamarseillaise\/news\/2026\/07\/04\/a-aubord-leau-ne-coule-plus-de-source\/","title":{"rendered":"\u00c0 Aubord, l\u2019eau ne coule plus de source"},"content":{"rendered":"<div class=\"paragraph\">\n<p>\u00c0 Aubord, boire un verre d\u2019eau est devenu un geste municipal. Depuis le 11\u00a0juin, les 2<b>\u00a0<\/b>400\u00a0habitants de cette commune gardoise ne peuvent plus consommer l\u2019eau du robinet, ni pour les boissons chaudes, ni pour les biberons. En cause<b>\u00a0<\/b>: des taux de PFAS, ces \u00ab\u00a0polluants \u00e9ternels\u00a0\u00bb pr\u00e9sents dans de nombreux produits du quotidien, sup\u00e9rieurs aux recommandations sanitaires apr\u00e8s une s\u00e9rie d\u2019analyses men\u00e9es depuis octobre 2025 par l\u2019Agence r\u00e9gionale de sant\u00e9.<\/p>\n<p>Le couperet est tomb\u00e9 en pleine mont\u00e9e des temp\u00e9ratures. La pr\u00e9fecture du Gard, en lien avec l\u2019ARS, a demand\u00e9 au maire Andr\u00e9 Brundu d\u2019interdire la consommation de l\u2019eau courante. Elle reste utilisable pour la toilette, la vaisselle, la lessive ou les sanitaires, mais plus question de la boire. \u00ab<i>\u00a0<\/i><i>Quand la d\u00e9cision tombe, ce n\u2019est pas \u00e9vident<\/i><i>\u00a0<\/i>\u00bb, reconna\u00eet le maire, qui rappelle toutefois que la commune s\u2019\u00e9tait pr\u00e9par\u00e9e depuis les premi\u00e8res analyses. Dans les foyers, les \u00e9coles, les commerces, les packs d\u2019eau ont pris la place des carafes.<\/p>\n<\/p><\/div>\n<div class=\"intext\"> L\u2019\u00e9t\u00e9 \u00e0 la bouteille\n              <\/div>\n<div class=\"paragraph\">\n<p>D\u00e8s le lendemain de l\u2019interdiction, la municipalit\u00e9 a organis\u00e9 une distribution gratuite dans la cour des services techniques. Les \u00e9lus sont \u00e0 la man\u0153uvre, parfois jusqu\u2019\u00e0 aller chercher les premiers packs eux-m\u00eames avant de commander directement des palettes. En p\u00e9riode de fortes chaleurs, la commune assure jusqu\u2019\u00e0 trois litres par jour et par personne, soit plus de 7<b>\u00a0<\/b>000\u00a0litres \u00e0 distribuer quotidiennement. Une logistique de crise pour ne laisser personne au bord du chemin, avec une attention particuli\u00e8re port\u00e9e aux personnes \u00e2g\u00e9es, isol\u00e9es ou \u00e0 mobilit\u00e9 r\u00e9duite.<\/p>\n<p>Mais cette solidarit\u00e9 a un co\u00fbt. La facture des bouteilles pourrait atteindre entre 80<b>\u00a0<\/b>000 et 100<b>\u00a0<\/b>000\u00a0euros sur l\u2019\u00e9t\u00e9. \u00c0 cela s\u2019ajoutent les travaux d\u2019urgence pour retrouver une eau conforme. D\u00e8s la semaine prochaine, une station de traitement doit \u00eatre install\u00e9e, avec des filtres \u00e0 charbon actif en grain destin\u00e9s \u00e0 retenir les PFAS. Le chantier, confi\u00e9 apr\u00e8s une proc\u00e9dure acc\u00e9l\u00e9r\u00e9e, doit durer plusieurs semaines, pour un montant d\u2019environ 386<b>\u00a0<\/b>000\u00a0euros. Pr\u00e8s de 80% devraient \u00eatre couverts par l\u2019Agence de l\u2019eau, l\u2019\u00c9tat et le D\u00e9partement. Le reste p\u00e8sera sur la commune.<\/p>\n<p>Reste l\u2019essentiel<b>\u00a0<\/b>: comprendre d\u2019o\u00f9 vient cette pollution. \u00c0 Aubord comme ailleurs, les Pfas rappellent que l\u2019eau, bien commun vital, porte aussi la m\u00e9moire longue des choix industriels et chimiques. En attendant les r\u00e9sultats des investigations et le retour esp\u00e9r\u00e9 \u00e0 une eau potable \u00e0 la fin de l\u2019\u00e9t\u00e9, la mairie tient la ligne<b>\u00a0<\/b>: assurer l\u2019acc\u00e8s de toutes et tous \u00e0 l\u2019eau, sans faire payer aux habitants le prix de l\u2019invisible.<\/p>\n<\/p><\/div>\n<div class=\"paragraph\">\n<p><i>Note<\/i><b>\u00a0<\/b><i><b>:<\/b><\/i><i> \u00c0 partir du 6<\/i><i>\u00a0<\/i><i>juillet, les distributions d\u2019eau auront lieu aux services techniques<\/i><b>\u00a0<\/b><i>: lundi et mercredi de 17h30 \u00e0 19h30, samedi de 10h \u00e0 12h.<\/i><\/p>\n<\/p><\/div>\n","protected":false},"excerpt":{"rendered":"&Agrave; Aubord, boire un verre d&rsquo;eau est devenu un geste municipal. Depuis le 11&nbsp;juin, les 2&nbsp;400&nbsp;habitants de cette commune gardoise ne peuvent plus consommer l&rsquo;eau du robinet, ni pour les boissons chaudes, ni pour les &#8230;","protected":false},"author":1,"featured_media":35269,"comment_status":"open","ping_status":"open","sticky":false,"template":"","format":"standard","meta":{"footnotes":""},"categories":[3926,3925,333],"tags":[1129,6023,372,212,471,238,2110,1423,30],"news-destination":[3944],"news-source":[475],"is_homepage":[],"ta_other":[],"class_list":["post-35268","post","type-post","status-publish","format-standard","has-post-thumbnail","hentry","category-accueil-merge","category-accueil-third","category-environnement","tag-ars","tag-aubord","tag-canicule","tag-distribution","tag-eau-potable","tag-gard","tag-pfas","tag-polluants","tag-sante-publique","news-destination-homepage","news-source-website"],"_links":{"self":[{"href":"https:\/\/euapp01.newsmemory.com\/lamarseillaise\/news\/wp-json\/wp\/v2\/posts\/35268","targetHints":{"allow":["GET"]}}],"collection":[{"href":"https:\/\/euapp01.newsmemory.com\/lamarseillaise\/news\/wp-json\/wp\/v2\/posts"}],"about":[{"href":"https:\/\/euapp01.newsmemory.com\/lamarseillaise\/news\/wp-json\/wp\/v2\/types\/post"}],"author":[{"embeddable":true,"href":"https:\/\/euapp01.newsmemory.com\/lamarseillaise\/news\/wp-json\/wp\/v2\/users\/1"}],"replies":[{"embeddable":true,"href":"https:\/\/euapp01.newsmemory.com\/lamarseillaise\/news\/wp-json\/wp\/v2\/comments?post=35268"}],"version-history":[{"count":1,"href":"https:\/\/euapp01.newsmemory.com\/lamarseillaise\/news\/wp-json\/wp\/v2\/posts\/35268\/revisions"}],"predecessor-version":[{"id":35270,"href":"https:\/\/euapp01.newsmemory.com\/lamarseillaise\/news\/wp-json\/wp\/v2\/posts\/35268\/revisions\/35270"}],"wp:featuredmedia":[{"embeddable":true,"href":"https:\/\/euapp01.newsmemory.com\/lamarseillaise\/news\/wp-json\/wp\/v2\/media\/35269"}],"wp:attachment":[{"href":"https:\/\/euapp01.newsmemory.com\/lamarseillaise\/news\/wp-json\/wp\/v2\/media?parent=35268"}],"wp:term":[{"taxonomy":"category","embeddable":true,"href":"https:\/\/euapp01.newsmemory.com\/lamarseillaise\/news\/wp-json\/wp\/v2\/categories?post=35268"},{"taxonomy":"post_tag","embeddable":true,"href":"https:\/\/euapp01.newsmemory.com\/lamarseillaise\/news\/wp-json\/wp\/v2\/tags?post=35268"},{"taxonomy":"news-destination","embeddable":true,"href":"https:\/\/euapp01.newsmemory.com\/lamarseillaise\/news\/wp-json\/wp\/v2\/news-destination?post=35268"},{"taxonomy":"news-source","embeddable":true,"href":"https:\/\/euapp01.newsmemory.com\/lamarseillaise\/news\/wp-json\/wp\/v2\/news-source?post=35268"},{"taxonomy":"is_homepage","embeddable":true,"href":"https:\/\/euapp01.newsmemory.com\/lamarseillaise\/news\/wp-json\/wp\/v2\/is_homepage?post=35268"},{"taxonomy":"ta_other","embeddable":true,"href":"https:\/\/euapp01.newsmemory.com\/lamarseillaise\/news\/wp-json\/wp\/v2\/ta_other?post=35268"}],"curies":[{"name":"wp","href":"https:\/\/api.w.org\/{rel}","templated":true}]}}