{"id":35265,"date":"2026-07-04T14:57:00","date_gmt":"2026-07-04T12:57:00","guid":{"rendered":"https:\/\/euapp01.newsmemory.com\/lamarseillaise\/news\/?p=35265"},"modified":"2026-07-09T08:01:59","modified_gmt":"2026-07-09T06:01:59","slug":"fermeture-de-la-maternite-privee-de-sete-les-salariees-prises-en-etau","status":"publish","type":"post","link":"https:\/\/euapp01.newsmemory.com\/lamarseillaise\/news\/2026\/07\/04\/fermeture-de-la-maternite-privee-de-sete-les-salariees-prises-en-etau\/","title":{"rendered":"Fermeture de la maternit\u00e9 priv\u00e9e de S\u00e8te : les salari\u00e9es prises en \u00e9tau"},"content":{"rendered":"<div class=\"paragraph\">\n<p>Avec un nombre de naissances insuffisant pour assurer la rentabilit\u00e9 du service, la fermeture de la maternit\u00e9 priv\u00e9e de la polyclinique Sainte-Th\u00e9r\u00e8se, \u00e0 S\u00e8te, avait \u00e9t\u00e9 annonc\u00e9e d\u00e8s le d\u00e9but de l\u2019ann\u00e9e 2026. Ce mercredi 1<sup>er<\/sup>\u00a0juillet, la maternit\u00e9 a donc d\u00e9finitivement baiss\u00e9 le rideau. Seulement, contrairement \u00e0 ce qui avait \u00e9t\u00e9 annonc\u00e9 par la direction de l\u2019\u00e9tablissement, aucune fusion n\u2019est encore act\u00e9e avec les h\u00f4pitaux du bassin de Thau. C\u2019est ainsi que huit salari\u00e9es (quatre aides-soignantes et quatre sages-femmes) se retrouvent dans l\u2019incapacit\u00e9 de travailler alors que leur contrat de travail n\u2019est pas encore officiellement rompu.<\/p>\n<p><i>\u00ab<\/i><i>\u00a0<\/i><i>C\u2019est une situation ubuesque juridiquement et dramatique humainement<\/i><i>\u00a0<\/i>\u00bb, ass\u00e8ne M<sup>e<\/sup>\u00a0Fabien Bartelli, avocat au barreau de Montpellier et repr\u00e9sentant des huit salari\u00e9es. <i>\u00ab<\/i><i>\u00a0<\/i><i>Mes clientes sont otages d\u2019une situation qui les d\u00e9passe compl\u00e8tement, tandis que la clinique, l\u2019h\u00f4pital et l\u2019ARS se renvoient la responsabilit\u00e9 concernant cette rupture abusive de contrat.<\/i><i>\u00a0<\/i><i>\u00bb<\/i> Alors que la polyclinique Sainte-Th\u00e9r\u00e8se avait initialement annonc\u00e9 une fusion avec les h\u00f4pitaux du bassin de Thau, l\u2019ARS a tenu \u00e0 r\u00e9affirmer dans un communiqu\u00e9 du 26\u00a0juin qu\u2019elle <i>\u00ab<\/i><i>\u00a0<\/i><i>n\u2019a jamais valid\u00e9 le principe d\u2019un transfert d\u2019activit\u00e9<\/i><i>\u00a0<\/i><i>\u00bb. <\/i>Selon l\u2019organisme, les discussions entam\u00e9es ces derniers mois <i>\u00ab<\/i><i>\u00a0<\/i><i>visaient \u00e0 anticiper cette d\u00e9cision priv\u00e9e et \u00e0 garantir la continuit\u00e9 de l\u2019activit\u00e9 obst\u00e9tricale dans le d\u00e9partement, mais ne constituent en rien un accord implicite de &#8220;transfert&#8221;, \u00e0 proprement parler, de l\u2019activit\u00e9 obst\u00e9tricale<\/i><i>\u00a0<\/i><i>\u00bb.<\/i><\/p>\n<\/p><\/div>\n<div class=\"intext\"> Assumer la charge financi\u00e8re des salari\u00e9es\n              <\/div>\n<div class=\"paragraph\">\n<p>Le jour m\u00eame, la polyclinique Sainte-Th\u00e9r\u00e8se r\u00e9pondait \u00e0 l\u2019ARS par son propre communiqu\u00e9, affirmant regretter<i> \u00ab<\/i><i>\u00a0<\/i><i>que les \u00e9changes engag\u00e9s depuis plusieurs mois soient aujourd\u2019hui pr\u00e9sent\u00e9s d\u2019une mani\u00e8re qui ne correspond pas \u00e0 la r\u00e9alit\u00e9 des travaux men\u00e9s conjointement<\/i><i>\u00a0<\/i><i>\u00bb.<\/i><\/p>\n<p>Fran\u00e7ois Mengin Lecreulx, directeur g\u00e9n\u00e9ral de l\u2019ARS Occitanie, se dit tr\u00e8s pr\u00e9occup\u00e9 par la situation. <i>\u00ab<\/i><i>\u00a0<\/i><i>Ce n\u2019est pas au contribuable de payer pour le plan social d\u2019une entreprise priv\u00e9e,<\/i> affirme-t-il. <i>La clinique voudrait qu\u2019on transf\u00e8re toutes les salari\u00e9es vers les h\u00f4pitaux du bassin de Thau, mais ce n\u2019est malheureusement pas possible. Nous avions entam\u00e9 des discussions depuis un peu plus de deux semaines pour trouver des solutions, quand nous avons appris par la presse que la maternit\u00e9 comptait sur une fusion d\u00e8s sa fermeture le 1<\/i><i><sup>er<\/sup><\/i><i>\u00a0<\/i><i>juillet, alors qu\u2019aucun accord n\u2019a \u00e9t\u00e9 sign\u00e9<\/i>.\u00a0\u00bb Il pourrait s\u2019agir, selon lui, d\u2019une \u00ab<i>\u00a0<\/i><i>incompr\u00e9hension<\/i><i>\u00a0<\/i>\u00bb de la part de la clinique.<\/p>\n<p>S\u00e9bastien Mazel, lui, est secr\u00e9taire d\u00e9partemental du syndicat Force ouvri\u00e8re Sant\u00e9 (FO) dans l\u2019H\u00e9rault. <i>\u00ab<\/i><i>\u00a0<\/i><i>Au fur et \u00e0 mesure que le dossier avan\u00e7ait, nous nous sommes aper\u00e7us que les h\u00f4pitaux du bassin de Thau n\u2019\u00e9taient pas en capacit\u00e9 d\u2019absorber tout le personnel de la maternit\u00e9 priv\u00e9e, <\/i>explique-t-il. <i>La clinique a donc souhait\u00e9 proc\u00e9der \u00e0 une fusion, remettant ainsi \u00e0 la charge des h\u00f4pitaux d\u2019assumer les potentielles radiations de cadres ou les d\u00e9missions.<\/i><i>\u00a0<\/i><i>\u00bb<\/i><\/p>\n<p>Contact\u00e9e, la clinique Sainte-Th\u00e9r\u00e8se n\u2019a pas donn\u00e9 suite \u00e0 nos sollicitations. De son c\u00f4t\u00e9, M<sup>e<\/sup> Bartelli affirme que sur le bulletin de salaire du mois de juin de ses clientes figure une date de sortie au 30\u00a0juin 2026. <i>\u00ab<\/i><i>\u00a0<\/i><i>Cela correspond \u00e0 l\u2019argumentaire de la clinique qui pr\u00e9voyait une fusion au 1<\/i><i><sup>er<\/sup><\/i><i>\u00a0<\/i><i>juillet. Seulement, de fait, mes clientes n\u2019ont pas rompu leur contrat et elles n\u2019ont \u00e9t\u00e9 replac\u00e9es ni \u00e0 l\u2019h\u00f4pital, ni \u00e0 la clinique.<\/i><i>\u00a0<\/i><i>\u00bb<\/i><\/p>\n<p>L\u2019ultimatum est lanc\u00e9\u00a0: <i>\u00ab<\/i><i>\u00a0<\/i><i>Nous allons laisser quelques jours \u00e0 tout le monde pour proposer une solution juridique et humaine. Si rien n\u2019est fait dans une quinzaine de jours, je saisirai les juridictions comp\u00e9tentes.<\/i><i>\u00a0<\/i><i>\u00bb<\/i><\/p>\n<\/p><\/div>\n","protected":false},"excerpt":{"rendered":"Avec un nombre de naissances insuffisant pour assurer la rentabilit&eacute; du service, la fermeture de la maternit&eacute; priv&eacute;e de la polyclinique Sainte-Th&eacute;r&egrave;se, &agrave; S&egrave;te, avait &eacute;t&eacute; annonc&eacute;e &#8230;","protected":false},"author":1,"featured_media":35266,"comment_status":"open","ping_status":"open","sticky":false,"template":"","format":"standard","meta":{"footnotes":""},"categories":[3926,3925,20],"tags":[239,361,362,2891,1535,3853,429],"news-destination":[3944],"news-source":[475],"is_homepage":[],"ta_other":[],"class_list":["post-35265","post","type-post","status-publish","format-standard","has-post-thumbnail","hentry","category-accueil-merge","category-accueil-third","category-societe","tag-herault","tag-hopital-public","tag-hopitaux","tag-maternite","tag-plan-social","tag-sages-femmes","tag-sete","news-destination-homepage","news-source-website"],"_links":{"self":[{"href":"https:\/\/euapp01.newsmemory.com\/lamarseillaise\/news\/wp-json\/wp\/v2\/posts\/35265","targetHints":{"allow":["GET"]}}],"collection":[{"href":"https:\/\/euapp01.newsmemory.com\/lamarseillaise\/news\/wp-json\/wp\/v2\/posts"}],"about":[{"href":"https:\/\/euapp01.newsmemory.com\/lamarseillaise\/news\/wp-json\/wp\/v2\/types\/post"}],"author":[{"embeddable":true,"href":"https:\/\/euapp01.newsmemory.com\/lamarseillaise\/news\/wp-json\/wp\/v2\/users\/1"}],"replies":[{"embeddable":true,"href":"https:\/\/euapp01.newsmemory.com\/lamarseillaise\/news\/wp-json\/wp\/v2\/comments?post=35265"}],"version-history":[{"count":1,"href":"https:\/\/euapp01.newsmemory.com\/lamarseillaise\/news\/wp-json\/wp\/v2\/posts\/35265\/revisions"}],"predecessor-version":[{"id":35267,"href":"https:\/\/euapp01.newsmemory.com\/lamarseillaise\/news\/wp-json\/wp\/v2\/posts\/35265\/revisions\/35267"}],"wp:featuredmedia":[{"embeddable":true,"href":"https:\/\/euapp01.newsmemory.com\/lamarseillaise\/news\/wp-json\/wp\/v2\/media\/35266"}],"wp:attachment":[{"href":"https:\/\/euapp01.newsmemory.com\/lamarseillaise\/news\/wp-json\/wp\/v2\/media?parent=35265"}],"wp:term":[{"taxonomy":"category","embeddable":true,"href":"https:\/\/euapp01.newsmemory.com\/lamarseillaise\/news\/wp-json\/wp\/v2\/categories?post=35265"},{"taxonomy":"post_tag","embeddable":true,"href":"https:\/\/euapp01.newsmemory.com\/lamarseillaise\/news\/wp-json\/wp\/v2\/tags?post=35265"},{"taxonomy":"news-destination","embeddable":true,"href":"https:\/\/euapp01.newsmemory.com\/lamarseillaise\/news\/wp-json\/wp\/v2\/news-destination?post=35265"},{"taxonomy":"news-source","embeddable":true,"href":"https:\/\/euapp01.newsmemory.com\/lamarseillaise\/news\/wp-json\/wp\/v2\/news-source?post=35265"},{"taxonomy":"is_homepage","embeddable":true,"href":"https:\/\/euapp01.newsmemory.com\/lamarseillaise\/news\/wp-json\/wp\/v2\/is_homepage?post=35265"},{"taxonomy":"ta_other","embeddable":true,"href":"https:\/\/euapp01.newsmemory.com\/lamarseillaise\/news\/wp-json\/wp\/v2\/ta_other?post=35265"}],"curies":[{"name":"wp","href":"https:\/\/api.w.org\/{rel}","templated":true}]}}