{"id":35262,"date":"2026-07-04T14:59:00","date_gmt":"2026-07-04T12:59:00","guid":{"rendered":"https:\/\/euapp01.newsmemory.com\/lamarseillaise\/news\/?p=35262"},"modified":"2026-07-09T08:14:43","modified_gmt":"2026-07-09T06:14:43","slug":"la-famille-nicollin-garde-la-main","status":"publish","type":"post","link":"https:\/\/euapp01.newsmemory.com\/lamarseillaise\/news\/2026\/07\/04\/la-famille-nicollin-garde-la-main\/","title":{"rendered":"La famille Nicollin garde la main"},"content":{"rendered":"<div class=\"paragraph\">\n<p>Ils ont fix\u00e9 un rendez-vous au mardi 7 juillet. Laurent et Olivier Nicollin, respectivement pr\u00e9sident du Montpellier H\u00e9rault et patron de l\u2019entreprise \u00e9ponyme de nettoiement, s\u2019expliqueront sur l\u2019avenir du club et la vente avort\u00e9e.<\/p>\n<p>Les deux successeurs de Louis Nicollin, pr\u00e9sident-fondateur de la Paillade, restent pour l\u2019heure aux commandes d\u2019un club dont ils ont ouvert le capital en mars 2025 afin de s\u2019en s\u00e9parer pour tout ou partie.<\/p>\n<p>Lundi 29 juin, quelques jours apr\u00e8s la reprise de l\u2019entra\u00eenement, ils ont \u00e9clairci leur position aupr\u00e8s du staff sportif, des joueurs et de l\u2019environnement du club pour prolonger leur bail \u00e0 la t\u00eate du MHSC, entam\u00e9 en 1974. \u00ab\u00a0<i>Apr\u00e8s des mois de r\u00e9flexion, une conviction s\u2019est impos\u00e9e \u00e0 nous. Notre histoire avec le MHSC n\u2019\u00e9tait pas termin\u00e9e<\/i>\u00a0\u00bb, ont-ils indiqu\u00e9 dans un long communiqu\u00e9. \u00ab\u00a0<i>Depuis cinquante-deux ans, le MHSC est bien plus qu\u2019un club de football pour notre famille. C\u2019est une histoire de travail, d\u2019engagement et de responsabilit\u00e9 commenc\u00e9e en 1974 par notre p\u00e8re, Louis Nicollin<\/i>\u00a0\u00bb, ont-ils poursuivi.<\/p>\n<p>La famille Nicollin n\u2019a pas abouti dans les n\u00e9gociations de vente avec un fonds d\u2019investissement anglais, GSS, qui avait comme figure de proue l\u2019ancien international allemand\u00a0: Ilkay G\u00fcndogan. Depuis septembre, elle avait acc\u00e9l\u00e9r\u00e9 dans son processus de vente en confiant ce projet \u00e0 une banque d\u2019affaires. Trois ou quatre repreneurs \u00e9trangers avaient alors fait part de leur int\u00e9r\u00eat pour racheter le club h\u00e9raultais class\u00e9 \u00e0 la 8e place de la Ligue 2 et finaliste de la Coupe Gambardella.<\/p>\n<p>Est-ce un \u00e9chec dans le processus de vente\u00a0? Ou est-ce seulement une suspension act\u00e9e \u00e0 l\u2019aube de la reprise de la saison afin de rassurer les divers acteurs sportifs\u00a0? Leur possible retrait, qui a provoqu\u00e9 un r\u00e9el \u00e9moi, a-t-il g\u00e9n\u00e9r\u00e9 une prise de conscience \u00e0 Montpellier et la r\u00e9gion\u00a0? Tout est possible au regard de leur r\u00e9flexion. \u00ab\u00a0<i>Nous croyons profond\u00e9ment que l\u2019identit\u00e9 du MHSC est indissociable de celle de notre Ville. C\u2019est cette conviction qui nous conduit aujourd\u2019hui \u00e0 poursuivre notre engagement. Nous savons les efforts que cette d\u00e9cision exigera. Nous connaissons les d\u00e9fis qui nous attendent. Nous les assumons avec lucidit\u00e9 et d\u00e9termination<\/i>\u00a0\u00bb, estiment-ils.<\/p>\n<p>\u00ab\u00a0<i>Cette ambition ne pourra se construire qu\u2019en rassemblant. Le football moderne impose de savoir f\u00e9d\u00e9rer des comp\u00e9tences, des \u00e9nergies et des partenaires autour d\u2019un projet commun. Le moment venu, nous serons ouverts \u00e0 accueillir \u00e0 nos c\u00f4t\u00e9s des femmes et des hommes qui partageront notre vision, nos valeurs et notre attachement au territoire, dans le respect de l\u2019identit\u00e9 du MHSC<\/i><i>\u00a0<\/i>\u00bb, pr\u00e9cisent-ils, laissant la porte ouverte \u00e0 l\u2019ouverture du capital de leur club.<\/p>\n<p>Mardi 7\u00a0juillet, le patron du sportif et celui de l\u2019entreprise seront en mesure de lever certaines ambigu\u00eft\u00e9s. Ou pas. L\u2019entra\u00eeneur Zoumana Camara, qui d\u00e9sire disposer \u00ab\u00a0<i>d\u2019une \u00e9quipe comp\u00e9titive<\/i><i>\u00a0<\/i>\u00bb en Ligue 2, sera attentif aux mots des deux frangins.<\/p>\n<\/p><\/div>\n","protected":false},"excerpt":{"rendered":"Ils ont fix&eacute; un rendez-vous au mardi 7 juillet. Laurent et Olivier Nicollin, respectivement pr&eacute;sident du Montpellier H&eacute;rault et patron de l&rsquo;entreprise &eacute;ponyme de nettoiement, s&rsquo;expliqueront sur l&rsquo;avenir &#8230;","protected":false},"author":1,"featured_media":35263,"comment_status":"open","ping_status":"open","sticky":false,"template":"","format":"standard","meta":{"footnotes":""},"categories":[3926,3925,7],"tags":[5820,13,239,280,1835,3151,240,2366,975],"news-destination":[3944],"news-source":[475],"is_homepage":[],"ta_other":[],"class_list":["post-35262","post","type-post","status-publish","format-standard","has-post-thumbnail","hentry","category-accueil-merge","category-accueil-third","category-sports","tag-conference-de-presse","tag-football","tag-herault","tag-histoire","tag-laurent-nicollin","tag-mhsc","tag-montpellier","tag-paillade","tag-sportifs","news-destination-homepage","news-source-website"],"_links":{"self":[{"href":"https:\/\/euapp01.newsmemory.com\/lamarseillaise\/news\/wp-json\/wp\/v2\/posts\/35262","targetHints":{"allow":["GET"]}}],"collection":[{"href":"https:\/\/euapp01.newsmemory.com\/lamarseillaise\/news\/wp-json\/wp\/v2\/posts"}],"about":[{"href":"https:\/\/euapp01.newsmemory.com\/lamarseillaise\/news\/wp-json\/wp\/v2\/types\/post"}],"author":[{"embeddable":true,"href":"https:\/\/euapp01.newsmemory.com\/lamarseillaise\/news\/wp-json\/wp\/v2\/users\/1"}],"replies":[{"embeddable":true,"href":"https:\/\/euapp01.newsmemory.com\/lamarseillaise\/news\/wp-json\/wp\/v2\/comments?post=35262"}],"version-history":[{"count":1,"href":"https:\/\/euapp01.newsmemory.com\/lamarseillaise\/news\/wp-json\/wp\/v2\/posts\/35262\/revisions"}],"predecessor-version":[{"id":35264,"href":"https:\/\/euapp01.newsmemory.com\/lamarseillaise\/news\/wp-json\/wp\/v2\/posts\/35262\/revisions\/35264"}],"wp:featuredmedia":[{"embeddable":true,"href":"https:\/\/euapp01.newsmemory.com\/lamarseillaise\/news\/wp-json\/wp\/v2\/media\/35263"}],"wp:attachment":[{"href":"https:\/\/euapp01.newsmemory.com\/lamarseillaise\/news\/wp-json\/wp\/v2\/media?parent=35262"}],"wp:term":[{"taxonomy":"category","embeddable":true,"href":"https:\/\/euapp01.newsmemory.com\/lamarseillaise\/news\/wp-json\/wp\/v2\/categories?post=35262"},{"taxonomy":"post_tag","embeddable":true,"href":"https:\/\/euapp01.newsmemory.com\/lamarseillaise\/news\/wp-json\/wp\/v2\/tags?post=35262"},{"taxonomy":"news-destination","embeddable":true,"href":"https:\/\/euapp01.newsmemory.com\/lamarseillaise\/news\/wp-json\/wp\/v2\/news-destination?post=35262"},{"taxonomy":"news-source","embeddable":true,"href":"https:\/\/euapp01.newsmemory.com\/lamarseillaise\/news\/wp-json\/wp\/v2\/news-source?post=35262"},{"taxonomy":"is_homepage","embeddable":true,"href":"https:\/\/euapp01.newsmemory.com\/lamarseillaise\/news\/wp-json\/wp\/v2\/is_homepage?post=35262"},{"taxonomy":"ta_other","embeddable":true,"href":"https:\/\/euapp01.newsmemory.com\/lamarseillaise\/news\/wp-json\/wp\/v2\/ta_other?post=35262"}],"curies":[{"name":"wp","href":"https:\/\/api.w.org\/{rel}","templated":true}]}}