{"id":35259,"date":"2026-07-04T15:19:00","date_gmt":"2026-07-04T13:19:00","guid":{"rendered":"https:\/\/euapp01.newsmemory.com\/lamarseillaise\/news\/?p=35259"},"modified":"2026-07-09T08:29:22","modified_gmt":"2026-07-09T06:29:22","slug":"un-week-end-de-spectacles-en-plein-air-a-montpellier","status":"publish","type":"post","link":"https:\/\/euapp01.newsmemory.com\/lamarseillaise\/news\/2026\/07\/04\/un-week-end-de-spectacles-en-plein-air-a-montpellier\/","title":{"rendered":"Un week-end de spectacles en plein air \u00e0 Montpellier"},"content":{"rendered":"<div class=\"paragraph\">\n<p>\u00ab<i>\u00a0<\/i><i>En r\u00e9unissant danse contemporaine, musique symphonique et musiques actuelles sur l\u2019espace public, la Ville propose des rendez-vous culturels qui t\u00e9moignent de la richesse et de la diversit\u00e9 de la cr\u00e9ation \u00e0 Montpellier<\/i><i>\u00a0<\/i><i>\u00bb<\/i>, fait valoir la collectivit\u00e9.<\/p>\n<p><b>&#8211; Vendredi 3<\/b><b>\u00a0<\/b><b>juillet \u00e0 20h<\/b>, <b>Montpellier Danse investira la place de l\u2019Europe<\/b> avec un extrait de \u00ab\u00a0Rave Lucid\u00a0\u00bb, de la compagnie MazelFreten. Port\u00e9 par dix interpr\u00e8tes, le spectacle raconte l\u2019univers de la f\u00eate, l\u2019hypnose, le l\u00e2cher-prise jusqu\u2019\u00e0 la transe. Inspir\u00e9 par l\u2019univers des battles, il entend rendre un bel hommage \u00e0 la communaut\u00e9 \u00e9lectro. Cette performance sera suivie d\u2019un DJ\u00a0set, qui invite \u00e0 lib\u00e9rer l\u2019esprit et remuer le corps.<\/p>\n<p><i>* Gratuit, dans la limite des capacit\u00e9s d\u2018accueil.<\/i><\/p>\n<p><i><\/i><\/p>\n<p>&#8211; <b>Dimanche 5<\/b><b>\u00a0<\/b><b>juillet \u00e0 21h, place de l\u2019Europe, l\u2019Orchestre national de Montpellier Occitanie<\/b> ouvrira, comme chaque ann\u00e9e, le festival Radio France Occitanie Montpellier avec un grand concert symphonique consacr\u00e9 aux musiques de film. Sous la direction de Chlo\u00e9 Dufresne, le programme mettra \u00e0 l\u2019honneur les \u0153uvres de compositeurs incontournables tels que Max Steiner, John Williams, James Horner ou Ennio Morricone, ainsi que de grands ma\u00eetres du r\u00e9pertoire classique.<\/p>\n<p><i>* Gratuit, dans la limite des capacit\u00e9s d\u2018accueil.<\/i><\/p>\n<p><i><\/i><\/p>\n<p>&#8211; <b>Vendredi<\/b><b>\u00a0<\/b><b>3 et samedi 4<\/b><b>\u00a0<\/b><b>juillet \u00e0 partir de 17h, la deuxi\u00e8me \u00e9dition du \u00ab<\/b><b>\u00a0<\/b><b>Club Peyrou<\/b><b>\u00a0<\/b><b>\u00bb<\/b>, un rendez-vous autour des musiques \u00e9lectroniques port\u00e9 par le Rockstore et le collectif My Life is a week-end, se tiendra sur la place royale du Peyrou. Le public pourra profiter de deux sc\u00e8nes \u00e0 ciel ouvert r\u00e9unissant plusieurs artistes majeurs de la sc\u00e8ne actuelle dont The Blaze, Worakls, Kompromat, NTO, Kazy Lambist ou encore Cebb.<\/p>\n<p><i>* Payant, dans la limite des places disponibles.<\/i><\/p>\n<p><i><\/i><\/p>\n<p><i>\u00ab<\/i><i>\u00a0<\/i><i>\u00c0 travers cette programmation, la Ville de Montpellier affirme sa volont\u00e9 de rendre la culture accessible au plus grand nombre tout en valorisant des sites patrimoniaux embl\u00e9matiques<\/i><i>\u00a0<\/i><i>\u00bb<\/i>,<br \/>se f\u00e9licite la collectivit\u00e9.<\/p>\n<p><b>LM<\/b><\/p>\n<\/p><\/div>\n","protected":false},"excerpt":{"rendered":"&laquo;&nbsp;En r&eacute;unissant danse contemporaine, musique symphonique et musiques actuelles sur l&rsquo;espace public, la Ville propose des rendez-vous culturels qui t&eacute;moignent de la richesse et de la diversit&eacute; de la &#8230;","protected":false},"author":1,"featured_media":35260,"comment_status":"open","ping_status":"open","sticky":false,"template":"","format":"standard","meta":{"footnotes":""},"categories":[3926,3925,32],"tags":[1879,239,2822,240,1993,1239,4599,129],"news-destination":[3944],"news-source":[475],"is_homepage":[],"ta_other":[],"class_list":["post-35259","post","type-post","status-publish","format-standard","has-post-thumbnail","hentry","category-accueil-merge","category-accueil-third","category-culture","tag-gastronomie","tag-herault","tag-mecenat","tag-montpellier","tag-oeuvres-dart","tag-opera","tag-opera-orchestre-de-montpellier","tag-vente-aux-encheres","news-destination-homepage","news-source-website"],"_links":{"self":[{"href":"https:\/\/euapp01.newsmemory.com\/lamarseillaise\/news\/wp-json\/wp\/v2\/posts\/35259","targetHints":{"allow":["GET"]}}],"collection":[{"href":"https:\/\/euapp01.newsmemory.com\/lamarseillaise\/news\/wp-json\/wp\/v2\/posts"}],"about":[{"href":"https:\/\/euapp01.newsmemory.com\/lamarseillaise\/news\/wp-json\/wp\/v2\/types\/post"}],"author":[{"embeddable":true,"href":"https:\/\/euapp01.newsmemory.com\/lamarseillaise\/news\/wp-json\/wp\/v2\/users\/1"}],"replies":[{"embeddable":true,"href":"https:\/\/euapp01.newsmemory.com\/lamarseillaise\/news\/wp-json\/wp\/v2\/comments?post=35259"}],"version-history":[{"count":2,"href":"https:\/\/euapp01.newsmemory.com\/lamarseillaise\/news\/wp-json\/wp\/v2\/posts\/35259\/revisions"}],"predecessor-version":[{"id":35274,"href":"https:\/\/euapp01.newsmemory.com\/lamarseillaise\/news\/wp-json\/wp\/v2\/posts\/35259\/revisions\/35274"}],"wp:featuredmedia":[{"embeddable":true,"href":"https:\/\/euapp01.newsmemory.com\/lamarseillaise\/news\/wp-json\/wp\/v2\/media\/35260"}],"wp:attachment":[{"href":"https:\/\/euapp01.newsmemory.com\/lamarseillaise\/news\/wp-json\/wp\/v2\/media?parent=35259"}],"wp:term":[{"taxonomy":"category","embeddable":true,"href":"https:\/\/euapp01.newsmemory.com\/lamarseillaise\/news\/wp-json\/wp\/v2\/categories?post=35259"},{"taxonomy":"post_tag","embeddable":true,"href":"https:\/\/euapp01.newsmemory.com\/lamarseillaise\/news\/wp-json\/wp\/v2\/tags?post=35259"},{"taxonomy":"news-destination","embeddable":true,"href":"https:\/\/euapp01.newsmemory.com\/lamarseillaise\/news\/wp-json\/wp\/v2\/news-destination?post=35259"},{"taxonomy":"news-source","embeddable":true,"href":"https:\/\/euapp01.newsmemory.com\/lamarseillaise\/news\/wp-json\/wp\/v2\/news-source?post=35259"},{"taxonomy":"is_homepage","embeddable":true,"href":"https:\/\/euapp01.newsmemory.com\/lamarseillaise\/news\/wp-json\/wp\/v2\/is_homepage?post=35259"},{"taxonomy":"ta_other","embeddable":true,"href":"https:\/\/euapp01.newsmemory.com\/lamarseillaise\/news\/wp-json\/wp\/v2\/ta_other?post=35259"}],"curies":[{"name":"wp","href":"https:\/\/api.w.org\/{rel}","templated":true}]}}