{"id":35247,"date":"2026-07-04T07:31:00","date_gmt":"2026-07-04T05:31:00","guid":{"rendered":"https:\/\/euapp01.newsmemory.com\/lamarseillaise\/news\/?p=35247"},"modified":"2026-07-04T13:57:26","modified_gmt":"2026-07-04T11:57:26","slug":"jessica-meskens-lavenir-de-la-selection-belge","status":"publish","type":"post","link":"https:\/\/euapp01.newsmemory.com\/lamarseillaise\/news\/2026\/07\/04\/jessica-meskens-lavenir-de-la-selection-belge\/","title":{"rendered":"Jessica Meskens, l\u2019avenir de la s\u00e9lection belge"},"content":{"rendered":"<div class=\"paragraph\">\n<p>M\u00eame apr\u00e8s sa deuxi\u00e8me victoire en phase de poules, vendredi matin, Jessica Meskens peinait encore \u00e0 r\u00e9aliser la difficult\u00e9 des terrains du Parc Bor\u00e9ly. L\u2019internationale belge de 27\u00a0ans, m\u00e9daill\u00e9e de bronze aux championnats du monde 2025 et triple championne d\u2019Europe, disputait cette ann\u00e9e son tout premier Mondial La\u00a0Marseillaise \u00e0 p\u00e9tanque. Initialement, la Bruxelloise devait former une \u00e9quipe avec la figure de proue de la p\u00e9tanque belge, Nancy Barzin, et l\u2019influenceuse nordiste Hillary Vanderosieren. Mais le forfait de ses deux partenaires l\u2019a contrainte \u00e0 revoir ses plans.<\/p>\n<\/p><\/div>\n<div class=\"intext\"> Adoub\u00e9e par Weibel\n              <\/div>\n<div class=\"paragraph\">\n<p>Habitu\u00e9e aux plus grandes \u00e9ch\u00e9ances internationales, Jessica Meskens poss\u00e8de une palette technique particuli\u00e8rement compl\u00e8te. Aussi performante \u00e0 l\u2019appoint qu\u2019au tir, elle fait d\u00e9j\u00e0 l\u2019unanimit\u00e9 chez les observateurs belges. \u00ab\u00a0<i>C\u2019est une superbe joueuse<\/i><i>\u00a0<\/i>\u00bb, assure Claudy Weibel, pr\u00e9sent au bord des jeux pour encourager l\u2019une de ses prot\u00e9g\u00e9es. \u00ab\u00a0<i>Elle va progressivement devenir un \u00e9l\u00e9ment incontournable de l\u2019\u00e9quipe nationale belge<\/i>\u00a0\u00bb, estime la l\u00e9gende de la p\u00e9tanque belge, qui disputera le concours principal dimanche aux c\u00f4t\u00e9s de Didier Chagneau et Logan Baton. \u00ab\u00a0<i>Elle doit s\u2019endurcir, et sa pr\u00e9sence sur les grands concours fran\u00e7ais va justement lui permettre de franchir ce cap<\/i><i>\u00a0<\/i>\u00bb, glisse Claudy Weibel. Son analyse s\u2019est r\u00e9v\u00e9l\u00e9e juste lors du duel entre les Belges et l\u2019\u00e9quipe de France de Cindy Peyrot, o\u00f9 cette derni\u00e8re a pris le dessus, vendredi, en fin de journ\u00e9e.<\/p>\n<\/p><\/div>\n","protected":false},"excerpt":{"rendered":"M&ecirc;me apr&egrave;s sa deuxi&egrave;me victoire en phase de poules, vendredi matin, Jessica Meskens peinait encore &agrave; r&eacute;aliser la difficult&eacute; des terrains du Parc Bor&eacute;ly. L&rsquo;internationale belge de 27&nbsp;ans, &#8230;","protected":false},"author":1,"featured_media":35248,"comment_status":"open","ping_status":"open","sticky":false,"template":"","format":"standard","meta":{"footnotes":""},"categories":[7],"tags":[],"news-destination":[],"news-source":[475],"is_homepage":[],"ta_other":[],"class_list":["post-35247","post","type-post","status-publish","format-standard","has-post-thumbnail","hentry","category-sports","news-source-website"],"_links":{"self":[{"href":"https:\/\/euapp01.newsmemory.com\/lamarseillaise\/news\/wp-json\/wp\/v2\/posts\/35247","targetHints":{"allow":["GET"]}}],"collection":[{"href":"https:\/\/euapp01.newsmemory.com\/lamarseillaise\/news\/wp-json\/wp\/v2\/posts"}],"about":[{"href":"https:\/\/euapp01.newsmemory.com\/lamarseillaise\/news\/wp-json\/wp\/v2\/types\/post"}],"author":[{"embeddable":true,"href":"https:\/\/euapp01.newsmemory.com\/lamarseillaise\/news\/wp-json\/wp\/v2\/users\/1"}],"replies":[{"embeddable":true,"href":"https:\/\/euapp01.newsmemory.com\/lamarseillaise\/news\/wp-json\/wp\/v2\/comments?post=35247"}],"version-history":[{"count":1,"href":"https:\/\/euapp01.newsmemory.com\/lamarseillaise\/news\/wp-json\/wp\/v2\/posts\/35247\/revisions"}],"predecessor-version":[{"id":35249,"href":"https:\/\/euapp01.newsmemory.com\/lamarseillaise\/news\/wp-json\/wp\/v2\/posts\/35247\/revisions\/35249"}],"wp:featuredmedia":[{"embeddable":true,"href":"https:\/\/euapp01.newsmemory.com\/lamarseillaise\/news\/wp-json\/wp\/v2\/media\/35248"}],"wp:attachment":[{"href":"https:\/\/euapp01.newsmemory.com\/lamarseillaise\/news\/wp-json\/wp\/v2\/media?parent=35247"}],"wp:term":[{"taxonomy":"category","embeddable":true,"href":"https:\/\/euapp01.newsmemory.com\/lamarseillaise\/news\/wp-json\/wp\/v2\/categories?post=35247"},{"taxonomy":"post_tag","embeddable":true,"href":"https:\/\/euapp01.newsmemory.com\/lamarseillaise\/news\/wp-json\/wp\/v2\/tags?post=35247"},{"taxonomy":"news-destination","embeddable":true,"href":"https:\/\/euapp01.newsmemory.com\/lamarseillaise\/news\/wp-json\/wp\/v2\/news-destination?post=35247"},{"taxonomy":"news-source","embeddable":true,"href":"https:\/\/euapp01.newsmemory.com\/lamarseillaise\/news\/wp-json\/wp\/v2\/news-source?post=35247"},{"taxonomy":"is_homepage","embeddable":true,"href":"https:\/\/euapp01.newsmemory.com\/lamarseillaise\/news\/wp-json\/wp\/v2\/is_homepage?post=35247"},{"taxonomy":"ta_other","embeddable":true,"href":"https:\/\/euapp01.newsmemory.com\/lamarseillaise\/news\/wp-json\/wp\/v2\/ta_other?post=35247"}],"curies":[{"name":"wp","href":"https:\/\/api.w.org\/{rel}","templated":true}]}}