{"id":35244,"date":"2026-07-04T11:43:00","date_gmt":"2026-07-04T09:43:00","guid":{"rendered":"https:\/\/euapp01.newsmemory.com\/lamarseillaise\/news\/?p=35244"},"modified":"2026-07-04T13:57:26","modified_gmt":"2026-07-04T11:57:26","slug":"saint-barth-est-present-au-rendez-vous","status":"publish","type":"post","link":"https:\/\/euapp01.newsmemory.com\/lamarseillaise\/news\/2026\/07\/04\/saint-barth-est-present-au-rendez-vous\/","title":{"rendered":"Saint-Barth\u2019 est pr\u00e9sent au rendez-vous"},"content":{"rendered":"<div class=\"paragraph\">\n<p>Les palmiers dessin\u00e9s sur le c\u00f4t\u00e9 gauche de leurs maillots blancs ne laissaient gu\u00e8re de place au doute. Deux cadets engag\u00e9s au Troph\u00e9e Cr\u00e9dit Mutuel Mondial des Jeunes ont travers\u00e9 l\u2019Atlantique depuis Saint-Barth\u00e9lemy et Saint-Martin pour prendre part \u00e0 la f\u00eate. Ce vendredi apr\u00e8s-midi, aux alentours de 14h30, ils ont entam\u00e9 leur tournoi par une victoire 13-10 face \u00e0 une \u00e9quipe de Vitrolles.<\/p>\n<p>Les \u00celes du Nord sont les derni\u00e8res arriv\u00e9es dans le paysage fran\u00e7ais de la p\u00e9tanque. \u00c9milie Aubin accompagne ces jeunes de moins de 15\u00a0ans et explique comment la discipline est structur\u00e9e dans cette collectivit\u00e9 d\u2019outre-mer\u00a0: \u00ab\u00a0<i>Nous sommes le dernier comit\u00e9 cr\u00e9\u00e9 par la f\u00e9d\u00e9ration donc on est le CD 989. Il y a trois clubs, deux \u00e0 Saint-Barth\u2019 et un \u00e0 Saint-Martin. La seule \u00e9cole de p\u00e9tanque a \u00e9t\u00e9 ouverte il y a seulement six ans et une autre est en d\u00e9veloppement \u00e0 Saint-Martin.<\/i><i>\u00a0<\/i>\u00bb<i><\/i><\/p>\n<p>Le comit\u00e9 compte environ 300\u00a0membres, dont 20\u00a0jeunes plac\u00e9s dans ladite \u00e9cole de p\u00e9tanque. Les tournois sont peu nombreux dans ce coin des Cara\u00efbes. \u00ab<i>\u00a0<\/i><i>Nous avons un Grand Prix sur chaque \u00eele, Saint-Martin en juin et Saint-Barth\u00e9lemy en octobre. Ce sont des nationaux. Ensuite, on a r\u00e9guli\u00e8rement des concours, des championnats de France. On y envoie plusieurs cat\u00e9gories, dont les doublettes et triplettes mixtes et hommes, ainsi que des jeunes en cadets<\/i><i>\u00a0<\/i>\u00bb, \u00e9claire Emilie Aubin.<\/p>\n<p>L\u2019\u00e9loignement de la m\u00e9tropole, sur des territoires de seulement 25 et 53\u00a0km\u00b2, engendre certaines contraintes sp\u00e9cifiques. Les \u00eeles du Nord ne poss\u00e8dent que des \u00e9quipes cadettes puisqu\u2019il est tout simplement impossible d\u2019avoir des juniors. Saint-Barth\u00e9lemy ne poss\u00e8de pas de lyc\u00e9e et les adolescents de 15-18\u00a0ans sont donc tr\u00e8s peu nombreux, voire absents de l\u2019\u00eele.<\/p>\n<\/p><\/div>\n<div class=\"intext\"> En pr\u00e9paration pour<br \/>\n               <br \/>les championnats de France\n              <\/div>\n<div class=\"paragraph\">\n<p>Celian et Ethan sont associ\u00e9s durant la\u00a0Marseillaise \u00e0 Gianni, venu de l\u2019H\u00e9rault, car leur troisi\u00e8me \u00e9quipier n\u2019a pas vu venir. \u00ab\u00a0<i>Ethan et Celian vont participer \u00e0 leur troisi\u00e8me championnat de France et La<\/i><i>\u00a0<\/i><i>Marseillaise est un peu une mise en bouche \u00e0 une semaine de l\u2019\u00e9ch\u00e9ance<\/i><i>\u00a0<\/i>\u00bb, souffle Emilie Aubin.<\/p>\n<p>Ces comp\u00e9titions en m\u00e9tropole leur permettent d\u2019affronter des jeunes de leur cat\u00e9gorie puisque, outre-Atlantique, ils sont parfois oblig\u00e9s de se confronter \u00e0 des adultes pour s\u2019entra\u00eener. Le Mondial prend tout son sens lorsqu\u2019une petite bande parcourt pr\u00e8s de 7\u00a0000\u00a0km pour jouer \u00e0 la p\u00e9tanque.<\/p>\n<\/p><\/div>\n","protected":false},"excerpt":{"rendered":"Les palmiers dessin&eacute;s sur le c&ocirc;t&eacute; gauche de leurs maillots blancs ne laissaient gu&egrave;re de place au doute. Deux cadets engag&eacute;s au Troph&eacute;e Cr&eacute;dit Mutuel Mondial des Jeunes ont travers&eacute; &#8230;","protected":false},"author":1,"featured_media":35245,"comment_status":"open","ping_status":"open","sticky":false,"template":"","format":"standard","meta":{"footnotes":""},"categories":[7],"tags":[10,5560,16,3332,1013],"news-destination":[],"news-source":[475],"is_homepage":[],"ta_other":[],"class_list":["post-35244","post","type-post","status-publish","format-standard","has-post-thumbnail","hentry","category-sports","tag-bouches-du-rhone","tag-le-mondial-la-marseillaise-2026","tag-marseille","tag-mondial-a-petanque","tag-petanque","news-source-website"],"_links":{"self":[{"href":"https:\/\/euapp01.newsmemory.com\/lamarseillaise\/news\/wp-json\/wp\/v2\/posts\/35244","targetHints":{"allow":["GET"]}}],"collection":[{"href":"https:\/\/euapp01.newsmemory.com\/lamarseillaise\/news\/wp-json\/wp\/v2\/posts"}],"about":[{"href":"https:\/\/euapp01.newsmemory.com\/lamarseillaise\/news\/wp-json\/wp\/v2\/types\/post"}],"author":[{"embeddable":true,"href":"https:\/\/euapp01.newsmemory.com\/lamarseillaise\/news\/wp-json\/wp\/v2\/users\/1"}],"replies":[{"embeddable":true,"href":"https:\/\/euapp01.newsmemory.com\/lamarseillaise\/news\/wp-json\/wp\/v2\/comments?post=35244"}],"version-history":[{"count":1,"href":"https:\/\/euapp01.newsmemory.com\/lamarseillaise\/news\/wp-json\/wp\/v2\/posts\/35244\/revisions"}],"predecessor-version":[{"id":35246,"href":"https:\/\/euapp01.newsmemory.com\/lamarseillaise\/news\/wp-json\/wp\/v2\/posts\/35244\/revisions\/35246"}],"wp:featuredmedia":[{"embeddable":true,"href":"https:\/\/euapp01.newsmemory.com\/lamarseillaise\/news\/wp-json\/wp\/v2\/media\/35245"}],"wp:attachment":[{"href":"https:\/\/euapp01.newsmemory.com\/lamarseillaise\/news\/wp-json\/wp\/v2\/media?parent=35244"}],"wp:term":[{"taxonomy":"category","embeddable":true,"href":"https:\/\/euapp01.newsmemory.com\/lamarseillaise\/news\/wp-json\/wp\/v2\/categories?post=35244"},{"taxonomy":"post_tag","embeddable":true,"href":"https:\/\/euapp01.newsmemory.com\/lamarseillaise\/news\/wp-json\/wp\/v2\/tags?post=35244"},{"taxonomy":"news-destination","embeddable":true,"href":"https:\/\/euapp01.newsmemory.com\/lamarseillaise\/news\/wp-json\/wp\/v2\/news-destination?post=35244"},{"taxonomy":"news-source","embeddable":true,"href":"https:\/\/euapp01.newsmemory.com\/lamarseillaise\/news\/wp-json\/wp\/v2\/news-source?post=35244"},{"taxonomy":"is_homepage","embeddable":true,"href":"https:\/\/euapp01.newsmemory.com\/lamarseillaise\/news\/wp-json\/wp\/v2\/is_homepage?post=35244"},{"taxonomy":"ta_other","embeddable":true,"href":"https:\/\/euapp01.newsmemory.com\/lamarseillaise\/news\/wp-json\/wp\/v2\/ta_other?post=35244"}],"curies":[{"name":"wp","href":"https:\/\/api.w.org\/{rel}","templated":true}]}}