{"id":35226,"date":"2026-07-04T11:42:00","date_gmt":"2026-07-04T09:42:00","guid":{"rendered":"https:\/\/euapp01.newsmemory.com\/lamarseillaise\/news\/?p=35226"},"modified":"2026-07-09T07:34:28","modified_gmt":"2026-07-09T05:34:28","slug":"les-apprentis-boulistes-rayonnent-par-leur-talent","status":"publish","type":"post","link":"https:\/\/euapp01.newsmemory.com\/lamarseillaise\/news\/2026\/07\/04\/les-apprentis-boulistes-rayonnent-par-leur-talent\/","title":{"rendered":"Les apprentis boulistes rayonnent par leur talent"},"content":{"rendered":"<div class=\"paragraph\">\n<p>La Roseraie du Parc Bor\u00e9ly a fait le plein avec 537\u00a0joueurs au coup d\u2019envoi de ce Mondial des Jeunes. Comme l\u2019an dernier, la chaleur \u00e9tait au rendez-vous. Coaches, parents et amis veillaient avec attention sur leurs prot\u00e9g\u00e9s\u00a0: glaci\u00e8res et boissons fra\u00eeches \u00e9taient de rigueur pour affronter cette journ\u00e9e caniculaire. Malgr\u00e9 les temp\u00e9ratures \u00e9lev\u00e9es, personne ne voulait manquer ce rendez-vous devenu incontournable du d\u00e9but de l\u2019\u00e9t\u00e9 marseillais.<\/p>\n<p>Commen\u00e7ons par les plus grands, les juniors. Ceux qui sont aux portes du tr\u00e8s haut niveau et qui r\u00eavent peut-\u00eatre de suivre les traces de leurs glorieux a\u00een\u00e9s\u00a0: Rocher, Bonetto, Lacroix, Quintais et tant d\u2019autres, qui ont eux aussi d\u00e9but\u00e9 leur aventure sur ces terrains.<\/p>\n<p>L\u2019unique tenant du titre encore en lice est Tylan Kapfer. Ses deux partenaires de l\u2019an dernier \u00e9tant d\u00e9sormais pass\u00e9s chez les seniors, il est aujourd\u2019hui associ\u00e9 \u00e0 Ilan Del Rio et Mathys Calderon. Un nouveau d\u00e9fi pour le jeune champion local, qui tentera de r\u00e9aliser un magnifique doubl\u00e9 et de conserver une couronne ch\u00e8rement acquise l\u2019an pass\u00e9.<\/p>\n<\/p><\/div>\n<div class=\"intext\"> Entre exploits sportifs<br \/>\n               <br \/>et convivialit\u00e9\n              <\/div>\n<div class=\"paragraph\">\n<p>Chez les cadets, les favoris et tenants du titre, Mylan Terryn et Loni Szczotkowski, sont toujours au rendez-vous. Seul changement dans l\u2019\u00e9quipe\u00a0: Fabio Marco a laiss\u00e9 sa place \u00e0 Liam Conti. Les trois gar\u00e7ons seront bien pr\u00e9sents en huiti\u00e8mes de finale avec la ferme intention de d\u00e9fendre leur bien et de poursuivre leur formidable aventure.<\/p>\n<p>Les minimes ont \u00e9galement le vent en poupe. Comme l\u2019ann\u00e9e derni\u00e8re, Kaylon Vinterstein, Railey Lafleur et Taylor Ladam remettront leur titre en jeu avec l\u2019ambition de conserver leur supr\u00e9matie dans une cat\u00e9gorie particuli\u00e8rement relev\u00e9e. De nombreuses formations des Bouches-du-Rh\u00f4ne forment annuellement de petits prodiges de cette tranche d\u2019\u00e2ge.<\/p>\n<p>Tout au long de la journ\u00e9e, l\u2019ambiance a \u00e9t\u00e9 \u00e0 la hauteur de l\u2019\u00e9v\u00e9nement. Entre les encouragements des parents, les conseils avis\u00e9s des \u00e9ducateurs et les applaudissements du public, la Roseraie a vibr\u00e9 au rythme des exploits de cette jeunesse passionn\u00e9e. \u00c0 l\u2019ombre des arbres ou au bord des terrains, chacun partageait un moment de convivialit\u00e9 o\u00f9 le plaisir du jeu l\u2019emportait sur l\u2019enjeu.<\/p>\n<p>Car, au-del\u00e0 de la comp\u00e9tition, le Mondial des Jeunes demeure avant tout une formidable \u00e9cole de vie. Respect de l\u2019adversaire, solidarit\u00e9 entre partenaires, ma\u00eetrise de soi et transmission des valeurs de la p\u00e9tanque proven\u00e7ale constituent l\u2019ADN de cette manifestation unique. Ici se forgent les champions de demain, mais, surtout, les hommes et les femmes qui feront vivre notre sport dans les ann\u00e9es, voire les d\u00e9cennies \u00e0 venir.<\/p>\n<p>Rendez-vous ce samedi une nouvelle fois \u00e0 la Roseraie avec, dans toutes les t\u00eates, le m\u00eame objectif\u00a0: d\u00e9crocher une place dans le stade d\u2019honneur et avoir l\u2019immense privil\u00e8ge d\u2019y disputer une finale. Sous un soleil de plomb, la jeunesse de la p\u00e9tanque va une nouvelle fois d\u00e9montrer sa passion, son courage et son immense talent. Ils vont briller de mille feux.<\/p>\n<\/p><\/div>\n","protected":false},"excerpt":{"rendered":"La Roseraie du Parc Bor&eacute;ly a fait le plein avec 537&nbsp;joueurs au coup d&rsquo;envoi de ce Mondial des Jeunes. Comme l&rsquo;an dernier, la chaleur &eacute;tait au rendez-vous. Coaches, parents et amis veillaient avec attention sur leurs &#8230;","protected":false},"author":1,"featured_media":35228,"comment_status":"open","ping_status":"open","sticky":false,"template":"","format":"standard","meta":{"footnotes":""},"categories":[3926,3925,7],"tags":[5296,1161,5641,1196,5560,3987,16,4647],"news-destination":[3944],"news-source":[475],"is_homepage":[],"ta_other":[],"class_list":["post-35226","post","type-post","status-publish","format-standard","has-post-thumbnail","hentry","category-accueil-merge","category-accueil-third","category-sports","tag-mondiallamarseillaise","tag-boules","tag-finales","tag-joueurs","tag-le-mondial-la-marseillaise-2026","tag-le-mondial-la-marseillaise-a-petanque-2025","tag-marseille","tag-mlm2026","news-destination-homepage","news-source-website"],"_links":{"self":[{"href":"https:\/\/euapp01.newsmemory.com\/lamarseillaise\/news\/wp-json\/wp\/v2\/posts\/35226","targetHints":{"allow":["GET"]}}],"collection":[{"href":"https:\/\/euapp01.newsmemory.com\/lamarseillaise\/news\/wp-json\/wp\/v2\/posts"}],"about":[{"href":"https:\/\/euapp01.newsmemory.com\/lamarseillaise\/news\/wp-json\/wp\/v2\/types\/post"}],"author":[{"embeddable":true,"href":"https:\/\/euapp01.newsmemory.com\/lamarseillaise\/news\/wp-json\/wp\/v2\/users\/1"}],"replies":[{"embeddable":true,"href":"https:\/\/euapp01.newsmemory.com\/lamarseillaise\/news\/wp-json\/wp\/v2\/comments?post=35226"}],"version-history":[{"count":1,"href":"https:\/\/euapp01.newsmemory.com\/lamarseillaise\/news\/wp-json\/wp\/v2\/posts\/35226\/revisions"}],"predecessor-version":[{"id":35229,"href":"https:\/\/euapp01.newsmemory.com\/lamarseillaise\/news\/wp-json\/wp\/v2\/posts\/35226\/revisions\/35229"}],"wp:featuredmedia":[{"embeddable":true,"href":"https:\/\/euapp01.newsmemory.com\/lamarseillaise\/news\/wp-json\/wp\/v2\/media\/35228"}],"wp:attachment":[{"href":"https:\/\/euapp01.newsmemory.com\/lamarseillaise\/news\/wp-json\/wp\/v2\/media?parent=35226"}],"wp:term":[{"taxonomy":"category","embeddable":true,"href":"https:\/\/euapp01.newsmemory.com\/lamarseillaise\/news\/wp-json\/wp\/v2\/categories?post=35226"},{"taxonomy":"post_tag","embeddable":true,"href":"https:\/\/euapp01.newsmemory.com\/lamarseillaise\/news\/wp-json\/wp\/v2\/tags?post=35226"},{"taxonomy":"news-destination","embeddable":true,"href":"https:\/\/euapp01.newsmemory.com\/lamarseillaise\/news\/wp-json\/wp\/v2\/news-destination?post=35226"},{"taxonomy":"news-source","embeddable":true,"href":"https:\/\/euapp01.newsmemory.com\/lamarseillaise\/news\/wp-json\/wp\/v2\/news-source?post=35226"},{"taxonomy":"is_homepage","embeddable":true,"href":"https:\/\/euapp01.newsmemory.com\/lamarseillaise\/news\/wp-json\/wp\/v2\/is_homepage?post=35226"},{"taxonomy":"ta_other","embeddable":true,"href":"https:\/\/euapp01.newsmemory.com\/lamarseillaise\/news\/wp-json\/wp\/v2\/ta_other?post=35226"}],"curies":[{"name":"wp","href":"https:\/\/api.w.org\/{rel}","templated":true}]}}