{"id":35220,"date":"2026-07-04T11:54:00","date_gmt":"2026-07-04T09:54:00","guid":{"rendered":"https:\/\/euapp01.newsmemory.com\/lamarseillaise\/news\/?p=35220"},"modified":"2026-07-09T07:47:26","modified_gmt":"2026-07-09T05:47:26","slug":"le-festival-off-parade-pour-ses-60-ans","status":"publish","type":"post","link":"https:\/\/euapp01.newsmemory.com\/lamarseillaise\/news\/2026\/07\/04\/le-festival-off-parade-pour-ses-60-ans\/","title":{"rendered":"Le Festival Off parade pour ses 60 ans"},"content":{"rendered":"<div class=\"paragraph\">\n<p>Des centaines de compagnies, pr\u00e9sentes parmi les 1 780 spectacles \u00e0 l\u2019affiche<br \/>&#8211;\u00a0contre 1\u00a0724 l\u2019an dernier\u00a0&#8211; dans 140\u00a0salles, ont donc d\u00e9fil\u00e9 dans l\u2019espoir aussi de glaner quelques premiers spectateurs. Un total de 27\u00a0000\u00a0repr\u00e9sentations et 2,6\u00a0millions de billets sont mis \u00e0 la vente dans ce titanesque festival jusqu\u2019au 25\u00a0juillet qui, pour la deuxi\u00e8me ann\u00e9e cons\u00e9cutive, aligne ses dates avec le In.<\/p>\n<p>\u00c0 noter que pour f\u00eater les 60 ans, une journ\u00e9e anniversaire est pr\u00e9vue le 14 juillet au village du Off (10h30-20h) avec plusieurs rencontres et d\u00e9bats *.<\/p>\n<\/p><\/div>\n<div class=\"paragraph\">\n<p><i><a rel=\"nofollow noopener noreferrer\" href=\"https:\/\/www.festivaloffavignon.com\/\" target=\"_blank\">* festivaloffavignon.com<\/a><\/i><\/p>\n<\/p><\/div>\n","protected":false},"excerpt":{"rendered":"Des centaines de compagnies, pr&eacute;sentes parmi les 1 780 spectacles &agrave; l&rsquo;affiche-&nbsp;contre 1&nbsp;724 l&rsquo;an dernier&nbsp;&#8211; dans 140&nbsp;salles, ont donc d&eacute;fil&eacute; dans l&rsquo;espoir aussi de glaner quelques &#8230;","protected":false},"author":1,"featured_media":35221,"comment_status":"open","ping_status":"open","sticky":false,"template":"","format":"standard","meta":{"footnotes":""},"categories":[3926,3925,32],"tags":[495,174,186,1241,171],"news-destination":[3944],"news-source":[475],"is_homepage":[],"ta_other":[],"class_list":["post-35220","post","type-post","status-publish","format-standard","has-post-thumbnail","hentry","category-accueil-merge","category-accueil-third","category-culture","tag-495","tag-avignon","tag-festival-davignon-off","tag-theatre","tag-vaucluse","news-destination-homepage","news-source-website"],"_links":{"self":[{"href":"https:\/\/euapp01.newsmemory.com\/lamarseillaise\/news\/wp-json\/wp\/v2\/posts\/35220","targetHints":{"allow":["GET"]}}],"collection":[{"href":"https:\/\/euapp01.newsmemory.com\/lamarseillaise\/news\/wp-json\/wp\/v2\/posts"}],"about":[{"href":"https:\/\/euapp01.newsmemory.com\/lamarseillaise\/news\/wp-json\/wp\/v2\/types\/post"}],"author":[{"embeddable":true,"href":"https:\/\/euapp01.newsmemory.com\/lamarseillaise\/news\/wp-json\/wp\/v2\/users\/1"}],"replies":[{"embeddable":true,"href":"https:\/\/euapp01.newsmemory.com\/lamarseillaise\/news\/wp-json\/wp\/v2\/comments?post=35220"}],"version-history":[{"count":1,"href":"https:\/\/euapp01.newsmemory.com\/lamarseillaise\/news\/wp-json\/wp\/v2\/posts\/35220\/revisions"}],"predecessor-version":[{"id":35222,"href":"https:\/\/euapp01.newsmemory.com\/lamarseillaise\/news\/wp-json\/wp\/v2\/posts\/35220\/revisions\/35222"}],"wp:featuredmedia":[{"embeddable":true,"href":"https:\/\/euapp01.newsmemory.com\/lamarseillaise\/news\/wp-json\/wp\/v2\/media\/35221"}],"wp:attachment":[{"href":"https:\/\/euapp01.newsmemory.com\/lamarseillaise\/news\/wp-json\/wp\/v2\/media?parent=35220"}],"wp:term":[{"taxonomy":"category","embeddable":true,"href":"https:\/\/euapp01.newsmemory.com\/lamarseillaise\/news\/wp-json\/wp\/v2\/categories?post=35220"},{"taxonomy":"post_tag","embeddable":true,"href":"https:\/\/euapp01.newsmemory.com\/lamarseillaise\/news\/wp-json\/wp\/v2\/tags?post=35220"},{"taxonomy":"news-destination","embeddable":true,"href":"https:\/\/euapp01.newsmemory.com\/lamarseillaise\/news\/wp-json\/wp\/v2\/news-destination?post=35220"},{"taxonomy":"news-source","embeddable":true,"href":"https:\/\/euapp01.newsmemory.com\/lamarseillaise\/news\/wp-json\/wp\/v2\/news-source?post=35220"},{"taxonomy":"is_homepage","embeddable":true,"href":"https:\/\/euapp01.newsmemory.com\/lamarseillaise\/news\/wp-json\/wp\/v2\/is_homepage?post=35220"},{"taxonomy":"ta_other","embeddable":true,"href":"https:\/\/euapp01.newsmemory.com\/lamarseillaise\/news\/wp-json\/wp\/v2\/ta_other?post=35220"}],"curies":[{"name":"wp","href":"https:\/\/api.w.org\/{rel}","templated":true}]}}