{"id":35217,"date":"2026-07-04T19:17:00","date_gmt":"2026-07-04T17:17:00","guid":{"rendered":"https:\/\/euapp01.newsmemory.com\/lamarseillaise\/news\/?p=35217"},"modified":"2026-07-09T09:18:51","modified_gmt":"2026-07-09T07:18:51","slug":"gris-paradis-des-amours-enfantines-a-aix","status":"publish","type":"post","link":"https:\/\/euapp01.newsmemory.com\/lamarseillaise\/news\/2026\/07\/04\/gris-paradis-des-amours-enfantines-a-aix\/","title":{"rendered":"[Festival d\u2019Aix] Gris paradis des amours enfantines \u00e0 Aix"},"content":{"rendered":"<div class=\"paragraph\">\n<p>Accueil mitig\u00e9 pour <i>La<\/i><i>\u00a0<\/i><i>Fl\u00fbte enchant\u00e9e<\/i> au Th\u00e9\u00e2tre de l\u2019Archev\u00each\u00e9 jeudi soir. L\u2019objet du dissensus\u00a0? La mise en sc\u00e8ne tr\u00e8s c\u00e9r\u00e9brale de Cl\u00e9ment Cogitore. Quant au consensus, il se fait sur la direction \u00e9l\u00e9gante de Leonardo Garc\u00eda-Alarc\u00f3n et sa Cappella Mediterranea, plateau de voix jeunes et l\u2019excellent Ch\u0153ur de chambre de Namur. Les vid\u00e9os de Cl\u00e9ment Cogitore et son sc\u00e9nographe Alban Ho Van nous plongent dans l\u2019Allemagne ann\u00e9e z\u00e9ro de 1945. Tamino est un enfant des ruines vivant d\u2019exp\u00e9dients. Les trois dames sont ces \u00ab\u00a0<i>femmes des d\u00e9combres<\/i>\u00a0\u00bb ayant nettoy\u00e9 Berlin bombard\u00e9. Papageno, fusil \u00e0 l\u2019\u00e9paule, trafique la nourriture braconn\u00e9e. L\u2019initiation des h\u00e9ros est double\u00a0: de l\u2019enfance \u00e0 l\u2019\u00e2ge adulte, ils sont aussi guid\u00e9s vers les temps modernes de l\u2019am\u00e9ricanisation. Si le monde de la Reine de la Nuit est celui de la survie, celui de Sarastro, aveugle, tr\u00e8s PDG de multinationale, file vers la soci\u00e9t\u00e9 de consommation. Le th\u00e9\u00e2tre de Cl\u00e9ment Cogitore est fait d\u2019ombre et de lumi\u00e8res mais dessine un univers d\u00e9senchant\u00e9 aux teintes grises, loin de la fantaisie na\u00efve du dernier chef-d\u2019\u0153uvre mozartien.<\/p>\n<p>Plateau mozartien<\/p>\n<p>C\u00f4t\u00e9 Mozart, on go\u00fbte la lecture fluide de Leonardo Garc\u00eda-Alarc\u00f3n. Il m\u00e8ne la Cappella Mediterranea avec d\u00e9licatesse. Ying Fang est la r\u00e9v\u00e9lation de ce plateau. Sa Pamina s\u00e9duit par sa ligne de chant souple et ses aigus fil\u00e9s. De m\u00eame, le Papageno de Sean Michael Plumb habite la sc\u00e8ne avec sa bonhomie na\u00efve et un baryton sans d\u00e9faut. Si le Tamino de Mauro Peter est sc\u00e9niquement en retrait -il double l\u2019enfant et l\u2019adolescent qui le jouent sur sc\u00e8ne- son t\u00e9nor mozartien en fait un prince de qualit\u00e9. Sabine Devieilhe est une grande Reine de la Nuit. Plus plaintive et mater dolorosa que furie vindicative, elle offre \u00e0 ses vocalises le plaisir d\u2019un jeu dramatique fouill\u00e9. Brindley Sherratt est Sarastro \u00e0 la basse profonde et son autorit\u00e9 vocale est saupoudr\u00e9e d\u2019humour. Rodolphe Briand (Monostatos) joue les sbires bouffon fa\u00e7on \u00ab\u00a0bad cop\u00a0\u00bb lubrique avec gourmandise. Emma Fekete est une fort jolie Papagena. Les trois enfants sont issus du Knabenchor der Chorakademie Dortmund. Edwin Crossley-Mercer (Der Sprecher), les deux pr\u00eatres d\u00e9guis\u00e9s en pompiers new-yorkais, Damien Pass et Jonghyun Park ainsi que les trois dames, Alix Le Saux, Ashley Dixon et le beau contralto de Adriana Bignagni Lesca compl\u00e8tent ce plateau mozartien.<\/p>\n<\/p><\/div>\n","protected":false},"excerpt":{"rendered":"Accueil mitig&eacute; pour La&nbsp;Fl&ucirc;te enchant&eacute;e au Th&eacute;&acirc;tre de l&rsquo;Archev&ecirc;ch&eacute; jeudi soir. L&rsquo;objet du dissensus&nbsp;? La mise en sc&egrave;ne tr&egrave;s c&eacute;r&eacute;brale de Cl&eacute;ment &#8230;","protected":false},"author":1,"featured_media":35218,"comment_status":"open","ping_status":"open","sticky":false,"template":"","format":"standard","meta":{"footnotes":""},"categories":[3926,3925,32],"tags":[556,10,329,4352,325,1239,188,2001],"news-destination":[3944],"news-source":[475],"is_homepage":[],"ta_other":[],"class_list":["post-35217","post","type-post","status-publish","format-standard","has-post-thumbnail","hentry","category-accueil-merge","category-accueil-third","category-culture","tag-aix-en-provence","tag-bouches-du-rhone","tag-festival","tag-festival-daix","tag-musique","tag-opera","tag-spectacle-vivant","tag-weekend","news-destination-homepage","news-source-website"],"_links":{"self":[{"href":"https:\/\/euapp01.newsmemory.com\/lamarseillaise\/news\/wp-json\/wp\/v2\/posts\/35217","targetHints":{"allow":["GET"]}}],"collection":[{"href":"https:\/\/euapp01.newsmemory.com\/lamarseillaise\/news\/wp-json\/wp\/v2\/posts"}],"about":[{"href":"https:\/\/euapp01.newsmemory.com\/lamarseillaise\/news\/wp-json\/wp\/v2\/types\/post"}],"author":[{"embeddable":true,"href":"https:\/\/euapp01.newsmemory.com\/lamarseillaise\/news\/wp-json\/wp\/v2\/users\/1"}],"replies":[{"embeddable":true,"href":"https:\/\/euapp01.newsmemory.com\/lamarseillaise\/news\/wp-json\/wp\/v2\/comments?post=35217"}],"version-history":[{"count":2,"href":"https:\/\/euapp01.newsmemory.com\/lamarseillaise\/news\/wp-json\/wp\/v2\/posts\/35217\/revisions"}],"predecessor-version":[{"id":35284,"href":"https:\/\/euapp01.newsmemory.com\/lamarseillaise\/news\/wp-json\/wp\/v2\/posts\/35217\/revisions\/35284"}],"wp:featuredmedia":[{"embeddable":true,"href":"https:\/\/euapp01.newsmemory.com\/lamarseillaise\/news\/wp-json\/wp\/v2\/media\/35218"}],"wp:attachment":[{"href":"https:\/\/euapp01.newsmemory.com\/lamarseillaise\/news\/wp-json\/wp\/v2\/media?parent=35217"}],"wp:term":[{"taxonomy":"category","embeddable":true,"href":"https:\/\/euapp01.newsmemory.com\/lamarseillaise\/news\/wp-json\/wp\/v2\/categories?post=35217"},{"taxonomy":"post_tag","embeddable":true,"href":"https:\/\/euapp01.newsmemory.com\/lamarseillaise\/news\/wp-json\/wp\/v2\/tags?post=35217"},{"taxonomy":"news-destination","embeddable":true,"href":"https:\/\/euapp01.newsmemory.com\/lamarseillaise\/news\/wp-json\/wp\/v2\/news-destination?post=35217"},{"taxonomy":"news-source","embeddable":true,"href":"https:\/\/euapp01.newsmemory.com\/lamarseillaise\/news\/wp-json\/wp\/v2\/news-source?post=35217"},{"taxonomy":"is_homepage","embeddable":true,"href":"https:\/\/euapp01.newsmemory.com\/lamarseillaise\/news\/wp-json\/wp\/v2\/is_homepage?post=35217"},{"taxonomy":"ta_other","embeddable":true,"href":"https:\/\/euapp01.newsmemory.com\/lamarseillaise\/news\/wp-json\/wp\/v2\/ta_other?post=35217"}],"curies":[{"name":"wp","href":"https:\/\/api.w.org\/{rel}","templated":true}]}}