{"id":35212,"date":"2026-07-04T09:46:00","date_gmt":"2026-07-04T07:46:00","guid":{"rendered":"https:\/\/euapp01.newsmemory.com\/lamarseillaise\/news\/?p=35212"},"modified":"2026-07-08T13:35:31","modified_gmt":"2026-07-08T11:35:31","slug":"congres-du-pcf-paroles-de-delegues-du-sud-de-la-france","status":"publish","type":"post","link":"https:\/\/euapp01.newsmemory.com\/lamarseillaise\/news\/2026\/07\/04\/congres-du-pcf-paroles-de-delegues-du-sud-de-la-france\/","title":{"rendered":"[Congr\u00e8s du PCF] Paroles de d\u00e9l\u00e9gu\u00e9s du Sud de la France"},"content":{"rendered":"<div class=\"intext\"> Laetitia Sabatier\n              <\/div>\n<div class=\"intext\"> Secr\u00e9taire de section\n              <\/div>\n<div class=\"intext\"> Martigues\n              <\/div>\n<div class=\"paragraph\">\n<p>\u00ab\u00a0J\u2019ai \u00e9t\u00e9 nouvellement \u00e9lue secr\u00e9taire de section et c\u2019est la premi\u00e8re fois que je participe \u00e0 tous ces congr\u00e8s, du congr\u00e8s de section au congr\u00e8s national. Pour moi, c\u2019est comme une formation acc\u00e9l\u00e9r\u00e9e, c\u2019est enrichissant de pouvoir rencontrer tous les camarades, de voir en \u00e9coutant la discussion g\u00e9n\u00e9rale qu\u2019en tant que communistes, nous sommes tous sur la m\u00eame ligne directrice. J\u2019ai eu l\u2019opportunit\u00e9 de faire une intervention en expliquant la situation de Martigues apr\u00e8s les municipales de 2026. Cela m\u2019a permis de partager avec tous les camarades une situation qui n\u2019est pas unique d\u2019un RN qui monte de plus en plus, mais face auquel nous ne l\u00e2chons rien, o\u00f9 nous avons pu appeler \u00e0 l\u2019unit\u00e9 pour faire face \u00e0 ce r\u00e9el danger.\u00a0\u00bb<\/p>\n<\/p><\/div>\n<div class=\"intext\"> Jennifer Willens\n              <\/div>\n<div class=\"intext\"> Premi\u00e8re adjointe\n              <\/div>\n<div class=\"intext\"> Saint-Martin-de-Valgalgues\n              <\/div>\n<div class=\"paragraph\">\n<p>\u00ab\u00a0C\u2019est mon premier congr\u00e8s\u00a0: je suis adh\u00e9rente depuis 2019 et j\u2019avais envie de m\u2019investir un peu plus dans le parti. Avec les diff\u00e9rents textes alternatifs, j\u2019esp\u00e8re que l\u2019on en sortira plus unis qu\u2019au d\u00e9but, tout en respectant les id\u00e9es de chacun. L\u2019unification de notre parti est ce qui est le plus important \u00e0 mes yeux.<br \/>Je suis aussi tr\u00e8s investie sur les questions de la paix, j\u2019ai particip\u00e9 au 80<sup>e<\/sup>\u00a0anniversaire des bombardements atomiques d\u2019Hiroshima et Nagasaki, alors j\u2019en attends beaucoup dessus. C\u2019est la base du PCF, pour moi, de d\u00e9fendre la question de la paix. Il faudrait que l\u2019on fasse plus d\u2019actions.\u00a0\u00bb<\/p>\n<\/p><\/div>\n<div class=\"intext\"> R\u00e9mi Dubettier\n              <\/div>\n<div class=\"intext\"> Secr\u00e9taire de cellule\n              <\/div>\n<div class=\"intext\"> Montpellier\n              <\/div>\n<div class=\"paragraph\">\n<p>\u00ab\u00a0J\u2019aurais aim\u00e9 pouvoir prendre la parole sur la structuration en cellules, j\u2019ai \u00e0 c\u0153ur d\u2019encourager les camarades \u00e0 continuer ce combat. Cela ne fait que deux ans que j\u2019ai ma carte, mais j\u2019ai eu la chance de le faire. Cela permet de faire \u00e9merger de nouveaux cadres et de les accompagner en leur donnant des responsabilit\u00e9s. Et l\u2019on ne retrouve pas les m\u00eames personnes entre les initiatives en cellule et les r\u00e9unions de section\u00a0: c\u2019est plus facile de militer \u00e0 une \u00e9chelle locale. On se sent plus l\u00e9gitime. Et c\u2019est aussi un moyen de cr\u00e9er des liens avec le monde associatif et syndical.\u00a0\u00bb<\/p>\n<\/p><\/div>\n<div class=\"intext\"> Alo\u00efs Eymard\n              <\/div>\n<div class=\"intext\"> Secr\u00e9taire de section et \u00e9lu\n              <\/div>\n<div class=\"intext\"> Embrun\n              <\/div>\n<div class=\"paragraph\">\n<p>\u00ab\u00a0Il faut que l\u2019on tire les le\u00e7ons des deux derniers congr\u00e8s et que l\u2019on se fixe une ligne claire, sur un temps long. Il faut r\u00e9fl\u00e9chir sur la fa\u00e7on dont on peut se r\u00e9implanter, r\u00e9fl\u00e9chir \u00e0 notre mani\u00e8re de militer, qui a \u00e9volu\u00e9 avec les nouvelles technologies. L\u2019enjeu est aussi de faire marcher la d\u00e9mocratie pour arrondir les angles, que l\u2019on sache quelle va \u00eatre notre posture sur la pr\u00e9sidentielle, comment on lutte contre l\u2019extr\u00eame droite. Est-ce qu\u2019on se pr\u00e9sente pour les m\u00e9dias, ou pour porter une vision diff\u00e9rente des autres forces de gauche\u00a0? Il faut mettre en avant notre programme.\u00a0\u00bb<\/p>\n<\/p><\/div>\n<div class=\"intext\"> Delphine Jordan\n              <\/div>\n<div class=\"intext\"> Commission f\u00e9ministe\n              <\/div>\n<div class=\"intext\"> Avignon\n              <\/div>\n<div class=\"paragraph\">\n<p>\u00ab\u00a0Sur les droits des femmes, nous attendons des avanc\u00e9es, qui ont d\u00e9j\u00e0 \u00e9t\u00e9 engag\u00e9es. Nous avons la chance d\u2019avoir un parti qui porte des valeurs vraiment f\u00e9ministes, qui lutte contre la marchandisation des corps, pour l\u2019abolition de la prostitution. Et nous avons mis en place une cellule d\u2019\u00e9coute, c\u2019est une mise en coh\u00e9rence de nos pratiques militantes avec le projet que l\u2019on veut porter. Cela existe depuis une dizaine d\u2019ann\u00e9es, mais il a vocation \u00e0 se renforcer encore plus, faire un travail de pr\u00e9vention pour instaurer un climat sain, protecteur. On a beau \u00eatre progressistes, on n\u2019\u00e9chappe pas \u00e0 la soci\u00e9t\u00e9 patriarcale.\u00a0\u00bb<\/p>\n<\/p><\/div>\n<div class=\"intext\"> Marion Betoul\n              <\/div>\n<div class=\"intext\"> Tr\u00e9sori\u00e8re de section\n              <\/div>\n<div class=\"intext\"> Reillanne\n              <\/div>\n<div class=\"paragraph\">\n<p>\u00ab\u00a0Cela ne fait pas si longtemps que je milite au PCF, alors j\u2019ai surtout envie de profiter de ce congr\u00e8s pour apprendre, rencontrer d\u2019autres communistes, pouvoir \u00e9changer, acqu\u00e9rir le vocabulaire militant et voir ce que chacun pense. Pour moi, la lutte pour la protection de l\u2019enfance et le f\u00e9minisme sont des th\u00e8mes tr\u00e8s importants, qu\u2019il faut continuer de porter, qu\u2019il faut d\u00e9fendre encore plus, et des amendements ont \u00e9t\u00e9 \u00e9crits pour l\u2019ancrer encore plus dans le texte. Nous avons une p\u00e9tition, dans le d\u00e9partement, parce qu\u2019ils sont en train de fermer les centres m\u00e9dico-psychologiques pour enfants afin de les regrouper, alors que nous sommes dans un territoire rural. On abandonne les enfants et les parents \u00e0 leur sort\u00a0!\u00a0\u00bb<\/p>\n<\/p><\/div>\n<div class=\"intext\"> Nathalie Marin\n              <\/div>\n<div class=\"intext\"> Membre du conseil d\u00e9partemental\n              <\/div>\n<div class=\"intext\"> Toulon\n              <\/div>\n<div class=\"paragraph\">\n<p>\u00ab\u00a0Les \u00e9changes sont tr\u00e8s enrichissants. Ce que nous voulons porter, c\u2019est un besoin d\u2019unit\u00e9 et de travailler ensemble pour faire conna\u00eetre les id\u00e9es communistes \u00e0 destination de tous, de les faire vivre. Nous avons besoin d\u2019\u00e9changer entre les diff\u00e9rentes g\u00e9n\u00e9rations et les diff\u00e9rentes f\u00e9d\u00e9rations, cela permet de voir les difficult\u00e9s de chacun, les avanc\u00e9es de chacun. Nous pouvons nous enrichir mutuellement des exp\u00e9riences, les uns des autres. Dans notre d\u00e9l\u00e9gation, nous avons de jeunes militants\u00a0: cela leur permet de voir le mode de fonctionnement du parti pour qu\u2019ils puissent s\u2019investir plus encore dans son fonctionnement. Mais nous avons besoin de f\u00e9miniser encore plus les instances.\u00a0\u00bb<\/p>\n<\/p><\/div>\n","protected":false},"excerpt":{"rendered":"&laquo;&nbsp;J&rsquo;ai &eacute;t&eacute; nouvellement &eacute;lue secr&eacute;taire de section et c&rsquo;est la premi&egrave;re fois que je participe &agrave; tous ces congr&egrave;s, du congr&egrave;s de section au congr&egrave;s national. Pour &#8230;","protected":false},"author":1,"featured_media":35215,"comment_status":"open","ping_status":"open","sticky":false,"template":"","format":"standard","meta":{"footnotes":""},"categories":[3926,3925,330],"tags":[],"news-destination":[3944],"news-source":[475],"is_homepage":[],"ta_other":[],"class_list":["post-35212","post","type-post","status-publish","format-standard","has-post-thumbnail","hentry","category-accueil-merge","category-accueil-third","category-politique","news-destination-homepage","news-source-website"],"_links":{"self":[{"href":"https:\/\/euapp01.newsmemory.com\/lamarseillaise\/news\/wp-json\/wp\/v2\/posts\/35212","targetHints":{"allow":["GET"]}}],"collection":[{"href":"https:\/\/euapp01.newsmemory.com\/lamarseillaise\/news\/wp-json\/wp\/v2\/posts"}],"about":[{"href":"https:\/\/euapp01.newsmemory.com\/lamarseillaise\/news\/wp-json\/wp\/v2\/types\/post"}],"author":[{"embeddable":true,"href":"https:\/\/euapp01.newsmemory.com\/lamarseillaise\/news\/wp-json\/wp\/v2\/users\/1"}],"replies":[{"embeddable":true,"href":"https:\/\/euapp01.newsmemory.com\/lamarseillaise\/news\/wp-json\/wp\/v2\/comments?post=35212"}],"version-history":[{"count":1,"href":"https:\/\/euapp01.newsmemory.com\/lamarseillaise\/news\/wp-json\/wp\/v2\/posts\/35212\/revisions"}],"predecessor-version":[{"id":35214,"href":"https:\/\/euapp01.newsmemory.com\/lamarseillaise\/news\/wp-json\/wp\/v2\/posts\/35212\/revisions\/35214"}],"wp:featuredmedia":[{"embeddable":true,"href":"https:\/\/euapp01.newsmemory.com\/lamarseillaise\/news\/wp-json\/wp\/v2\/media\/35215"}],"wp:attachment":[{"href":"https:\/\/euapp01.newsmemory.com\/lamarseillaise\/news\/wp-json\/wp\/v2\/media?parent=35212"}],"wp:term":[{"taxonomy":"category","embeddable":true,"href":"https:\/\/euapp01.newsmemory.com\/lamarseillaise\/news\/wp-json\/wp\/v2\/categories?post=35212"},{"taxonomy":"post_tag","embeddable":true,"href":"https:\/\/euapp01.newsmemory.com\/lamarseillaise\/news\/wp-json\/wp\/v2\/tags?post=35212"},{"taxonomy":"news-destination","embeddable":true,"href":"https:\/\/euapp01.newsmemory.com\/lamarseillaise\/news\/wp-json\/wp\/v2\/news-destination?post=35212"},{"taxonomy":"news-source","embeddable":true,"href":"https:\/\/euapp01.newsmemory.com\/lamarseillaise\/news\/wp-json\/wp\/v2\/news-source?post=35212"},{"taxonomy":"is_homepage","embeddable":true,"href":"https:\/\/euapp01.newsmemory.com\/lamarseillaise\/news\/wp-json\/wp\/v2\/is_homepage?post=35212"},{"taxonomy":"ta_other","embeddable":true,"href":"https:\/\/euapp01.newsmemory.com\/lamarseillaise\/news\/wp-json\/wp\/v2\/ta_other?post=35212"}],"curies":[{"name":"wp","href":"https:\/\/api.w.org\/{rel}","templated":true}]}}