{"id":35209,"date":"2026-07-05T10:02:00","date_gmt":"2026-07-05T08:02:00","guid":{"rendered":"https:\/\/euapp01.newsmemory.com\/lamarseillaise\/news\/?p=35209"},"modified":"2026-07-09T21:43:21","modified_gmt":"2026-07-09T19:43:21","slug":"rencontres-au-mondial-80-ans-apres-les-nationalisations-lavenir-de-lenergie-en-debat","status":"publish","type":"post","link":"https:\/\/euapp01.newsmemory.com\/lamarseillaise\/news\/2026\/07\/05\/rencontres-au-mondial-80-ans-apres-les-nationalisations-lavenir-de-lenergie-en-debat\/","title":{"rendered":"80 ans apr\u00e8s les nationalisations, l\u2019avenir de l\u2019\u00e9nergie en d\u00e9bat au Mondial"},"content":{"rendered":"<div class=\"paragraph\">\n<p>Quatre-vingts ans apr\u00e8s la nationalisation du secteur de l\u2019\u00e9nergie, port\u00e9e par le r\u00e9sistant et ancien ministre Marcel Paul (PCF), <i>La<\/i><i>\u00a0<\/i><i>Marseillaise <\/i>a invit\u00e9, vendredi, en marge du rendez-vous populaire du Mondial La Marseillaise \u00e0 P\u00e9tanque, son pr\u00e9sident directeur g\u00e9n\u00e9ral, Bernard Fontana, \u00e0 d\u00e9battre des d\u00e9fis qui s\u2019imposent aujourd\u2019hui au secteur fran\u00e7ais de l\u2019\u00e9nergie. Pour \u00e9changer avec lui\u00a0: Fabrice Coudour, secr\u00e9taire g\u00e9n\u00e9ral de la F\u00e9d\u00e9ration nationale des mines et de l\u2019\u00e9nergie (FNME) CGT et Anthony Juan, pr\u00e9sident de la Caisse centrale d\u2019activit\u00e9s sociales, organisme d\u00e9di\u00e9 aux \u0153uvres sociales pour les salari\u00e9s des industries \u00e9lectriques et gazi\u00e8res en France, elle aussi fond\u00e9e par Marcel Paul.<\/p>\n<p>Au c\u0153ur des pr\u00e9occupations\u00a0: l\u2019influence du march\u00e9 sur la gestion et l\u2019efficacit\u00e9 d\u2019EDF. \u00ab<i>\u00a0<\/i><i>Si les 55<\/i><i>\u00a0<\/i><i>premi\u00e8res ann\u00e9es d\u2019EDF permettent de dresser un bilan de service public, un tournant a \u00e9t\u00e9 pris au d\u00e9but des ann\u00e9es<\/i><i>\u00a0<\/i><i>2000, avec une lib\u00e9ralisation du secteur, le choix d\u2019une logique de march\u00e9 qui a fait exploser les prix, <\/i>a soulign\u00e9 Fabrice Coudour. <i>On se retrouve avec un syst\u00e8me qui sert davantage la rentabilit\u00e9 \u00e9conomique que l\u2019int\u00e9r\u00eat g\u00e9n\u00e9ral.<\/i><i>\u00a0<\/i>\u00bb<i> <\/i>Une analyse partag\u00e9e, au moins en partie, par le PDG d\u2019EDF. \u00ab\u00a0<i>On ne peut pas juste appliquer la loi du march\u00e9 comme \u00e7a, il faut une dynamique de pilotage<\/i><i>\u00a0<\/i>\u00bb<i>, <\/i>admet-il. Et d\u2019ajouter\u00a0: \u00ab\u00a0<i>Je me dis qu\u2019une infrastructure o\u00f9 celui qui fait le boulot paye, et celui qui sp\u00e9cule s\u2019enrichit, c\u2019est quand m\u00eame un dysfonctionnement. Peut-\u00eatre faut-il moins subventionner ceux qui d\u00e9stabilisent le syst\u00e8me et reconna\u00eetre la valeur de ceux qui assurent sa continuit\u00e9<\/i><i>\u00a0<\/i>\u00bb<i>.<\/i><\/p>\n<p>Pour changer la dynamique, le secr\u00e9taire g\u00e9n\u00e9ral de la FNME a list\u00e9 quelques-unes des solutions envisag\u00e9es par la CGT\u00a0: faire des nationalisations nouvelles, sortir de la logique de march\u00e9 mais aussi imaginer une d\u00e9mocratisation de la gouvernance qui impliquerait l\u2019\u00c9tat, les travailleurs et les usagers, mais aussi baisser la TVA, car \u00ab\u00a0<i>le gaz et l\u2019\u00e9lectricit\u00e9 sont des biens de premi\u00e8re n\u00e9cessit\u00e9<\/i><i>\u00a0<\/i>\u00bb.<\/p>\n<\/p><\/div>\n<div class=\"intext\"> En finir avec les attaques budg\u00e9taires\n              <\/div>\n<div class=\"paragraph\">\n<p>Anthony Juan, lui aussi tr\u00e8s critique vis-\u00e0-vis de la lib\u00e9ralisation de l\u2019entreprise, qu\u2019il impute notamment au changement de statut d\u2019EDF, pass\u00e9e d\u2019un \u00c9tablissement public industriel et commercial \u00e0 une soci\u00e9t\u00e9 anonyme de production, n\u2019a pas manqu\u00e9 d\u2019aborder les attaques budg\u00e9taires subies par le secteur des activit\u00e9s sociales, qu\u2019il dirige. \u00ab\u00a0<i>On peut se regarder tous et dire que les activit\u00e9s sociales sont chouettes, mais il faudrait aussi peut-\u00eatre commencer par arr\u00eater de nous taper dessus assez r\u00e9guli\u00e8rement<\/i><i>\u00a0<\/i>\u00bb, s\u2019est-il agac\u00e9 tout en invitant le PDG d\u2019EDF \u00e0 venir d\u00e9couvrir un village vacances de la CCAS.<\/p>\n<p>Et Bernard Fontana de lui r\u00e9pondre\u00a0: \u00ab\u00a0<i>Effectivement, je pense notre responsabilit\u00e9 \u00e0 tous est de pr\u00e9server ce qui fait la singularit\u00e9, la force de notre mod\u00e8le social<\/i><i>\u00a0<\/i>\u00bb.<\/p>\n<\/p><\/div>\n","protected":false},"excerpt":{"rendered":"Quatre-vingts ans apr&egrave;s la nationalisation du secteur de l&rsquo;&eacute;nergie, port&eacute;e par le r&eacute;sistant et ancien ministre Marcel Paul (PCF), La&nbsp;Marseillaise a invit&eacute;, vendredi, en marge du rendez-vous populaire du &#8230;","protected":false},"author":1,"featured_media":35210,"comment_status":"open","ping_status":"open","sticky":false,"template":"","format":"standard","meta":{"footnotes":""},"categories":[3926,3925,338],"tags":[10,113,452,532,1022,2814,487,488,16,3384,211,751,910],"news-destination":[3944],"news-source":[475],"is_homepage":[],"ta_other":[],"class_list":["post-35209","post","type-post","status-publish","format-standard","has-post-thumbnail","hentry","category-accueil-merge","category-accueil-third","category-economie","tag-bouches-du-rhone","tag-cgt","tag-debat","tag-edf","tag-energie","tag-fnme-cgt","tag-gouvernance","tag-industriels","tag-marseille","tag-nationalisation","tag-organisation","tag-service-public","tag-travailleurs","news-destination-homepage","news-source-website"],"_links":{"self":[{"href":"https:\/\/euapp01.newsmemory.com\/lamarseillaise\/news\/wp-json\/wp\/v2\/posts\/35209","targetHints":{"allow":["GET"]}}],"collection":[{"href":"https:\/\/euapp01.newsmemory.com\/lamarseillaise\/news\/wp-json\/wp\/v2\/posts"}],"about":[{"href":"https:\/\/euapp01.newsmemory.com\/lamarseillaise\/news\/wp-json\/wp\/v2\/types\/post"}],"author":[{"embeddable":true,"href":"https:\/\/euapp01.newsmemory.com\/lamarseillaise\/news\/wp-json\/wp\/v2\/users\/1"}],"replies":[{"embeddable":true,"href":"https:\/\/euapp01.newsmemory.com\/lamarseillaise\/news\/wp-json\/wp\/v2\/comments?post=35209"}],"version-history":[{"count":2,"href":"https:\/\/euapp01.newsmemory.com\/lamarseillaise\/news\/wp-json\/wp\/v2\/posts\/35209\/revisions"}],"predecessor-version":[{"id":35309,"href":"https:\/\/euapp01.newsmemory.com\/lamarseillaise\/news\/wp-json\/wp\/v2\/posts\/35209\/revisions\/35309"}],"wp:featuredmedia":[{"embeddable":true,"href":"https:\/\/euapp01.newsmemory.com\/lamarseillaise\/news\/wp-json\/wp\/v2\/media\/35210"}],"wp:attachment":[{"href":"https:\/\/euapp01.newsmemory.com\/lamarseillaise\/news\/wp-json\/wp\/v2\/media?parent=35209"}],"wp:term":[{"taxonomy":"category","embeddable":true,"href":"https:\/\/euapp01.newsmemory.com\/lamarseillaise\/news\/wp-json\/wp\/v2\/categories?post=35209"},{"taxonomy":"post_tag","embeddable":true,"href":"https:\/\/euapp01.newsmemory.com\/lamarseillaise\/news\/wp-json\/wp\/v2\/tags?post=35209"},{"taxonomy":"news-destination","embeddable":true,"href":"https:\/\/euapp01.newsmemory.com\/lamarseillaise\/news\/wp-json\/wp\/v2\/news-destination?post=35209"},{"taxonomy":"news-source","embeddable":true,"href":"https:\/\/euapp01.newsmemory.com\/lamarseillaise\/news\/wp-json\/wp\/v2\/news-source?post=35209"},{"taxonomy":"is_homepage","embeddable":true,"href":"https:\/\/euapp01.newsmemory.com\/lamarseillaise\/news\/wp-json\/wp\/v2\/is_homepage?post=35209"},{"taxonomy":"ta_other","embeddable":true,"href":"https:\/\/euapp01.newsmemory.com\/lamarseillaise\/news\/wp-json\/wp\/v2\/ta_other?post=35209"}],"curies":[{"name":"wp","href":"https:\/\/api.w.org\/{rel}","templated":true}]}}