{"id":35204,"date":"2026-07-04T08:31:00","date_gmt":"2026-07-04T06:31:00","guid":{"rendered":"https:\/\/euapp01.newsmemory.com\/lamarseillaise\/news\/?p=35204"},"modified":"2026-07-08T09:57:08","modified_gmt":"2026-07-08T07:57:08","slug":"le-80e-festival-davignon-ausculte-les-coleres-du-monde","status":"publish","type":"post","link":"https:\/\/euapp01.newsmemory.com\/lamarseillaise\/news\/2026\/07\/04\/le-80e-festival-davignon-ausculte-les-coleres-du-monde\/","title":{"rendered":"Le 80e Festival d\u2019Avignon ausculte les col\u00e8res du monde"},"content":{"rendered":"<div class=\"paragraph\">\n<p>Face aux discours politiques qui polarisent la soci\u00e9t\u00e9, \u00ab\u00a0<i>nous croyons que les arts vivants et le service public de la culture peuvent jouer un r\u00f4le positif avec la pratique joyeuse et d\u00e9mocratique de la d\u00e9couverte collective de spectacles<\/i>\u00a0\u00bb, estime Tiago Rodrigues. <a href=\"https:\/\/www.lamarseillaise.fr\/culture\/grand-entretien-tiago-rodrigues-le-desaccord-est-un-tresor-a-avignon-BE20429293\">\u00ab<i>\u00a0<\/i><i>Le Festival d\u2019Avignon est une exp\u00e9rience collective autour d\u2019une pluralit\u00e9 de voix pour c\u00e9l\u00e9brer les bonnes questions que l\u2019art peut poser au monde<\/i>\u00a0\u00bb, explique \u00e0 <i>La<\/i><i>\u00a0<\/i><i>Marseillaise<\/i> le directeur de ce rendez-vous dont la 80<sup>e<\/sup> \u00e9dition<\/a> s\u2019ouvre dans la Cour d\u2019honneur avec <i>Maldoror<\/i>. Dans cette pi\u00e8ce de 5 heures, le metteur en sc\u00e8ne Julien Gosselin fait dialoguer les \u0153uvres de Roberto Bolano, \u00e9crivain chilien pers\u00e9cut\u00e9 sous la dictature de Pinochet, et de Lautr\u00e9amont, ce po\u00e8te du XIX<sup>e<\/sup>\u00a0si\u00e8cle ayant guid\u00e9 les surr\u00e9alistes. Un croisement destin\u00e9 \u00e0 questionner les racines de ce que l\u2019homme de th\u00e9\u00e2tre nomme le \u00ab\u00a0mal absolu\u00a0\u00bb. \u00ab\u00a0<i>Pourquoi sommes-nous, \u00e0 travers l\u2019histoire, fascin\u00e9s par les m\u00e9chants du th\u00e9\u00e2tre, par Richard III par exemple, alors qu\u2019il est clairement le vilain<\/i><i>\u00a0<\/i><i>? Qu\u2019est-ce que l\u2019observation du mal nous enseigne<\/i><i>\u00a0<\/i><i>? Ce spectacle-\u00e9v\u00e9nement, qui m\u00e9lange vid\u00e9o, cin\u00e9ma, litt\u00e9rature et les excellents acteurs de Julien Gosselin, proposera aussi au public un autre rapport \u00e0 la Cour d\u2019honneur, notamment avec des surprises et d\u00e9ambulations pour permettre au public de vivre un spectacle au palais des Papes de fa\u00e7on tr\u00e8s inhabituelle<\/i><i>\u00a0<\/i>\u00bb, pr\u00e9vient Tiago Rodrigues.<\/p>\n<p>47 spectacles et 300 repr\u00e9sentations jalonneront le Festival d\u2019Avignon, parmi lesquels<i> La parabole du seum<\/i> de R\u00e9becca Chaillon, qui se joue au Clo\u00eetre des C\u00e9lestins. Il y a trois ans, cette metteuse en sc\u00e8ne et performeuse y avait subi un d\u00e9ferlement de haine raciste pour <i>Carte noire nomm\u00e9e d\u00e9sir<\/i>. La voici de retour dans une pi\u00e8ce explorant les marges et pr\u00e9sent\u00e9e comme \u00ab\u00a0une parabole du venin et de la col\u00e8re qui cherche \u00e0 susciter le r\u00eave, le rire, l\u2019empathie et la r\u00e9volte contre le fascisme qui vient\u00a0\u00bb. Selon Tiago Rodrigues, R\u00e9becca Chaillon \u00ab<i>\u00a0<\/i><i>continue d\u2019inventer des formes avec une dimension de radicalit\u00e9 et m\u00eame de trouble. Nous sommes ravis de faire la premi\u00e8re fran\u00e7aise de<\/i> La parabole du seum<i> et partager sa recherche sur la col\u00e8re, notamment celle de personnes qui n\u2019ont habituellement pas l\u2019espace dans la soci\u00e9t\u00e9 pour l\u2019exprimer. Toujours avec po\u00e9sie et une dimension assum\u00e9e de provocation<\/i>\u00a0\u00bb.<\/p>\n<p>Violences<\/p>\n<p>L\u2019Op\u00e9ra Grand Avignon accueillera quant \u00e0 lui <i>Uma luz cordial<\/i>, dernier volet d\u2019une trilogie qui d\u00e9ploie po\u00e9sie et la performance pour traiter la question du viol. \u00ab\u00a0<i>C\u2019est une immersion dans ce qui nous rend mis\u00e9rables, vuln\u00e9rables, col\u00e9riques<\/i><i>\u00a0<\/i><i>: l\u2019\u00e9criture, le moment de cr\u00e9er, de donner une forme artistique \u00e0 un cauchemar, gr\u00e2ce \u00e0 l\u2019\u00e9criture<\/i><i>\u00a0<\/i>\u00bb, r\u00e9sume son autrice, metteuse en sc\u00e8ne et com\u00e9dienne br\u00e9silienne Carolina Bianchi. \u00ab\u00a0<i>Son refus de la violence passe par le fait de mettre son trouble et sa col\u00e8re dans ses \u0153uvres<\/i><i>\u00a0<\/i>\u00bb, observe Tiago Rodrigues qui a d\u00e9cid\u00e9, pour cette 80<sup>e<\/sup>\u00a0\u00e9dition, de mettre \u00e9galement la langue cor\u00e9enne \u00e0 l\u2019honneur. Le Gymnase du Lyc\u00e9e Aubanel abritera ainsi <i>Island story<\/i> de Kyung-Sung Lee. Une cr\u00e9ation revenant sur la r\u00e9pression par les autorit\u00e9s, en 1948, d\u2019une manifestation qui comm\u00e9morait la fin de l\u2019occupation coloniale japonaise. \u00ab\u00a0<i>Kyung-Sung Lee parle de cet \u00e9pisode tragique associ\u00e9 \u00e0 la division de la p\u00e9ninsule de Cor\u00e9e qui a provoqu\u00e9 pendant longtemps beaucoup d\u2019omerta dans la soci\u00e9t\u00e9 cor\u00e9enne<\/i><i>\u00a0<\/i>\u00bb, situe Tiago Rodrigues.<\/p>\n<\/p><\/div>\n<div class=\"paragraph\">\n<p><i><span class=\"mln_small-caps_mln\">www.festival-avignon.com<\/span><\/i><\/p>\n<\/p><\/div>\n","protected":false},"excerpt":{"rendered":"Face aux discours politiques qui polarisent la soci&eacute;t&eacute;, &laquo;&nbsp;nous croyons que les arts vivants et le service public de la culture peuvent jouer un r&ocirc;le positif avec la pratique joyeuse et d&eacute;mocratique de la &#8230;","protected":false},"author":1,"featured_media":35205,"comment_status":"open","ping_status":"open","sticky":false,"template":"","format":"standard","meta":{"footnotes":""},"categories":[3926,3925,32],"tags":[174,1241],"news-destination":[3944],"news-source":[475],"is_homepage":[],"ta_other":[],"class_list":["post-35204","post","type-post","status-publish","format-standard","has-post-thumbnail","hentry","category-accueil-merge","category-accueil-third","category-culture","tag-avignon","tag-theatre","news-destination-homepage","news-source-website"],"_links":{"self":[{"href":"https:\/\/euapp01.newsmemory.com\/lamarseillaise\/news\/wp-json\/wp\/v2\/posts\/35204","targetHints":{"allow":["GET"]}}],"collection":[{"href":"https:\/\/euapp01.newsmemory.com\/lamarseillaise\/news\/wp-json\/wp\/v2\/posts"}],"about":[{"href":"https:\/\/euapp01.newsmemory.com\/lamarseillaise\/news\/wp-json\/wp\/v2\/types\/post"}],"author":[{"embeddable":true,"href":"https:\/\/euapp01.newsmemory.com\/lamarseillaise\/news\/wp-json\/wp\/v2\/users\/1"}],"replies":[{"embeddable":true,"href":"https:\/\/euapp01.newsmemory.com\/lamarseillaise\/news\/wp-json\/wp\/v2\/comments?post=35204"}],"version-history":[{"count":1,"href":"https:\/\/euapp01.newsmemory.com\/lamarseillaise\/news\/wp-json\/wp\/v2\/posts\/35204\/revisions"}],"predecessor-version":[{"id":35206,"href":"https:\/\/euapp01.newsmemory.com\/lamarseillaise\/news\/wp-json\/wp\/v2\/posts\/35204\/revisions\/35206"}],"wp:featuredmedia":[{"embeddable":true,"href":"https:\/\/euapp01.newsmemory.com\/lamarseillaise\/news\/wp-json\/wp\/v2\/media\/35205"}],"wp:attachment":[{"href":"https:\/\/euapp01.newsmemory.com\/lamarseillaise\/news\/wp-json\/wp\/v2\/media?parent=35204"}],"wp:term":[{"taxonomy":"category","embeddable":true,"href":"https:\/\/euapp01.newsmemory.com\/lamarseillaise\/news\/wp-json\/wp\/v2\/categories?post=35204"},{"taxonomy":"post_tag","embeddable":true,"href":"https:\/\/euapp01.newsmemory.com\/lamarseillaise\/news\/wp-json\/wp\/v2\/tags?post=35204"},{"taxonomy":"news-destination","embeddable":true,"href":"https:\/\/euapp01.newsmemory.com\/lamarseillaise\/news\/wp-json\/wp\/v2\/news-destination?post=35204"},{"taxonomy":"news-source","embeddable":true,"href":"https:\/\/euapp01.newsmemory.com\/lamarseillaise\/news\/wp-json\/wp\/v2\/news-source?post=35204"},{"taxonomy":"is_homepage","embeddable":true,"href":"https:\/\/euapp01.newsmemory.com\/lamarseillaise\/news\/wp-json\/wp\/v2\/is_homepage?post=35204"},{"taxonomy":"ta_other","embeddable":true,"href":"https:\/\/euapp01.newsmemory.com\/lamarseillaise\/news\/wp-json\/wp\/v2\/ta_other?post=35204"}],"curies":[{"name":"wp","href":"https:\/\/api.w.org\/{rel}","templated":true}]}}