{"id":35200,"date":"2026-07-04T08:30:00","date_gmt":"2026-07-04T06:30:00","guid":{"rendered":"https:\/\/euapp01.newsmemory.com\/lamarseillaise\/news\/?p=35200"},"modified":"2026-07-08T09:57:08","modified_gmt":"2026-07-08T07:57:08","slug":"le-pcf-au-defi-de-la-menace-dextreme-droite","status":"publish","type":"post","link":"https:\/\/euapp01.newsmemory.com\/lamarseillaise\/news\/2026\/07\/04\/le-pcf-au-defi-de-la-menace-dextreme-droite\/","title":{"rendered":"[Congr\u00e8s] Le PCF au d\u00e9fi de la menace d\u2019extr\u00eame droite"},"content":{"rendered":"<div class=\"paragraph\">\n<p>Sur la tribune du Grand Th\u00e9\u00e2tre de Lille, le nordiste Fabien Roussel, presque \u00e0 domicile, va droit au but. \u00ab\u00a0<i>\u00c0 celles et ceux qui doutent parmi nous, \u00e0 celles et ceux qui se cherchent et voudraient m\u00eame repousser la d\u00e9cision<\/i><i>\u00a0<\/i><i>: allons-y maintenant et ne tardons plus<\/i>, appelle le secr\u00e9taire national du PCF. <i>Chaque semaine qui passe doit \u00eatre utile pour mener ce combat, pour ne pas nous retrouver dans une impasse comme en 2017<\/i><i>\u00a0<\/i><i>!<\/i><i>\u00a0<\/i>\u00bb Alors que s\u2019ouvrait ce vendredi apr\u00e8s-midi dans la capitale des Flandres le 40<sup>e<\/sup>\u00a0congr\u00e8s du Parti communiste fran\u00e7ais, la question de la pr\u00e9sidentielle s\u2019est largement impos\u00e9e dans le d\u00e9bat. Avec, en toile de fond, l\u2019ombre projet\u00e9e par la menace de l\u2019extr\u00eame droite.<\/p>\n<\/p><\/div>\n<div class=\"intext\"> La pr\u00e9sidentielle en vue\n              <\/div>\n<div class=\"paragraph\">\n<p>Tandis que les communistes doivent se prononcer, ce week-end, sur la l\u00e9gitimit\u00e9 d\u2019une candidature de rassemblement issue de leurs rangs, sur laquelle les militants se prononceront le 6\u00a0septembre prochain, Fabien Roussel se d\u00e9clare d\u2019ores et d\u00e9j\u00e0 pr\u00eat \u00e0 porter une nouvelle fois cette responsabilit\u00e9 dans une campagne. \u00ab\u00a0<i>Nous sommes les seuls \u00e0 avoir une telle coh\u00e9rence dans le programme, assumons-le et allons le d\u00e9fendre aupr\u00e8s des Fran\u00e7ais<\/i><i>\u00a0<\/i><i>!<\/i><i>\u00a0<\/i>\u00bb, d\u00e9fend-il en redisant sa volont\u00e9 de \u00ab\u00a0<i>battre l\u2019extr\u00eame droite et offrir une alternative aux Fran\u00e7ais<\/i><i>\u00a0<\/i>\u00bb. En misant sur un travail aupr\u00e8s des abstentionnistes pour enfin renforcer les scores de la gauche.<\/p>\n<p>Face aux autres forces politiques qui \u00e0 gauche en appellent encore \u00e0 une primaire, il l\u2019assure\u00a0: \u00ab\u00a0<i>La primaire n\u2019aura pas lieu.<\/i><i>\u00a0<\/i>\u00bb De quoi nourrir le d\u00e9bat entre les partisans d\u2019une union \u00e0 gauche face au risque de l\u2019extr\u00eame droite, avec la menace de \u00ab\u00a0<i>l\u2019effet de souffle<\/i><i>\u00a0<\/i>\u00bb d\u2019une victoire du RN, avertit le Finist\u00e9rien Isma\u00ebl Dupont, et ceux qui appuient la sp\u00e9cificit\u00e9 communiste \u00e0 l\u2019image du Nantais Aymeric Saysseau. \u00ab\u00a0<i>Quand la gauche ne parle plus du travail et se contente de discours moral, l\u2019extr\u00eame droite peut mettre ses pantoufles<\/i><i>\u00a0<\/i>\u00bb, d\u00e9fend-il.<\/p>\n<p>Fabien Roussel, de son c\u00f4t\u00e9, insiste sur sa volont\u00e9 de pr\u00e9server l\u2019unit\u00e9 du PCF. \u00ab\u00a0<i>Des orientations diff\u00e9rentes se sont exprim\u00e9es, qui ont irrigu\u00e9 nos d\u00e9bats avec plusieurs textes et des attentes auxquelles il faudra r\u00e9pondre<\/i><i>\u00a0<\/i>\u00bb, reconna\u00eet-il. Trois ans apr\u00e8s le congr\u00e8s de Marseille, qui s\u2019\u00e9tait tenu en pleine mobilisation contre la r\u00e9forme des retraites, il se f\u00e9licite de voir que le sujet n\u2019a pas \u00e9t\u00e9 l\u00e2ch\u00e9 par les communistes, sur le terrain comme au Parlement. \u00ab\u00a0<i>Contrairement aux autres forces de gauche, nous consid\u00e9rons comme centrale la question du travail, de l\u2019emploi et d\u2019un salaire r\u00e9mun\u00e9rateur pour vivre dignement<\/i><i>\u00a0<\/i>\u00bb, insiste-t-il, en \u00e9num\u00e9rant les campagnes men\u00e9es en ce sens, et les 7\u00a0800\u00a0nouvelles adh\u00e9sions r\u00e9alis\u00e9es. Une question mise en avant avec les acclamations r\u00e9serv\u00e9es \u00e0 la CGT d\u2019ArcelorMittal, convi\u00e9e sur sc\u00e8ne. \u00ab\u00a0<i>Le Nord a \u00e9norm\u00e9ment souffert, mais arr\u00eatons d\u2019\u00eatre spectateurs,<\/i> invitait ainsi Ga\u00ebtan Lecocq. <i>Si Mittal veut faire de l\u2019acier hors d\u2019Europe, qu\u2019il d\u00e9gage et nous laisse nos outils de production<\/i><i>\u00a0<\/i><i>! Parce que si nous fermons, nous perdons l\u2019ensemble de nos savoir-faire.<\/i><i>\u00a0<\/i>\u00bb<\/p>\n<\/p><\/div>\n<div class=\"intext\"> Victoires de terrain\n              <\/div>\n<div class=\"paragraph\">\n<p>Le secr\u00e9taire national d\u00e9fend aussi face aux d\u00e9l\u00e9gu\u00e9s repr\u00e9sentant les 38\u00a0000\u00a0adh\u00e9rents du PCF l\u2019action de la direction du parti sur la solidarit\u00e9 internationale, la d\u00e9fense d\u2019une solution \u00e0 deux \u00c9tats en Palestine \u00e0 l\u2019inverse d\u2019autres forces \u00e0 gauche. \u00ab\u00a0<i>Cette clart\u00e9 dans nos prises de position nous a permis d\u2019\u00eatre interlocuteur privil\u00e9gi\u00e9 de l\u2019OLP <\/i>[Organisation de lib\u00e9ration de la Palestine, Ndlr.]<i> dans cette p\u00e9riode compliqu\u00e9e<\/i><i>\u00a0<\/i>\u00bb, appuie-t-il, en rappelant aussi les cinq containers d\u2019aide internationale pour Cuba. Et de mettre aussi en avant le travail r\u00e9alis\u00e9 pour un Plan climat \u00ab\u00a0<i>historique<\/i><i>\u00a0<\/i>\u00bb que d\u00e9fend le Rennais Amar Bellal, les travaux sur la protection de l\u2019enfance sur lesquels \u00ab\u00a0<i>nous aurions pr\u00e9f\u00e9r\u00e9 que l\u2019actualit\u00e9 ne nous donne pas raison<\/i>\u00a0\u00bb, souligne V\u00e9ronique Sanchez, pour le Haute-Corse.<\/p>\n<p>Les avanc\u00e9es des \u00e9lus au Parlement, des travaux de Fabien Gay sur les 211\u00a0milliards d\u2019aides aux entreprises \u00e0 la menace de censure de St\u00e9phane Peu pour faire reculer le gouvernement sur la remise en question du 1<sup>er<\/sup>-Mai, sont aussi salu\u00e9es, tout comme les victoires aux municipales. Avec la n\u00e9cessit\u00e9 de renforcer ces positions, au milieu des \u00e9cueils de l\u2019ann\u00e9e 2027.<\/p>\n<\/p><\/div>\n<div class=\"paragraph\">\n<p>\u00ab\u00a0Nous voulons battre l\u2019extr\u00eame droite et offrir une alternative aux Fran\u00e7ais.\u00a0\u00bb<\/p>\n<\/p><\/div>\n","protected":false},"excerpt":{"rendered":"","protected":false},"author":1,"featured_media":35201,"comment_status":"open","ping_status":"open","sticky":false,"template":"","format":"standard","meta":{"footnotes":""},"categories":[3926,3925,330],"tags":[942,441,606,572,250,677],"news-destination":[3944],"news-source":[475],"is_homepage":[],"ta_other":[],"class_list":["post-35200","post","type-post","status-publish","format-standard","has-post-thumbnail","hentry","category-accueil-merge","category-accueil-third","category-politique","tag-congres","tag-extreme-droite","tag-fabien-roussel","tag-france","tag-pcf","tag-presidentielle","news-destination-homepage","news-source-website"],"_links":{"self":[{"href":"https:\/\/euapp01.newsmemory.com\/lamarseillaise\/news\/wp-json\/wp\/v2\/posts\/35200","targetHints":{"allow":["GET"]}}],"collection":[{"href":"https:\/\/euapp01.newsmemory.com\/lamarseillaise\/news\/wp-json\/wp\/v2\/posts"}],"about":[{"href":"https:\/\/euapp01.newsmemory.com\/lamarseillaise\/news\/wp-json\/wp\/v2\/types\/post"}],"author":[{"embeddable":true,"href":"https:\/\/euapp01.newsmemory.com\/lamarseillaise\/news\/wp-json\/wp\/v2\/users\/1"}],"replies":[{"embeddable":true,"href":"https:\/\/euapp01.newsmemory.com\/lamarseillaise\/news\/wp-json\/wp\/v2\/comments?post=35200"}],"version-history":[{"count":2,"href":"https:\/\/euapp01.newsmemory.com\/lamarseillaise\/news\/wp-json\/wp\/v2\/posts\/35200\/revisions"}],"predecessor-version":[{"id":35207,"href":"https:\/\/euapp01.newsmemory.com\/lamarseillaise\/news\/wp-json\/wp\/v2\/posts\/35200\/revisions\/35207"}],"wp:featuredmedia":[{"embeddable":true,"href":"https:\/\/euapp01.newsmemory.com\/lamarseillaise\/news\/wp-json\/wp\/v2\/media\/35201"}],"wp:attachment":[{"href":"https:\/\/euapp01.newsmemory.com\/lamarseillaise\/news\/wp-json\/wp\/v2\/media?parent=35200"}],"wp:term":[{"taxonomy":"category","embeddable":true,"href":"https:\/\/euapp01.newsmemory.com\/lamarseillaise\/news\/wp-json\/wp\/v2\/categories?post=35200"},{"taxonomy":"post_tag","embeddable":true,"href":"https:\/\/euapp01.newsmemory.com\/lamarseillaise\/news\/wp-json\/wp\/v2\/tags?post=35200"},{"taxonomy":"news-destination","embeddable":true,"href":"https:\/\/euapp01.newsmemory.com\/lamarseillaise\/news\/wp-json\/wp\/v2\/news-destination?post=35200"},{"taxonomy":"news-source","embeddable":true,"href":"https:\/\/euapp01.newsmemory.com\/lamarseillaise\/news\/wp-json\/wp\/v2\/news-source?post=35200"},{"taxonomy":"is_homepage","embeddable":true,"href":"https:\/\/euapp01.newsmemory.com\/lamarseillaise\/news\/wp-json\/wp\/v2\/is_homepage?post=35200"},{"taxonomy":"ta_other","embeddable":true,"href":"https:\/\/euapp01.newsmemory.com\/lamarseillaise\/news\/wp-json\/wp\/v2\/ta_other?post=35200"}],"curies":[{"name":"wp","href":"https:\/\/api.w.org\/{rel}","templated":true}]}}