{"id":35197,"date":"2026-07-04T08:28:00","date_gmt":"2026-07-04T06:28:00","guid":{"rendered":"https:\/\/euapp01.newsmemory.com\/lamarseillaise\/news\/?p=35197"},"modified":"2026-07-08T09:57:08","modified_gmt":"2026-07-08T07:57:08","slug":"linternationalisme-a-lhonneur-de-la-palestine-a-cuba","status":"publish","type":"post","link":"https:\/\/euapp01.newsmemory.com\/lamarseillaise\/news\/2026\/07\/04\/linternationalisme-a-lhonneur-de-la-palestine-a-cuba\/","title":{"rendered":"L\u2019internationalisme \u00e0 l\u2019honneur, de la Palestine \u00e0 Cuba"},"content":{"rendered":"<div class=\"paragraph\">\n<p>La salle enti\u00e8re se l\u00e8ve pour applaudir les d\u00e9l\u00e9gations venues du Proche-Orient ou de Cuba. Avant l\u2019ouverture des travaux de leur 40<sup>e<\/sup>\u00a0congr\u00e8s, dans le Grand Th\u00e9\u00e2tre de Lille, les communistes fran\u00e7ais ont largement mis \u00e0 l\u2019honneur la solidarit\u00e9 internationale, en r\u00e9ponse \u00e0 la multiplication des conflits dans le monde. Tandis que le militant de l\u2019Organisation de lib\u00e9ration de la Palestine, Qassem Awad, saluait \u00ab\u00a0<i>le partenariat historique qui nous unit au Parti communiste fran\u00e7ais<\/i><i>\u00a0<\/i>\u00bb ainsi que l\u2019envoi d\u2019une nouvelle d\u00e9l\u00e9gation en Palestine, Fadwa Khader, du Parti du peuple palestinien, rappelait\u00a0: \u00ab\u00a0<i>Pour le peuple palestinien, cette solidarit\u00e9 n\u2019est pas un principe abstrait, c\u2019est une bou\u00e9e de sauvetage<\/i>.\u00a0\u00bb En soulignant que \u00ab\u00a0<i>la lutte pour la Palestine est indissociable de la lutte mondiale contre le colonialisme, l\u2019oppression, l\u2019exploitation, l\u2019imp\u00e9rialisme et toutes les formes d\u2019injustice<\/i><i>\u00a0<\/i>\u00bb.<\/p>\n<p>Pour le Parti Tudeh d\u2019Iran, Navid Shomali d\u00e9non\u00e7ait pour sa part l\u2019attaque conjointe des <span class=\"mln_uppercase_mln\">\u00c9<\/span>tats-Unis et d\u2019Isra\u00ebl, en violation de la charte de l\u2019ONU. Et de lancer\u00a0: \u00ab\u00a0<i>L\u2019abjecte r\u00e9alit\u00e9 est que les v\u00e9ritables foyers de terrorisme et de d\u00e9stabilisation au Moyen-Orient se trouvent \u00e0 Tel-Aviv et \u00e0 Washington.<\/i><i>\u00a0<\/i>\u00bb<\/p>\n<p>Dirigeante du Parti communiste isra\u00e9lien, Reem Hazan partageait l\u2019objectif de \u00ab\u00a0<i>nous d\u00e9barrasser des fascistes au pouvoir<\/i><i>\u00a0<\/i>\u00bb, \u00e0 l\u2019approche des prochaines \u00e9ch\u00e9ances \u00e9lectorales, en octobre. \u00ab\u00a0<i>Ne nous y trompons pas<\/i><i>\u00a0<\/i><i>: c\u2019est le syst\u00e8me qui doit \u00eatre d\u00e9mantel\u00e9<\/i><i>\u00a0<\/i><i>&#8211; le syst\u00e8me d\u2019occupation, d\u2019apartheid, de supr\u00e9matie ethnique et d\u2019aspirations \u00e0 l\u2019expansion imp\u00e9rialiste<\/i><i>\u00a0<\/i>\u00bb, appuie-t-elle.<\/p>\n<p>Ambassadeur de Cuba en France pour encore quelques jours, Otto Vaillant Frias a lui aussi lanc\u00e9 un appel \u00e0 la solidarit\u00e9, face aux menaces \u00e9tats-uniennes et \u00e0 un bloc \u00ab\u00a0<i>archa\u00efque, m\u00e9di\u00e9val, qui doit arr\u00eater<\/i>\u00a0\u00bb. \u00ab\u00a0<i>Nous voulons la paix, nous aimons la paix, mais nous serons pr\u00eats \u00e0 d\u00e9fendre notre patrie \u00e0 n\u2019importe quel prix<\/i><i>\u00a0<\/i>\u00bb, avertit-il, sous les acclamations.<\/p>\n<\/p><\/div>\n","protected":false},"excerpt":{"rendered":"La salle enti&egrave;re se l&egrave;ve pour applaudir les d&eacute;l&eacute;gations venues du Proche-Orient ou de Cuba. Avant l&rsquo;ouverture des travaux de leur 40e&nbsp;congr&egrave;s, dans le Grand Th&eacute;&acirc;tre de Lille, les communistes &#8230;","protected":false},"author":1,"featured_media":35198,"comment_status":"open","ping_status":"open","sticky":false,"template":"","format":"standard","meta":{"footnotes":""},"categories":[3926,3925,330],"tags":[942,3190,572,75,250,4674],"news-destination":[3944],"news-source":[475],"is_homepage":[],"ta_other":[],"class_list":["post-35197","post","type-post","status-publish","format-standard","has-post-thumbnail","hentry","category-accueil-merge","category-accueil-third","category-politique","tag-congres","tag-cuba","tag-france","tag-palestine","tag-pcf","tag-solidarite-internationale","news-destination-homepage","news-source-website"],"_links":{"self":[{"href":"https:\/\/euapp01.newsmemory.com\/lamarseillaise\/news\/wp-json\/wp\/v2\/posts\/35197","targetHints":{"allow":["GET"]}}],"collection":[{"href":"https:\/\/euapp01.newsmemory.com\/lamarseillaise\/news\/wp-json\/wp\/v2\/posts"}],"about":[{"href":"https:\/\/euapp01.newsmemory.com\/lamarseillaise\/news\/wp-json\/wp\/v2\/types\/post"}],"author":[{"embeddable":true,"href":"https:\/\/euapp01.newsmemory.com\/lamarseillaise\/news\/wp-json\/wp\/v2\/users\/1"}],"replies":[{"embeddable":true,"href":"https:\/\/euapp01.newsmemory.com\/lamarseillaise\/news\/wp-json\/wp\/v2\/comments?post=35197"}],"version-history":[{"count":1,"href":"https:\/\/euapp01.newsmemory.com\/lamarseillaise\/news\/wp-json\/wp\/v2\/posts\/35197\/revisions"}],"predecessor-version":[{"id":35199,"href":"https:\/\/euapp01.newsmemory.com\/lamarseillaise\/news\/wp-json\/wp\/v2\/posts\/35197\/revisions\/35199"}],"wp:featuredmedia":[{"embeddable":true,"href":"https:\/\/euapp01.newsmemory.com\/lamarseillaise\/news\/wp-json\/wp\/v2\/media\/35198"}],"wp:attachment":[{"href":"https:\/\/euapp01.newsmemory.com\/lamarseillaise\/news\/wp-json\/wp\/v2\/media?parent=35197"}],"wp:term":[{"taxonomy":"category","embeddable":true,"href":"https:\/\/euapp01.newsmemory.com\/lamarseillaise\/news\/wp-json\/wp\/v2\/categories?post=35197"},{"taxonomy":"post_tag","embeddable":true,"href":"https:\/\/euapp01.newsmemory.com\/lamarseillaise\/news\/wp-json\/wp\/v2\/tags?post=35197"},{"taxonomy":"news-destination","embeddable":true,"href":"https:\/\/euapp01.newsmemory.com\/lamarseillaise\/news\/wp-json\/wp\/v2\/news-destination?post=35197"},{"taxonomy":"news-source","embeddable":true,"href":"https:\/\/euapp01.newsmemory.com\/lamarseillaise\/news\/wp-json\/wp\/v2\/news-source?post=35197"},{"taxonomy":"is_homepage","embeddable":true,"href":"https:\/\/euapp01.newsmemory.com\/lamarseillaise\/news\/wp-json\/wp\/v2\/is_homepage?post=35197"},{"taxonomy":"ta_other","embeddable":true,"href":"https:\/\/euapp01.newsmemory.com\/lamarseillaise\/news\/wp-json\/wp\/v2\/ta_other?post=35197"}],"curies":[{"name":"wp","href":"https:\/\/api.w.org\/{rel}","templated":true}]}}