{"id":35193,"date":"2026-07-04T08:24:00","date_gmt":"2026-07-04T06:24:00","guid":{"rendered":"https:\/\/euapp01.newsmemory.com\/lamarseillaise\/news\/?p=35193"},"modified":"2026-07-08T09:02:34","modified_gmt":"2026-07-08T07:02:34","slug":"a-marseille-une-nouvelle-alerte-pour-la-splain-et-evacuations-rue-daubagne","status":"publish","type":"post","link":"https:\/\/euapp01.newsmemory.com\/lamarseillaise\/news\/2026\/07\/04\/a-marseille-une-nouvelle-alerte-pour-la-splain-et-evacuations-rue-daubagne\/","title":{"rendered":"\u00c0 Marseille, une nouvelle alerte pour la Splain et \u00e9vacuations rue d\u2019Aubagne"},"content":{"rendered":"<div class=\"paragraph\">\n<p>La tension est remont\u00e9e jeudi soir vers 19h, rue d\u2019Aubagne, autour du chantier de la Soci\u00e9t\u00e9 publique locale d\u2019am\u00e9nagement d\u2019int\u00e9r\u00eat national (Splain) Aix-Marseille-Provence o\u00f9, devant un risque d\u2019effondrement, les marins-pompiers ont proc\u00e9d\u00e9 \u00e0 l\u2019\u00e9vacuation de trois immeubles en vis-\u00e0-vis ou bien voisin du 16\u00a0rue d\u2019Aubagne, de nouveau au centre de toutes les inqui\u00e9tudes.<\/p>\n<p>L\u2019\u00e9volution des fissures sur ce dernier immeuble pourtant fortement renforc\u00e9, tr\u00e8s \u00e9tay\u00e9 et tr\u00e8s surveill\u00e9 depuis l\u2019effondrement, le 18\u00a0juin, de tous les planchers et de la toiture c\u00f4t\u00e9 Halle Delacroix, a d\u00e9clench\u00e9 l\u2019ordre de retrait des ouvriers et l\u2019arriv\u00e9e d\u2019une trentaine de marins-pompiers pour \u00e9vacuer le secteur.<\/p>\n<p>Vendredi matin, la rue d\u2019Aubagne \u00e9tait de nouveau coup\u00e9e \u00e0 hauteur des rues Rodolphe-Pollak et Vacon. Dans ce p\u00e9rim\u00e8tre de s\u00e9curit\u00e9, les marins-pompiers ont \u00e9vacu\u00e9 en soir\u00e9e, parfois par la grande \u00e9chelle, les occupants des immeubles et des rez-de-chauss\u00e9e des 21, 23 et 25\u00a0rue d\u2019Aubagne, pour mener des v\u00e9rifications sur le 16\u00a0rue d\u2019Aubagne. \u00ab\u00a0<i>Par pr\u00e9caution, une dizaine de personnes ont \u00e9t\u00e9 \u00e9vacu\u00e9es<\/i><i>\u00a0<\/i>\u00bb, expliquait Audrey Garino, adjointe en charge du logement. \u00ab\u00a0<i>Par mesure de pr\u00e9caution, un p\u00e9rim\u00e8tre de s\u00e9curit\u00e9 a \u00e9t\u00e9 \u00e9tabli. Toutes les \u00e9quipes comp\u00e9tentes sont mobilis\u00e9es afin d\u2019\u00e9valuer la situation et garantir la s\u00e9curit\u00e9 des personnes impact\u00e9es par la situation<\/i><i>\u00a0<\/i>\u00bb, ajoutait la Ville de Marseille sur son compte X. \u00ab\u00a0<i>Les dix personnes ont \u00e9t\u00e9 accueillies et orient\u00e9es vers des h\u00f4tels<\/i><i>\u00a0<\/i>\u00bb, ajoutait de son c\u00f4t\u00e9 la maire de secteur sur X. Cinq habitants ont demand\u00e9 \u00e0 \u00eatre relog\u00e9s par la Ville.<\/p>\n<p><span class=\"mln_uppercase_mln\">\u00e0<\/span> l\u2019\u00e9vidence, l\u2019effondrement du 18\u00a0juin a \u00e9branl\u00e9 l\u2019\u00eelot ou, \u00e0 tout le moins, la parcelle sur un b\u00e2ti tr\u00e8s d\u00e9grad\u00e9 et remani\u00e9 au cours des si\u00e8cles par des sur\u00e9l\u00e9vations pour y cr\u00e9er des logements suppl\u00e9mentaires. \u00ab\u00a0<i>Sur le plan structurel, les ouvertures de commerces ont fait l\u2019objet de plusieurs transformations, pour s\u2019agrandir, qui ont sensiblement modifi\u00e9 la composition architecturale et les descentes de charges originelles<\/i><i>\u00a0<\/i>\u00bb, peut-on lire dans le permis de construire.<\/p>\n<\/p><\/div>\n<div class=\"intext\"> Un \u00e9tat b\u00e2timentaire pr\u00e9occupant\n              <\/div>\n<div class=\"paragraph\">\n<p>Preuve que l\u2019\u00e9tat b\u00e2timentaire de cette rue reste toujours aussi pr\u00e9occupant, un arr\u00eat\u00e9 de mise en s\u00e9curit\u00e9, proc\u00e9dure d\u2019urgence, a \u00e9t\u00e9 publi\u00e9 vendredi. Il concerne le 21\u00a0rue d\u2019Aubagne et fait suite \u00e0 un rapport de visite du 17\u00a0juin, suite \u00e0 l\u2019effondrement partiel du plancher bas du palier au 1<sup>er<\/sup>\u00a0\u00e9tage, avec risque imminent de chute de personnes. La forte corrosion des aciers des vo\u00fbtains entra\u00eene un risque imminent d\u2019effondrement partiel du plancher haut, qui justifie l\u2019interdiction d\u2019occupation du sous-sol.<\/p>\n<p>Autre signe que l\u2019\u00e9radication de l\u2019habitat indigne est un combat sur le temps long, le pr\u00e9fet a prorog\u00e9 de 5\u00a0ans la d\u00e9claration d\u2019utilit\u00e9 publique de juin\u00a02021 au b\u00e9n\u00e9fice de Marseille Habitat, en vue de cr\u00e9er des logements sociaux au 6\u00a0rue d\u2019Aubagne. La SEM de la Ville n\u2019est pas parvenue, en cinq ans, \u00e0 acqu\u00e9rir la totalit\u00e9 des lots.<\/p>\n<\/p><\/div>\n","protected":false},"excerpt":{"rendered":"La tension est remont&eacute;e jeudi soir vers 19h, rue d&rsquo;Aubagne, autour du chantier de la Soci&eacute;t&eacute; publique locale d&rsquo;am&eacute;nagement d&rsquo;int&eacute;r&ecirc;t national (Splain) Aix-Marseille-Provence o&ugrave;, &#8230;","protected":false},"author":1,"featured_media":35194,"comment_status":"open","ping_status":"open","sticky":false,"template":"","format":"standard","meta":{"footnotes":""},"categories":[3926,3925,20],"tags":[1091,10,16,2953],"news-destination":[3944],"news-source":[475],"is_homepage":[],"ta_other":[],"class_list":["post-35193","post","type-post","status-publish","format-standard","has-post-thumbnail","hentry","category-accueil-merge","category-accueil-third","category-societe","tag-alerte","tag-bouches-du-rhone","tag-marseille","tag-rue-daubagne","news-destination-homepage","news-source-website"],"_links":{"self":[{"href":"https:\/\/euapp01.newsmemory.com\/lamarseillaise\/news\/wp-json\/wp\/v2\/posts\/35193","targetHints":{"allow":["GET"]}}],"collection":[{"href":"https:\/\/euapp01.newsmemory.com\/lamarseillaise\/news\/wp-json\/wp\/v2\/posts"}],"about":[{"href":"https:\/\/euapp01.newsmemory.com\/lamarseillaise\/news\/wp-json\/wp\/v2\/types\/post"}],"author":[{"embeddable":true,"href":"https:\/\/euapp01.newsmemory.com\/lamarseillaise\/news\/wp-json\/wp\/v2\/users\/1"}],"replies":[{"embeddable":true,"href":"https:\/\/euapp01.newsmemory.com\/lamarseillaise\/news\/wp-json\/wp\/v2\/comments?post=35193"}],"version-history":[{"count":1,"href":"https:\/\/euapp01.newsmemory.com\/lamarseillaise\/news\/wp-json\/wp\/v2\/posts\/35193\/revisions"}],"predecessor-version":[{"id":35195,"href":"https:\/\/euapp01.newsmemory.com\/lamarseillaise\/news\/wp-json\/wp\/v2\/posts\/35193\/revisions\/35195"}],"wp:featuredmedia":[{"embeddable":true,"href":"https:\/\/euapp01.newsmemory.com\/lamarseillaise\/news\/wp-json\/wp\/v2\/media\/35194"}],"wp:attachment":[{"href":"https:\/\/euapp01.newsmemory.com\/lamarseillaise\/news\/wp-json\/wp\/v2\/media?parent=35193"}],"wp:term":[{"taxonomy":"category","embeddable":true,"href":"https:\/\/euapp01.newsmemory.com\/lamarseillaise\/news\/wp-json\/wp\/v2\/categories?post=35193"},{"taxonomy":"post_tag","embeddable":true,"href":"https:\/\/euapp01.newsmemory.com\/lamarseillaise\/news\/wp-json\/wp\/v2\/tags?post=35193"},{"taxonomy":"news-destination","embeddable":true,"href":"https:\/\/euapp01.newsmemory.com\/lamarseillaise\/news\/wp-json\/wp\/v2\/news-destination?post=35193"},{"taxonomy":"news-source","embeddable":true,"href":"https:\/\/euapp01.newsmemory.com\/lamarseillaise\/news\/wp-json\/wp\/v2\/news-source?post=35193"},{"taxonomy":"is_homepage","embeddable":true,"href":"https:\/\/euapp01.newsmemory.com\/lamarseillaise\/news\/wp-json\/wp\/v2\/is_homepage?post=35193"},{"taxonomy":"ta_other","embeddable":true,"href":"https:\/\/euapp01.newsmemory.com\/lamarseillaise\/news\/wp-json\/wp\/v2\/ta_other?post=35193"}],"curies":[{"name":"wp","href":"https:\/\/api.w.org\/{rel}","templated":true}]}}