{"id":35190,"date":"2026-07-04T08:54:00","date_gmt":"2026-07-04T06:54:00","guid":{"rendered":"https:\/\/euapp01.newsmemory.com\/lamarseillaise\/news\/?p=35190"},"modified":"2026-07-08T09:57:07","modified_gmt":"2026-07-08T07:57:07","slug":"la-soupe-au-pistou-a-son-championnat-du-monde","status":"publish","type":"post","link":"https:\/\/euapp01.newsmemory.com\/lamarseillaise\/news\/2026\/07\/04\/la-soupe-au-pistou-a-son-championnat-du-monde\/","title":{"rendered":"\u00c0 Miramas, la soupe au pistou ason championnat du monde"},"content":{"rendered":"<div class=\"paragraph\">\n<p>Bonne humeur<br \/>et convivialit\u00e9<\/p>\n<p>\u00ab\u00a0<i>L\u2019id\u00e9e de cr\u00e9er cet \u00e9v\u00e9nement est n\u00e9e en 2011 ou 2012 alors que les \u00e9quipes de l\u2019office de tourisme \u00e9taient invit\u00e9es \u00e0 participer au championnat du monde de la garbure, une soupe \u00e0 base de choux et typique de la cuisine du Sud-Ouest<\/i><i>\u00a0<\/i>\u00bb, continue-t-elle. \u00ab\u00a0<i>Apr\u00e8s avoir go\u00fbt\u00e9, ils ont trouv\u00e9 que cette soupe avait un go\u00fbt de Provence alors ils ont d\u00e9cid\u00e9 de faire la m\u00eame chose avec la soupe au pistou embl\u00e8me de notre cuisine proven\u00e7ale.<\/i><i>\u00a0<\/i>\u00bb<\/p>\n<p>Les diff\u00e9rentes \u00e9quipes peaufineront leur plat samedi avant la d\u00e9gustation du jury de chefs en fin de journ\u00e9e. Les visiteurs eux pourront assister aux pr\u00e9paratifs, profiter d\u2019un march\u00e9 de producteurs locaux sur la place ou encore participer aux animations pr\u00e9vues tout au long de la journ\u00e9e. \u00ab\u00a0<i>Il y aura des animations musicales avec des pe\u00f1a qui sont des fanfanres de rue tout au long de la journ\u00e9e et quand les gagnants de cette \u00e9dition seront donn\u00e9s, les festivit\u00e9s se poursuivront avec un ap\u00e9ro, et un spectacle pour tous<\/i><i>\u00a0<\/i>\u00bb, souligne Manon Martinez.<\/p>\n<p>En cas de fortes chaleurs et de restrictions, le Championnat du monde ne sera pas annul\u00e9 mais d\u00e9plac\u00e9 vers la salle des f\u00eates de la ville.<\/p>\n<\/p><\/div>\n","protected":false},"excerpt":{"rendered":"Bonne humeuret convivialit&eacute;&laquo;&nbsp;L&rsquo;id&eacute;e de cr&eacute;er cet &eacute;v&eacute;nement est n&eacute;e en 2011 ou 2012 alors que les &eacute;quipes de l&rsquo;office de tourisme &eacute;taient invit&eacute;es &agrave; &#8230;","protected":false},"author":1,"featured_media":35191,"comment_status":"open","ping_status":"open","sticky":false,"template":"","format":"standard","meta":{"footnotes":""},"categories":[3926,3925,20],"tags":[10,1213,16,3874,988,2001],"news-destination":[3944],"news-source":[475],"is_homepage":[],"ta_other":[],"class_list":["post-35190","post","type-post","status-publish","format-standard","has-post-thumbnail","hentry","category-accueil-merge","category-accueil-third","category-societe","tag-bouches-du-rhone","tag-championnat-du-monde","tag-marseille","tag-soupe","tag-week-end","tag-weekend","news-destination-homepage","news-source-website"],"_links":{"self":[{"href":"https:\/\/euapp01.newsmemory.com\/lamarseillaise\/news\/wp-json\/wp\/v2\/posts\/35190","targetHints":{"allow":["GET"]}}],"collection":[{"href":"https:\/\/euapp01.newsmemory.com\/lamarseillaise\/news\/wp-json\/wp\/v2\/posts"}],"about":[{"href":"https:\/\/euapp01.newsmemory.com\/lamarseillaise\/news\/wp-json\/wp\/v2\/types\/post"}],"author":[{"embeddable":true,"href":"https:\/\/euapp01.newsmemory.com\/lamarseillaise\/news\/wp-json\/wp\/v2\/users\/1"}],"replies":[{"embeddable":true,"href":"https:\/\/euapp01.newsmemory.com\/lamarseillaise\/news\/wp-json\/wp\/v2\/comments?post=35190"}],"version-history":[{"count":2,"href":"https:\/\/euapp01.newsmemory.com\/lamarseillaise\/news\/wp-json\/wp\/v2\/posts\/35190\/revisions"}],"predecessor-version":[{"id":35208,"href":"https:\/\/euapp01.newsmemory.com\/lamarseillaise\/news\/wp-json\/wp\/v2\/posts\/35190\/revisions\/35208"}],"wp:featuredmedia":[{"embeddable":true,"href":"https:\/\/euapp01.newsmemory.com\/lamarseillaise\/news\/wp-json\/wp\/v2\/media\/35191"}],"wp:attachment":[{"href":"https:\/\/euapp01.newsmemory.com\/lamarseillaise\/news\/wp-json\/wp\/v2\/media?parent=35190"}],"wp:term":[{"taxonomy":"category","embeddable":true,"href":"https:\/\/euapp01.newsmemory.com\/lamarseillaise\/news\/wp-json\/wp\/v2\/categories?post=35190"},{"taxonomy":"post_tag","embeddable":true,"href":"https:\/\/euapp01.newsmemory.com\/lamarseillaise\/news\/wp-json\/wp\/v2\/tags?post=35190"},{"taxonomy":"news-destination","embeddable":true,"href":"https:\/\/euapp01.newsmemory.com\/lamarseillaise\/news\/wp-json\/wp\/v2\/news-destination?post=35190"},{"taxonomy":"news-source","embeddable":true,"href":"https:\/\/euapp01.newsmemory.com\/lamarseillaise\/news\/wp-json\/wp\/v2\/news-source?post=35190"},{"taxonomy":"is_homepage","embeddable":true,"href":"https:\/\/euapp01.newsmemory.com\/lamarseillaise\/news\/wp-json\/wp\/v2\/is_homepage?post=35190"},{"taxonomy":"ta_other","embeddable":true,"href":"https:\/\/euapp01.newsmemory.com\/lamarseillaise\/news\/wp-json\/wp\/v2\/ta_other?post=35190"}],"curies":[{"name":"wp","href":"https:\/\/api.w.org\/{rel}","templated":true}]}}