{"id":35187,"date":"2026-07-04T13:50:00","date_gmt":"2026-07-04T11:50:00","guid":{"rendered":"https:\/\/euapp01.newsmemory.com\/lamarseillaise\/news\/?p=35187"},"modified":"2026-07-09T07:48:18","modified_gmt":"2026-07-09T05:48:18","slug":"je-suis-le-cineaste-des-causes-perdues-des-choses-que-personne-ne-veut-raconter-des-maquis-totalement-ignores-par-le-cinema","status":"publish","type":"post","link":"https:\/\/euapp01.newsmemory.com\/lamarseillaise\/news\/2026\/07\/04\/je-suis-le-cineaste-des-causes-perdues-des-choses-que-personne-ne-veut-raconter-des-maquis-totalement-ignores-par-le-cinema\/","title":{"rendered":"[Grand Entretien] Christian Philibert: \u00ab&nbsp;Une enqu\u00eate sur les traces des maquisards&nbsp;\u00bb"},"content":{"rendered":"<div class=\"paragraph\">\n<p><b>La Marseillaise<\/b><b>\u00a0<\/b><b>: <\/b><b>Comment avez-vous eu l\u2019id\u00e9e de ce documentaire sur <br \/>le maquis Vallier<\/b><b>\u00a0<\/b><b>?<\/b><\/p>\n<p><b>Christian Philibert<\/b><b>\u00a0<\/b><b>:<\/b> 10 ans plus t\u00f4t, pour le 70<sup>e<\/sup> anniversaire du d\u00e9barquement de Provence, j\u2019avais tourn\u00e9 un documentaire qui s\u2019appelait <i>Provence ao\u00fbt 1944, l\u2019autre d\u00e9barquement<\/i>, qui \u00e9tait le premier documentaire consacr\u00e9 au d\u00e9barquement de Provence. Ce film a beaucoup tourn\u00e9 et a permis de populariser cette page d\u2019histoire oubli\u00e9e, enterr\u00e9e par le d\u00e9barquement de Normandie. Je voyais arriver le 80<sup>e<\/sup>\u00a0anniversaire, et je m\u2019\u00e9tais donn\u00e9 comme mission de r\u00e9cidiver. Plusieurs amis m\u2019ont conseill\u00e9 de lire le <i>Cahier Rouge du Maquis<\/i>, le journal de bord du maquis du Haut-Var. Pendant six mois, il a \u00e9t\u00e9 envoy\u00e9 dans le maquis pour prendre en main des jeunes qui fuyaient le STO (Service du travail obligatoire), et lui, il devait en faire des soldats en vue du d\u00e9barquement de M\u00e9diterran\u00e9e qui devait arriver. \u00c0 la demande de De Gaulle, il fallait que les Fran\u00e7ais participent \u00e0 leur propre lib\u00e9ration. C\u2019\u00e9tait important qu\u2019on ne soit pas juste assist\u00e9s. Ce journal de bord est un document unique dans l\u2019histoire des maquis fran\u00e7ais. Et moi, \u00e7a m\u2019int\u00e9ressait de changer le point de vue, de ne pas raconter l\u2019histoire du d\u00e9barquement, que j\u2019avais d\u00e9j\u00e0 fait, et dans lequel la partie de la r\u00e9sistance n\u2019avait pas \u00e9t\u00e9 trop d\u00e9velopp\u00e9e. \u00c0 l\u2019\u00e9poque, quand j\u2019avais fait ce film, j\u2019avais trouv\u00e9 ce sujet int\u00e9ressant, des maquis totalement ignor\u00e9s par le cin\u00e9ma. Moi, je suis toujours le cin\u00e9aste des causes perdues, des choses que personne ne veut raconter. Et puis les maquis, \u00e7a s\u2019est pass\u00e9 dans les collines de chez nous. Les collines, c\u2019est des endroits o\u00f9 je me sens bien, o\u00f9 j\u2019aime bien travailler. Et donc, tr\u00e8s vite est venue l\u2019id\u00e9e d\u2019adapter ce <i>Cahier Rouge du maquis<\/i> au cin\u00e9ma. Je ne savais pas trop comment l\u2019aborder, parce qu\u2019il n\u2019y avait plus d\u2019images d\u2019archives consacr\u00e9es \u00e0 ce maquis, et plus de gens \u00e0 interviewer, de t\u00e9moins, ils \u00e9taient tous morts. L\u2019id\u00e9e, c\u2019\u00e9tait de chercher autre chose, une autre mani\u00e8re de raconter \u00e7a. \u00c0 la lecture du <i>Cahier Rouge<\/i>, ce qui m\u2019avait saut\u00e9 aux yeux, c\u2019\u00e9tait la jeunesse de ces maquisards, qui avaient entre 16 et 20\u00a0ans. Ils ne voulaient pas partir en Allemagne travailler pour les Allemands. Je suis tr\u00e8s soucieux de la transmission de l\u2019histoire, comment arriver \u00e0 int\u00e9resser les jeunes \u00e0 l\u2019histoire. Et je me suis dit, vu que c\u2019est une histoire de jeunes, quoi de plus logique que de le faire avec des jeunes pour des jeunes.<\/p>\n<p><b>Comment avez-vous eu le projet <br \/>de m\u00ealer cin\u00e9ma et th\u00e9\u00e2tre <br \/>pour ce documentaire ?<\/b><\/p>\n<p><b>C.P.<\/b><b>\u00a0<\/b><b>: <\/b>Je me suis dit qu\u2019on allait r\u00e9unir des jeunes passionn\u00e9s d\u2019histoire, et mener une enqu\u00eate sur les traces des maquisards, marcher sur leurs pas, l\u00e0 o\u00f9 ils sont all\u00e9s, l\u00e0 o\u00f9 ils se sont cach\u00e9s, l\u00e0 o\u00f9 ils se sont battus, l\u00e0 o\u00f9 ils sont morts, aller voir des descendants de maquisards, des historiens, des mus\u00e9es. Et \u00e0 travers cette enqu\u00eate, raconter l\u2019histoire. C\u2019est l\u00e0 o\u00f9 intervient Philippe Chuyen, un ami de longue date qui s\u2019int\u00e9resse depuis longtemps \u00e0 ce cahier rouge, il voulait l\u2019adapter. Cela lui a donn\u00e9 envie de relancer cette id\u00e9e de pi\u00e8ce de th\u00e9\u00e2tre. C\u2019est devenu \u00e9vident : ces jeunes, on n\u2019allait pas simplement les engager dans une enqu\u00eate historique, on allait surtout les engager pour monter une pi\u00e8ce de th\u00e9\u00e2tre. Et dans le cadre de cette pi\u00e8ce, on allait mener l\u2019enqu\u00eate historique que je voulais faire, mise au profit de la cr\u00e9ation th\u00e9\u00e2trale.<\/p>\n<p>Donc l\u2019id\u00e9e, c\u2019\u00e9tait de produire une pi\u00e8ce de th\u00e9\u00e2tre mise en sc\u00e8ne par Philippe Chuyen, dans laquelle, 80\u00a0ans plus tard, jour pour jour, on lui confie la responsabilit\u00e9 de monter une pi\u00e8ce de th\u00e9\u00e2tre avec des jeunes qui ne sont pas des com\u00e9diens et d\u2019en faire des com\u00e9diens. Donc les deux histoires de la cr\u00e9ation th\u00e9\u00e2trale et celle du maquis se racontent en parall\u00e8le. La cr\u00e9ation th\u00e9\u00e2trale devient m\u00eame une sorte de m\u00e9taphore du maquis. Le but, c\u2019\u00e9tait que ces deux histoires se croisent le plus souvent possible. Elles n\u2019ont fait que \u00e7a. C\u2019est \u00e7a qui donne au film sa force, son originalit\u00e9. La prise de risque qui a \u00e9t\u00e9 prise, c\u2019est qu\u2019on a recrut\u00e9 des jeunes qui n\u2019\u00e9taient pas des acteurs professionnels. Le pari, c\u2019\u00e9tait, sur une p\u00e9riode de six mois, de les engager dans cette cr\u00e9ation th\u00e9\u00e2trale et de les amener jusqu\u2019\u00e0 la sc\u00e8ne devant le public. C\u2019\u00e9tait loin d\u2019\u00eatre gagn\u00e9 d\u2019avance. Le film raconte bien cette difficult\u00e9 de tenir les jeunes et de les amener \u00e0 porter cette histoire de la m\u00eame fa\u00e7on qu\u2019\u00e0 l\u2019\u00e9poque, il fallait aussi tenir les jeunes dans le maquis.<\/p>\n<p><b>O\u00f9 avez-vous trouv\u00e9 ces jeunes ?<\/b><\/p>\n<p><b>C.P.<\/b><b>\u00a0<\/b><b>: <\/b>On a sollicit\u00e9 des missions locales. Cela donnait un c\u00f4t\u00e9 social au projet. J\u2019avais vraiment l\u2019intention de trouver des jeunes sans formation, un peu comme dans un casting sauvage, d\u2019essayer de trouver des gens qui pouvaient repr\u00e9senter des profils de maquisards qui pouvaient monter au maquis \u00e0 l\u2019\u00e9poque. Au d\u00e9part, Philippe avait rejet\u00e9 cette id\u00e9e tr\u00e8s vite, il avait dit, \u00ab\u00a0<i>moi, c\u2019est du th\u00e9\u00e2tre, c\u2019est pas du cin\u00e9ma, c\u2019est une chose s\u00e9rieuse, il me faut des jeunes qui sont capables de porter le texte, de l\u2019apprendre, d\u2019\u00eatre l\u00e0 tous les jours<\/i><i>\u00a0<\/i><i>\u00bb<\/i>.<\/p>\n<p><b>Comment avez-vous financ\u00e9 <br \/>ce projet<\/b><b>\u00a0<\/b><b>?<\/b><\/p>\n<p><b>C.P.<\/b><b>\u00a0<\/b><b>: <\/b>Cela aurait pu capoter \u00e0 cause des politiques qui nous avaient fait des promesses de financement et qui ne les tenaient pas. \u00c0 un moment, on \u00e9tait au bord du gouffre, on a dit on arr\u00eate, on a failli arr\u00eater. L\u2019argent ne tombait pas. Comme je filmais tout, tous ces probl\u00e8mes \u00e9taient enregistr\u00e9s. Il valait mieux qu\u2019ils tiennent leurs promesses.<\/p>\n<\/p><\/div>\n","protected":false},"excerpt":{"rendered":"La Marseillaise&nbsp;: Comment avez-vous eu l&rsquo;id&eacute;e de ce documentaire sur le maquis Vallier&nbsp;?","protected":false},"author":1,"featured_media":35188,"comment_status":"open","ping_status":"open","sticky":false,"template":"","format":"standard","meta":{"footnotes":""},"categories":[3926,3925,32],"tags":[4768,4467,919,35,6014,6015,222,1729,3082,1241,31],"news-destination":[3944],"news-source":[475],"is_homepage":[],"ta_other":[],"class_list":["post-35187","post","type-post","status-publish","format-standard","has-post-thumbnail","hentry","category-accueil-merge","category-accueil-third","category-culture","tag-alpes","tag-alpes-de-haute-provence","tag-cinema","tag-culture","tag-debarquement","tag-debarquement-de-provence","tag-region-sud-paca","tag-resistance","tag-seconde-guerre-mondiale","tag-theatre","tag-var","news-destination-homepage","news-source-website"],"_links":{"self":[{"href":"https:\/\/euapp01.newsmemory.com\/lamarseillaise\/news\/wp-json\/wp\/v2\/posts\/35187","targetHints":{"allow":["GET"]}}],"collection":[{"href":"https:\/\/euapp01.newsmemory.com\/lamarseillaise\/news\/wp-json\/wp\/v2\/posts"}],"about":[{"href":"https:\/\/euapp01.newsmemory.com\/lamarseillaise\/news\/wp-json\/wp\/v2\/types\/post"}],"author":[{"embeddable":true,"href":"https:\/\/euapp01.newsmemory.com\/lamarseillaise\/news\/wp-json\/wp\/v2\/users\/1"}],"replies":[{"embeddable":true,"href":"https:\/\/euapp01.newsmemory.com\/lamarseillaise\/news\/wp-json\/wp\/v2\/comments?post=35187"}],"version-history":[{"count":2,"href":"https:\/\/euapp01.newsmemory.com\/lamarseillaise\/news\/wp-json\/wp\/v2\/posts\/35187\/revisions"}],"predecessor-version":[{"id":35196,"href":"https:\/\/euapp01.newsmemory.com\/lamarseillaise\/news\/wp-json\/wp\/v2\/posts\/35187\/revisions\/35196"}],"wp:featuredmedia":[{"embeddable":true,"href":"https:\/\/euapp01.newsmemory.com\/lamarseillaise\/news\/wp-json\/wp\/v2\/media\/35188"}],"wp:attachment":[{"href":"https:\/\/euapp01.newsmemory.com\/lamarseillaise\/news\/wp-json\/wp\/v2\/media?parent=35187"}],"wp:term":[{"taxonomy":"category","embeddable":true,"href":"https:\/\/euapp01.newsmemory.com\/lamarseillaise\/news\/wp-json\/wp\/v2\/categories?post=35187"},{"taxonomy":"post_tag","embeddable":true,"href":"https:\/\/euapp01.newsmemory.com\/lamarseillaise\/news\/wp-json\/wp\/v2\/tags?post=35187"},{"taxonomy":"news-destination","embeddable":true,"href":"https:\/\/euapp01.newsmemory.com\/lamarseillaise\/news\/wp-json\/wp\/v2\/news-destination?post=35187"},{"taxonomy":"news-source","embeddable":true,"href":"https:\/\/euapp01.newsmemory.com\/lamarseillaise\/news\/wp-json\/wp\/v2\/news-source?post=35187"},{"taxonomy":"is_homepage","embeddable":true,"href":"https:\/\/euapp01.newsmemory.com\/lamarseillaise\/news\/wp-json\/wp\/v2\/is_homepage?post=35187"},{"taxonomy":"ta_other","embeddable":true,"href":"https:\/\/euapp01.newsmemory.com\/lamarseillaise\/news\/wp-json\/wp\/v2\/ta_other?post=35187"}],"curies":[{"name":"wp","href":"https:\/\/api.w.org\/{rel}","templated":true}]}}