{"id":35181,"date":"2026-07-04T08:05:00","date_gmt":"2026-07-04T06:05:00","guid":{"rendered":"https:\/\/euapp01.newsmemory.com\/lamarseillaise\/news\/?p=35181"},"modified":"2026-07-08T08:32:58","modified_gmt":"2026-07-08T06:32:58","slug":"chemins-des-parcs-souffle-sa-10e-bougie","status":"publish","type":"post","link":"https:\/\/euapp01.newsmemory.com\/lamarseillaise\/news\/2026\/07\/04\/chemins-des-parcs-souffle-sa-10e-bougie\/","title":{"rendered":"Chemins des parcs souffle sa 10e bougie"},"content":{"rendered":"<div class=\"paragraph\">\n<p>Cette plateforme accessible avec ou sans connexion internet d\u00e9di\u00e9e \u00e0 une randonn\u00e9e respectueuse et \u00e9clair\u00e9e c\u00e9l\u00e8bre son dixi\u00e8me anniversaire. Lanc\u00e9e en juin 2016 par cinq Parcs pionniers que sont les Alpilles, la Camargue, le Luberon, le Verdon et le Queyras ils ont rapidement \u00e9t\u00e9 rejoints par les Parcs des Pr\u00e9alpes d\u2019Azur, des Baronnies proven\u00e7ales, de la Sainte-Baume et du Mont-Ventoux. Une aventure collective qui propose aujourd\u2019hui plus de 510\u00a0itin\u00e9raires pour explorer autrement les paysages et patrimoines r\u00e9gionaux.<\/p>\n<p>Plus qu\u2019un simple outil num\u00e9rique, Chemins des Parcs porte avant tout une vision et une envie de partage. Partager une d\u00e9couverte sensible o\u00f9 le but n\u2019est pas l\u2019arriv\u00e9e mais bien le chemin que l\u2019on est invit\u00e9 \u00e0 parcourir, \u00e0 d\u00e9couvrir et \u00e0 appr\u00e9cier.<\/p>\n<p>Une nature sensible <br \/>et remarquable<\/p>\n<p>Que ce soit \u00e0 pied, \u00e0 v\u00e9lo, \u00e0 VTT, chacun est libre de cheminer de point remarquable en point remarquable. Des balades faites de rencontres \u00e9tonnantes avec les esp\u00e8ces locales pour se reconnecter \u00e0 sa propre nature. Une invitation au retour aux choses vraies et \u00e0 la nature sensible et fragile, celles dont on a envie de prendre soin.<\/p>\n<p>\u00ab\u00a0<i>Chemins des Parcs, c\u2019est d\u2019abord une formidable aventure collective. L\u2019un des plus beaux exemples de coop\u00e9ration inter-Parcs \u00e0 l\u2019\u00e9chelle r\u00e9gionale, que d\u2019autres territoires nous envient<\/i>\u00a0\u00bb, souligne Jean Mangion, pr\u00e9sident du R\u00e9seau des Parcs naturels r\u00e9gionaux de Provence-Alpes-C\u00f4te d\u2019Azur. \u00ab\u00a0<i>Mais ce n\u2019est pas simplement un outil de randonn\u00e9e. C\u2019est une invitation \u00e0 explorer, \u00e0 comprendre, \u00e0 s\u2019\u00e9merveiller. Une v\u00e9ritable porte d\u2019entr\u00e9e vers la richesse de nos paysages et de nos patrimoines.<\/i><i>\u00a0<\/i>\u00bb<\/p>\n<p>Plus de 4\u00a0000 points d\u2019int\u00e9r\u00eats<\/p>\n<p>Construite et enrichie par les Parcs naturels r\u00e9gionaux eux-m\u00eames, l\u2019offre valorise aussi les femmes et les hommes qui font vivre ces espaces qu\u2019ils soient h\u00e9bergeuses et h\u00e9bergeurs, restauratrices et restaurateurs, gestionnaires de sites touristiques, guides d\u2019activit\u00e9s de pleine nature, artisanes et artisans, agricultrices et agriculteurs&#8230; \u00c0 l\u2019heure o\u00f9 l\u2019envie d\u2019espaces naturels n\u2019a jamais \u00e9t\u00e9 aussi forte, Chemins des Parcs prouve qu\u2019il est possible de concilier d\u00e9couverte et pr\u00e9servation des patrimoines. Une histoire collective, port\u00e9e par neuf Parcs naturels r\u00e9gionaux et soutenue depuis l\u2019origine par la R\u00e9gion Sud.<\/p>\n<p>L\u2019an dernier le site a s\u00e9duit plus de 325\u00a0000\u00a0utilisateurs, sans compter qu\u2019il alimente bon nombre de plateformes d\u00e9di\u00e9es elles aussi \u00e0 la randonn\u00e9e. Il fait aussi fait l\u2019objet d\u2019une passerelle avec les Offices de tourisme des territoires via la plateforme d\u2019information touristique Apidae et rassemble au total rassemble plus de 4\u00a0000 points d\u2019int\u00e9r\u00eat, 27\u00a0podcasts et 10\u00a0bornes d\u2019\u00e9coute qui enrichissent l\u2019exp\u00e9rience \u00e0 chaque pas.<\/p>\n<\/p><\/div>\n<div class=\"paragraph\">\n<p><i>Cheminsdesparcs.fr<\/i><\/p>\n<\/p><\/div>\n","protected":false},"excerpt":{"rendered":"Cette plateforme accessible avec ou sans connexion internet d&eacute;di&eacute;e &agrave; une randonn&eacute;e respectueuse et &eacute;clair&eacute;e c&eacute;l&egrave;bre son dixi&egrave;me anniversaire. Lanc&eacute;e en juin 2016 par cinq Parcs &#8230;","protected":false},"author":1,"featured_media":35182,"comment_status":"open","ping_status":"open","sticky":false,"template":"","format":"standard","meta":{"footnotes":""},"categories":[3926,3925,20],"tags":[],"news-destination":[3944],"news-source":[475],"is_homepage":[],"ta_other":[],"class_list":["post-35181","post","type-post","status-publish","format-standard","has-post-thumbnail","hentry","category-accueil-merge","category-accueil-third","category-societe","news-destination-homepage","news-source-website"],"_links":{"self":[{"href":"https:\/\/euapp01.newsmemory.com\/lamarseillaise\/news\/wp-json\/wp\/v2\/posts\/35181","targetHints":{"allow":["GET"]}}],"collection":[{"href":"https:\/\/euapp01.newsmemory.com\/lamarseillaise\/news\/wp-json\/wp\/v2\/posts"}],"about":[{"href":"https:\/\/euapp01.newsmemory.com\/lamarseillaise\/news\/wp-json\/wp\/v2\/types\/post"}],"author":[{"embeddable":true,"href":"https:\/\/euapp01.newsmemory.com\/lamarseillaise\/news\/wp-json\/wp\/v2\/users\/1"}],"replies":[{"embeddable":true,"href":"https:\/\/euapp01.newsmemory.com\/lamarseillaise\/news\/wp-json\/wp\/v2\/comments?post=35181"}],"version-history":[{"count":1,"href":"https:\/\/euapp01.newsmemory.com\/lamarseillaise\/news\/wp-json\/wp\/v2\/posts\/35181\/revisions"}],"predecessor-version":[{"id":35183,"href":"https:\/\/euapp01.newsmemory.com\/lamarseillaise\/news\/wp-json\/wp\/v2\/posts\/35181\/revisions\/35183"}],"wp:featuredmedia":[{"embeddable":true,"href":"https:\/\/euapp01.newsmemory.com\/lamarseillaise\/news\/wp-json\/wp\/v2\/media\/35182"}],"wp:attachment":[{"href":"https:\/\/euapp01.newsmemory.com\/lamarseillaise\/news\/wp-json\/wp\/v2\/media?parent=35181"}],"wp:term":[{"taxonomy":"category","embeddable":true,"href":"https:\/\/euapp01.newsmemory.com\/lamarseillaise\/news\/wp-json\/wp\/v2\/categories?post=35181"},{"taxonomy":"post_tag","embeddable":true,"href":"https:\/\/euapp01.newsmemory.com\/lamarseillaise\/news\/wp-json\/wp\/v2\/tags?post=35181"},{"taxonomy":"news-destination","embeddable":true,"href":"https:\/\/euapp01.newsmemory.com\/lamarseillaise\/news\/wp-json\/wp\/v2\/news-destination?post=35181"},{"taxonomy":"news-source","embeddable":true,"href":"https:\/\/euapp01.newsmemory.com\/lamarseillaise\/news\/wp-json\/wp\/v2\/news-source?post=35181"},{"taxonomy":"is_homepage","embeddable":true,"href":"https:\/\/euapp01.newsmemory.com\/lamarseillaise\/news\/wp-json\/wp\/v2\/is_homepage?post=35181"},{"taxonomy":"ta_other","embeddable":true,"href":"https:\/\/euapp01.newsmemory.com\/lamarseillaise\/news\/wp-json\/wp\/v2\/ta_other?post=35181"}],"curies":[{"name":"wp","href":"https:\/\/api.w.org\/{rel}","templated":true}]}}