{"id":35175,"date":"2026-07-04T10:07:00","date_gmt":"2026-07-04T08:07:00","guid":{"rendered":"https:\/\/euapp01.newsmemory.com\/lamarseillaise\/news\/?p=35175"},"modified":"2026-07-09T07:08:15","modified_gmt":"2026-07-09T05:08:15","slug":"coup-denvoi-pour-le-duel-tadej-pogacar-paul-seixas","status":"publish","type":"post","link":"https:\/\/euapp01.newsmemory.com\/lamarseillaise\/news\/2026\/07\/04\/coup-denvoi-pour-le-duel-tadej-pogacar-paul-seixas\/","title":{"rendered":"Coup d\u2019envoi pour le duel Tadej Pogacar-Paul Seixas"},"content":{"rendered":"<div class=\"paragraph\">\n<p>Rarement l\u2019excitation aura \u00e9t\u00e9 aussi palpable \u00e0 l\u2019aube du \u00ab\u00a0grand d\u00e9part\u00a0\u00bb.<\/p>\n<p>Au pied de la Sagrada familia, le coup d\u2019envoi du Tour de France sera donn\u00e9 avec un contre-la-montre qui fait d\u00e9j\u00e0 saliver les amateurs. Une \u00e9tape d\u2019ouverture o\u00f9 seront suivis de pr\u00e8s les porteurs des dossards 1 et 51. Le premier est celui de Tadej Pogacar. Si \u00ab\u00a0Poggi\u00a0\u00bb n\u2019est plus le \u00ab\u00a0Tamau\u00a0\u00bb* de ses premiers pas sur la Grande Boucle, le Slov\u00e8ne est le favori naturel pour un cinqui\u00e8me cadre, qui lui permettrait d\u2019int\u00e9grer le cercle des l\u00e9gendes.<\/p>\n<p>Le second a \u00e9t\u00e9 attribu\u00e9 \u00e0 Paul Seixas. Le tout jeune leader de la CMA CGM, dont les r\u00e9sultats ont marqu\u00e9 le peloton ces derniers mois, va porter le num\u00e9ro qu\u2019Eddy Merckx et Bernard Hinault arboraient lors de leur premier. Pour certains, la symbolique est forte. D\u2019autant plus que le cyclisme fran\u00e7ais attend d\u00e9sesp\u00e9r\u00e9ment un successeur au Blaireau, dernier vainqueur du Tour, il y maintenant quarante et un ans.<\/p>\n<\/p><\/div>\n<div class=\"intext\"> Fil rouge\n              <\/div>\n<div class=\"paragraph\">\n<p>Jusqu\u2019o\u00f9 peut aller la p\u00e9pite, plus jeune coureur \u00e0 prendre le d\u00e9part depuis 89 ans\u00a0? La question agite le monde du cyclisme bien au-del\u00e0 des fronti\u00e8res de l\u2019Hexagone et sera l\u2019un des fils rouges des trois prochaines semaines. Sur son talent pur, il est d\u00e9j\u00e0 tout en haut, pr\u00eat \u00e0 jouer le podium, lui qui a \u00e9t\u00e9 le seul \u00e0 r\u00e9ussir \u00e0 suivre Tadej Pogacar plusieurs fois au printemps.<\/p>\n<p>Reste \u00e0 savoir comment le Lyonnais va encaisser une course de trois semaines, un territoire inconnu qu\u2019il aborde par sa face nord, le Tour de France, l\u2019\u00e9preuve la plus dure au monde o\u00f9 tout le monde d\u00e9barque en pleine forme et motiv\u00e9 comme jamais.<\/p>\n<p>\u00ab\u00a0<i>C\u2019est un immense talent. Mais il n\u2019a que 19<\/i><i>\u00a0<\/i><i>ans. Si je devais le conseiller, je lui dirais<\/i><i>\u00a0<\/i><i>: c\u2019est g\u00e9nial que tu fasses le Tour cette ann\u00e9e, mais contente-toi de \u00e7a, profite autant que possible, apprends, absorbe tout<\/i><i>\u00a0<\/i>\u00bb, a insist\u00e9 jeudi dans un entretien \u00e0 l\u2019AFP le Britannique Chris Froome, quadruple vainqueur du Tour.<\/p>\n<p>Le grand Eddy Merckx estime lui aussi qu\u2019il est encore bien t\u00f4t pour Seixas et que Pogacar reste le grand favori. D\u2019autant que le leader d\u2019UAE, qui a remport\u00e9 treize victoires en seulement seize jours de course cette saison, est en pleine forme et qu\u2019il est \u00e9paul\u00e9 par une armada qui risque encore de broyer le peloton.<\/p>\n<p>Le Slov\u00e8ne devrait retrouver sur sa route son principal rival de juillet, Jonas Vingegaard, lui-m\u00eame auteur d\u2019un d\u00e9but de saison remarquable et qui vise \u00e0 r\u00e9aliser un rare doubl\u00e9 Giro-Tour, comme Pogacar en 2024. \u00ab\u00a0<i>Je me sens meilleur, plus fort et plus heureux<\/i><i>\u00a0<\/i>\u00bb, dit le Danois, en confirmant qu\u2019il en avait gard\u00e9 sous la p\u00e9dale au Giro.<\/p>\n<p>La course pourrait mettre du temps \u00e0 se d\u00e9canter avec un parcours dessin\u00e9 pour aller crescendo. Avec des Pyr\u00e9n\u00e9es qui viennent vite mais qui sont douces cette ann\u00e9e et une derni\u00e8re semaine sans doute d\u00e9cisive dans les Alpes.<\/p>\n<\/p><\/div>\n<div class=\"paragraph\">\n<p><i>*Tamau Poggi, ou Petit Poggi, surnom du Slov\u00e8ne \u00e0 ses d\u00e9buts.<\/i><\/p>\n<\/p><\/div>\n","protected":false},"excerpt":{"rendered":"Rarement l&rsquo;excitation aura &eacute;t&eacute; aussi palpable &agrave; l&rsquo;aube du &laquo;&nbsp;grand d&eacute;part&nbsp;&raquo;.","protected":false},"author":1,"featured_media":35176,"comment_status":"open","ping_status":"open","sticky":false,"template":"","format":"standard","meta":{"footnotes":""},"categories":[3926,3925,7],"tags":[1144,3253],"news-destination":[3944],"news-source":[475],"is_homepage":[],"ta_other":[],"class_list":["post-35175","post","type-post","status-publish","format-standard","has-post-thumbnail","hentry","category-accueil-merge","category-accueil-third","category-sports","tag-cyclisme","tag-tour-de-france","news-destination-homepage","news-source-website"],"_links":{"self":[{"href":"https:\/\/euapp01.newsmemory.com\/lamarseillaise\/news\/wp-json\/wp\/v2\/posts\/35175","targetHints":{"allow":["GET"]}}],"collection":[{"href":"https:\/\/euapp01.newsmemory.com\/lamarseillaise\/news\/wp-json\/wp\/v2\/posts"}],"about":[{"href":"https:\/\/euapp01.newsmemory.com\/lamarseillaise\/news\/wp-json\/wp\/v2\/types\/post"}],"author":[{"embeddable":true,"href":"https:\/\/euapp01.newsmemory.com\/lamarseillaise\/news\/wp-json\/wp\/v2\/users\/1"}],"replies":[{"embeddable":true,"href":"https:\/\/euapp01.newsmemory.com\/lamarseillaise\/news\/wp-json\/wp\/v2\/comments?post=35175"}],"version-history":[{"count":1,"href":"https:\/\/euapp01.newsmemory.com\/lamarseillaise\/news\/wp-json\/wp\/v2\/posts\/35175\/revisions"}],"predecessor-version":[{"id":35177,"href":"https:\/\/euapp01.newsmemory.com\/lamarseillaise\/news\/wp-json\/wp\/v2\/posts\/35175\/revisions\/35177"}],"wp:featuredmedia":[{"embeddable":true,"href":"https:\/\/euapp01.newsmemory.com\/lamarseillaise\/news\/wp-json\/wp\/v2\/media\/35176"}],"wp:attachment":[{"href":"https:\/\/euapp01.newsmemory.com\/lamarseillaise\/news\/wp-json\/wp\/v2\/media?parent=35175"}],"wp:term":[{"taxonomy":"category","embeddable":true,"href":"https:\/\/euapp01.newsmemory.com\/lamarseillaise\/news\/wp-json\/wp\/v2\/categories?post=35175"},{"taxonomy":"post_tag","embeddable":true,"href":"https:\/\/euapp01.newsmemory.com\/lamarseillaise\/news\/wp-json\/wp\/v2\/tags?post=35175"},{"taxonomy":"news-destination","embeddable":true,"href":"https:\/\/euapp01.newsmemory.com\/lamarseillaise\/news\/wp-json\/wp\/v2\/news-destination?post=35175"},{"taxonomy":"news-source","embeddable":true,"href":"https:\/\/euapp01.newsmemory.com\/lamarseillaise\/news\/wp-json\/wp\/v2\/news-source?post=35175"},{"taxonomy":"is_homepage","embeddable":true,"href":"https:\/\/euapp01.newsmemory.com\/lamarseillaise\/news\/wp-json\/wp\/v2\/is_homepage?post=35175"},{"taxonomy":"ta_other","embeddable":true,"href":"https:\/\/euapp01.newsmemory.com\/lamarseillaise\/news\/wp-json\/wp\/v2\/ta_other?post=35175"}],"curies":[{"name":"wp","href":"https:\/\/api.w.org\/{rel}","templated":true}]}}