{"id":35172,"date":"2026-07-04T07:54:00","date_gmt":"2026-07-04T05:54:00","guid":{"rendered":"https:\/\/euapp01.newsmemory.com\/lamarseillaise\/news\/?p=35172"},"modified":"2026-07-08T07:40:22","modified_gmt":"2026-07-08T05:40:22","slug":"aix-en-provence-accueille-les-championnats-combines","status":"publish","type":"post","link":"https:\/\/euapp01.newsmemory.com\/lamarseillaise\/news\/2026\/07\/04\/aix-en-provence-accueille-les-championnats-combines\/","title":{"rendered":"Aix-en-Provence accueille les championnats combin\u00e9s"},"content":{"rendered":"<div class=\"paragraph\">\n<p>Pour le club d\u2019Aix Athl\u00e9 Provence, le week-end sera actif.<\/p>\n<p>Les Sang et Or chers \u00e0 Yannick Kerloch se sont vu proposer d\u2019organiser les championnats de France d\u2019\u00e9preuves combin\u00e9es. \u00ab\u00a0<i>Notre \u00e9quipe et les 1<\/i><i>\u00a0<\/i><i>800<\/i><i>\u00a0<\/i><i>licenci\u00e9s sont tr\u00e8s heureux que la F\u00e9d\u00e9ration Fran\u00e7aise d\u2019Athl\u00e9tisme ait retenu notre dossier de candidature. Ce championnat repr\u00e9sente l\u2019\u00e9v\u00e9nement le plus important de dimension nationale accueilli depuis l\u2019inauguration du stade Georges-Carcassonne, qui offre aux athl\u00e8tes une infrastructure sportive de r\u00e9f\u00e9rence nationale au sein de la Plaine Nature d\u2019Aix en Provence<\/i><i>\u00a0<\/i>\u00bb, indique le pr\u00e9sident aixois.<\/p>\n<\/p><\/div>\n<div class=\"intext\"> Heptathlon en ouverture\n              <\/div>\n<div class=\"paragraph\">\n<p>D\u00e8s vendredi, les athl\u00e8tes engag\u00e9s ont pu apprivoiser le site. Ils ont b\u00e9n\u00e9fici\u00e9 d\u2019une s\u00e9ance d\u2019entra\u00eenement sur le site des championnats, mais aussi sur l\u2019annexe, install\u00e9e sur la plaine nature voisine. Concernant la comp\u00e9tition, les premi\u00e8res s\u00e9ries vont d\u00e9buter ce samedi, \u00e0 partir de 10h. L\u2019heptathlon donnera le coup d\u2019envoi de deux journ\u00e9es de comp\u00e9tition.<\/p>\n<p>Les sept \u00e9preuves composant cette discipline de l\u2019athl\u00e9tisme sont r\u00e9serv\u00e9es aux femmes. Quatre seront disput\u00e9es samedi, \u00e0 savoir le 100\u00a0m\u00e8tres haies, le saut en hauteur, le lancer de poids et le 200\u00a0m\u00e8tres. Dimanche, les athl\u00e8tes prendront part aux trois derni\u00e8res \u00e9preuves, \u00e0 savoir le saut en longueur, le lancer du javelot et le 800\u00a0m\u00e8tres.<\/p>\n<p>C\u00f4t\u00e9 hommes, ces derniers participeront au d\u00e9cathlon. Cette discipline comprend les sept de l\u2019heptathlon, \u00e0 l\u2019exception du 800\u00a0m\u00e8tres remplac\u00e9 par un 1\u00a0500\u00a0m\u00e8tres, le 200 par un 400 et le 100\u00a0m\u00e8tres haies par un 110\u00a0m\u00e8tres. Auxquelles s\u2019ajoutent le 100\u00a0m\u00e8tres, le lancer du disque et le saut \u00e0 la perche.<\/p>\n<p>Sur les deux jours de comp\u00e9titions \u00e0 Aix-en-Provence, plusieurs cat\u00e9gories seront repr\u00e9sent\u00e9es. Il y aura les seniors hommes et femmes. Mais le plateau servira \u00e9galement de support pour les championnats de France de cat\u00e9gories plus jeunes. \u00c0 savoir les U18, les U20 et les U23. \u00c0 l\u2019issue des \u00e9preuves, dix titres de champion de France seront ainsi d\u00e9cern\u00e9s.<\/p>\n<p>Concernant la Ligue Sud, qui aura la chance d\u2019\u00e9voluer sur ses terres, ils seront dix \u00e0 tenter d\u2019aller chercher une m\u00e9daille d\u2019or ou un podium. C\u00f4t\u00e9 f\u00e9minin, il faudra ainsi suivre Eva Lazerme, Shaden Mokadem, Lou Dumas, Louise Nicolas, Jade Rogez, Luna di Maggio et Sarah Lakhal.<\/p>\n<p>La d\u00e9l\u00e9gation masculine sera un peu moins fournie. Avec trois repr\u00e9sentants qui seront Quentin Waltzer, Enzo Ipkdjian et Julien Foubert.<\/p>\n<p>Samedi, trente-six s\u00e9ries vont rythmer la journ\u00e9e d\u2019ouverture. Avec les seniors femmes qui ouvriront la manifestation en courant leur 100\u00a0m\u00e8tres haies, alors que les seniors hommes cloront la journ\u00e9e avec leur 800\u00a0m\u00e8tres.<\/p>\n<p>Dimanche sera le jour des podiums et des titres. D\u00e8s 9h30, ce seront les seniors femmes qui relanceront la m\u00e9canique, avec le saut en longueur. Suivront trente-deux autres s\u00e9ries. La cl\u00f4ture revenant aux U23 hommes, avec leur 1\u00a0500\u00a0m\u00e8tres.<\/p>\n<p>Le premier podium sera les seniors f\u00e9minines \u00e0 14h45. Le dernier, celui des U23 hommes, autour de 18h.<\/p>\n<\/p><\/div>\n<div class=\"paragraph\">\n<p><i>www.athle.fr<\/i><\/p>\n<\/p><\/div>\n","protected":false},"excerpt":{"rendered":"Pour le club d&rsquo;Aix Athl&eacute; Provence, le week-end sera actif.","protected":false},"author":1,"featured_media":35173,"comment_status":"open","ping_status":"open","sticky":false,"template":"","format":"standard","meta":{"footnotes":""},"categories":[3926,3925,7],"tags":[556,1987,10,1162],"news-destination":[3944],"news-source":[475],"is_homepage":[],"ta_other":[],"class_list":["post-35172","post","type-post","status-publish","format-standard","has-post-thumbnail","hentry","category-accueil-merge","category-accueil-third","category-sports","tag-aix-en-provence","tag-athletisme","tag-bouches-du-rhone","tag-championnats","news-destination-homepage","news-source-website"],"_links":{"self":[{"href":"https:\/\/euapp01.newsmemory.com\/lamarseillaise\/news\/wp-json\/wp\/v2\/posts\/35172","targetHints":{"allow":["GET"]}}],"collection":[{"href":"https:\/\/euapp01.newsmemory.com\/lamarseillaise\/news\/wp-json\/wp\/v2\/posts"}],"about":[{"href":"https:\/\/euapp01.newsmemory.com\/lamarseillaise\/news\/wp-json\/wp\/v2\/types\/post"}],"author":[{"embeddable":true,"href":"https:\/\/euapp01.newsmemory.com\/lamarseillaise\/news\/wp-json\/wp\/v2\/users\/1"}],"replies":[{"embeddable":true,"href":"https:\/\/euapp01.newsmemory.com\/lamarseillaise\/news\/wp-json\/wp\/v2\/comments?post=35172"}],"version-history":[{"count":1,"href":"https:\/\/euapp01.newsmemory.com\/lamarseillaise\/news\/wp-json\/wp\/v2\/posts\/35172\/revisions"}],"predecessor-version":[{"id":35174,"href":"https:\/\/euapp01.newsmemory.com\/lamarseillaise\/news\/wp-json\/wp\/v2\/posts\/35172\/revisions\/35174"}],"wp:featuredmedia":[{"embeddable":true,"href":"https:\/\/euapp01.newsmemory.com\/lamarseillaise\/news\/wp-json\/wp\/v2\/media\/35173"}],"wp:attachment":[{"href":"https:\/\/euapp01.newsmemory.com\/lamarseillaise\/news\/wp-json\/wp\/v2\/media?parent=35172"}],"wp:term":[{"taxonomy":"category","embeddable":true,"href":"https:\/\/euapp01.newsmemory.com\/lamarseillaise\/news\/wp-json\/wp\/v2\/categories?post=35172"},{"taxonomy":"post_tag","embeddable":true,"href":"https:\/\/euapp01.newsmemory.com\/lamarseillaise\/news\/wp-json\/wp\/v2\/tags?post=35172"},{"taxonomy":"news-destination","embeddable":true,"href":"https:\/\/euapp01.newsmemory.com\/lamarseillaise\/news\/wp-json\/wp\/v2\/news-destination?post=35172"},{"taxonomy":"news-source","embeddable":true,"href":"https:\/\/euapp01.newsmemory.com\/lamarseillaise\/news\/wp-json\/wp\/v2\/news-source?post=35172"},{"taxonomy":"is_homepage","embeddable":true,"href":"https:\/\/euapp01.newsmemory.com\/lamarseillaise\/news\/wp-json\/wp\/v2\/is_homepage?post=35172"},{"taxonomy":"ta_other","embeddable":true,"href":"https:\/\/euapp01.newsmemory.com\/lamarseillaise\/news\/wp-json\/wp\/v2\/ta_other?post=35172"}],"curies":[{"name":"wp","href":"https:\/\/api.w.org\/{rel}","templated":true}]}}