{"id":35169,"date":"2026-07-04T07:55:00","date_gmt":"2026-07-04T05:55:00","guid":{"rendered":"https:\/\/euapp01.newsmemory.com\/lamarseillaise\/news\/?p=35169"},"modified":"2026-07-08T07:52:22","modified_gmt":"2026-07-08T05:52:22","slug":"le-canada-au-revelateur-marocain","status":"publish","type":"post","link":"https:\/\/euapp01.newsmemory.com\/lamarseillaise\/news\/2026\/07\/04\/le-canada-au-revelateur-marocain\/","title":{"rendered":"Le Canada au r\u00e9v\u00e9lateur marocain"},"content":{"rendered":"<div class=\"paragraph\">\n<p>Comme pour les seizi\u00e8mes de finale, les Canadiens seront les premiers \u00e0 lancer les huiti\u00e8mes.<i><\/i><\/p>\n<p>Samedi, c\u2019est \u00e0 Houston que les canucks de Jesse Marsch vont tenter de prolonger leur \u00e9pop\u00e9e, jusque-l\u00e0 presque sans faute. Mais, apr\u00e8s avoir \u00e9vit\u00e9 l\u2019\u00e9cueil sud africain, ce sont d\u2019autres lions aux crocs plus redoutables qui les attendent, ceux du Maroc.<\/p>\n<p>Demi-finalistes au Qatar, finaliste malheureux de la Coupe d\u2019Afrique des Nations qu\u2019ils organisaient l\u2019hiver dernier, les Lions de l\u2019Atlas ont su rebondir. Le Br\u00e9sil a fr\u00f4l\u00e9 la catastrophe lors du premier match des deux nations. Et depuis, les Marocains sont mont\u00e9s en puissance.<\/p>\n<p>D\u00e9fier l\u2019un des coorganisateurs ne les impressionne pas. Ils ont su vaincre les Pays-Bas en seizi\u00e8mes de finale, en faisant preuve de sang-froid pour sortir vainqueur de la s\u00e9ance de tirs au but. Face aux Canadiens, il faudra voir leur capacit\u00e9 \u00e0 assumer un statut de favori, qu\u2019ils n\u2019ont pas souvent l\u2019habitude d\u2019avoir en phase finale de Coupe du monde.<\/p>\n<\/p><\/div>\n<div class=\"paragraph\">\n<p>CANADA &#8211; MAROC<\/p>\n<p>Samedi, stade de Houston \u00e0 19h<\/p>\n<p>Arbitre : Michael Oliver (ANG)<\/p>\n<p><b>CANADA : <\/b>Cr\u00e9peau \u2013 Johnston, Bombito, Cornelius, Laryea (ou Davies) \u2013 Buchanan, Eustaquio, Saliba, Millar \u2013 David, Oluwaseyi<\/p>\n<p><b>MAROC :<\/b> Bounou \u2013 Hakimi, Diop, Riad, Mazraoui \u2013 El Aynaoui, Bouaddi \u2013 D\u00edaz, Ounahi, El Khannouss \u2013 Saibari<\/p>\n<\/p><\/div>\n","protected":false},"excerpt":{"rendered":"Comme pour les seizi&egrave;mes de finale, les Canadiens seront les premiers &agrave; lancer les huiti&egrave;mes.Samedi, c&rsquo;est &agrave; Houston que les canucks de Jesse Marsch vont tenter de prolonger leur &eacute;pop&eacute;e, &#8230;","protected":false},"author":1,"featured_media":35170,"comment_status":"open","ping_status":"open","sticky":false,"template":"","format":"standard","meta":{"footnotes":""},"categories":[3926,3925,7],"tags":[1097,13],"news-destination":[3944],"news-source":[475],"is_homepage":[],"ta_other":[],"class_list":["post-35169","post","type-post","status-publish","format-standard","has-post-thumbnail","hentry","category-accueil-merge","category-accueil-third","category-sports","tag-coupe-du-monde","tag-football","news-destination-homepage","news-source-website"],"_links":{"self":[{"href":"https:\/\/euapp01.newsmemory.com\/lamarseillaise\/news\/wp-json\/wp\/v2\/posts\/35169","targetHints":{"allow":["GET"]}}],"collection":[{"href":"https:\/\/euapp01.newsmemory.com\/lamarseillaise\/news\/wp-json\/wp\/v2\/posts"}],"about":[{"href":"https:\/\/euapp01.newsmemory.com\/lamarseillaise\/news\/wp-json\/wp\/v2\/types\/post"}],"author":[{"embeddable":true,"href":"https:\/\/euapp01.newsmemory.com\/lamarseillaise\/news\/wp-json\/wp\/v2\/users\/1"}],"replies":[{"embeddable":true,"href":"https:\/\/euapp01.newsmemory.com\/lamarseillaise\/news\/wp-json\/wp\/v2\/comments?post=35169"}],"version-history":[{"count":1,"href":"https:\/\/euapp01.newsmemory.com\/lamarseillaise\/news\/wp-json\/wp\/v2\/posts\/35169\/revisions"}],"predecessor-version":[{"id":35171,"href":"https:\/\/euapp01.newsmemory.com\/lamarseillaise\/news\/wp-json\/wp\/v2\/posts\/35169\/revisions\/35171"}],"wp:featuredmedia":[{"embeddable":true,"href":"https:\/\/euapp01.newsmemory.com\/lamarseillaise\/news\/wp-json\/wp\/v2\/media\/35170"}],"wp:attachment":[{"href":"https:\/\/euapp01.newsmemory.com\/lamarseillaise\/news\/wp-json\/wp\/v2\/media?parent=35169"}],"wp:term":[{"taxonomy":"category","embeddable":true,"href":"https:\/\/euapp01.newsmemory.com\/lamarseillaise\/news\/wp-json\/wp\/v2\/categories?post=35169"},{"taxonomy":"post_tag","embeddable":true,"href":"https:\/\/euapp01.newsmemory.com\/lamarseillaise\/news\/wp-json\/wp\/v2\/tags?post=35169"},{"taxonomy":"news-destination","embeddable":true,"href":"https:\/\/euapp01.newsmemory.com\/lamarseillaise\/news\/wp-json\/wp\/v2\/news-destination?post=35169"},{"taxonomy":"news-source","embeddable":true,"href":"https:\/\/euapp01.newsmemory.com\/lamarseillaise\/news\/wp-json\/wp\/v2\/news-source?post=35169"},{"taxonomy":"is_homepage","embeddable":true,"href":"https:\/\/euapp01.newsmemory.com\/lamarseillaise\/news\/wp-json\/wp\/v2\/is_homepage?post=35169"},{"taxonomy":"ta_other","embeddable":true,"href":"https:\/\/euapp01.newsmemory.com\/lamarseillaise\/news\/wp-json\/wp\/v2\/ta_other?post=35169"}],"curies":[{"name":"wp","href":"https:\/\/api.w.org\/{rel}","templated":true}]}}