{"id":35166,"date":"2026-07-04T07:55:01","date_gmt":"2026-07-04T05:55:01","guid":{"rendered":"https:\/\/euapp01.newsmemory.com\/lamarseillaise\/news\/?p=35166"},"modified":"2026-07-08T07:52:22","modified_gmt":"2026-07-08T05:52:22","slug":"les-bleus-retrouvent-le-paraguay-sur-le-chemin-des-quarts-de-finale","status":"publish","type":"post","link":"https:\/\/euapp01.newsmemory.com\/lamarseillaise\/news\/2026\/07\/04\/les-bleus-retrouvent-le-paraguay-sur-le-chemin-des-quarts-de-finale\/","title":{"rendered":"Les Bleus retrouvent le Paraguay sur le chemin des quarts de finale"},"content":{"rendered":"<div class=\"paragraph\">\n<p>Apr\u00e8s avoir survol\u00e9 leur groupe et ma\u00eetris\u00e9 facilement la Su\u00e8de, les Bleus entrent dans le vif du sujet du Mondial.<i><\/i><\/p>\n<p>Avec aux manettes la superstar Kylian Mbapp\u00e9, buteur inarr\u00eatable (6), et Michael Olise, g\u00e9nial cr\u00e9ateur, second\u00e9s par le Ballon d\u2019or Ousmane Demb\u00e9l\u00e9 (4\u00a0r\u00e9alisations), les Fran\u00e7ais ont d\u00e9j\u00e0 marqu\u00e9 de leur empreinte cette Coupe du monde. Il s\u2019agit donc de ne pas rater un rendez-vous largement \u00e0 leur port\u00e9e avant d\u2019entrer enfin dans le dur au prochain tour en se frottant au vainqueur de Maroc-Canada.<\/p>\n<p>Les Paraguayens, qui ont cr\u00e9\u00e9 la premi\u00e8re sensation de la comp\u00e9tition en sortant l\u2019Allemagne aux tirs au but <br \/>(1-1 a.p., 4 t.a.b. \u00e0 3), n\u2019ont pas, sur le papier, les ressources pour enrayer la formidable machine fran\u00e7aise et l\u2019emp\u00eacher de poursuivre sa route vers un troisi\u00e8me sacre. Mais les Bleus peuvent tout de m\u00eame s\u2019attendre \u00e0 des secousses contre l\u2019Albirroja, bien d\u00e9cid\u00e9e \u00e0 ne pas se laisser marcher facilement sur les pieds.<\/p>\n<p>Les Bleus connaissent la probl\u00e9matique qu\u2019ils seront amen\u00e9s \u00e0 r\u00e9soudre.<\/p>\n<p>\u00ab\u00a0<i>C\u2019est une \u00e9quipe qui d\u00e9fend beaucoup. Ils vont mettre beaucoup de coups. Mais \u00e7a reste une \u00e9quipe de ballon, on l\u2019a vu contre l\u2019Allemagne<\/i> [en 16<sup>e<\/sup> de finale, Ndlr]\u00a0\u00bb, a estim\u00e9 jeudi l\u2019attaquant Bradley Barcola, qui devrait de nouveau accompagner en attaque le trio magique Mbapp\u00e9-Olise-Demb\u00e9l\u00e9. Tandis que Jules Kound\u00e9 se m\u00e9fie d\u2019une \u00ab\u00a0<i>\u00e9quipe accrocheuse<\/i>\u00a0\u00bb.<\/p>\n<\/p><\/div>\n<div class=\"intext\"> Gare \u00e0 la canicule\n              <\/div>\n<div class=\"paragraph\">\n<p>\u00ab\u00a0<i>Elle a aussi des qualit\u00e9s pour jouer, sortir et exploiter les contre-attaques. Ils ont des joueurs pour. On s\u2019attend \u00e0 un match difficile et il va falloir qu\u2019on soit l\u00e0 dans les duels et imposer notre jeu<\/i>\u00a0\u00bb, a ajout\u00e9 le d\u00e9fenseur du FC Barcelone.<\/p>\n<p>La canicule qui s\u00e9vit actuellement sur la moiti\u00e9 est des \u00c9tats-Unis sera aussi une donn\u00e9e fondamentale de la rencontre. Le thermom\u00e8tre devrait grimper \u00e0 36 degr\u00e9s au moment du coup d\u2019envoi \u00e0 17h (23h en France) avec un fort taux d\u2019humidit\u00e9. Les orages pourraient \u00e9galement venir perturber les d\u00e9bats. Une situation que la France a d\u00e9j\u00e0 eue \u00e0 subir, le 22\u00a0juin dans la m\u00eame enceinte face \u00e0 l\u2019Irak au premier tour (3-0).<\/p>\n<p>Ce contexte pourrait-il niveler l\u2019affrontement\u00a0? Le Paraguay, qui s\u2019appuie sur son gardien Orlando Gill, h\u00e9ro\u00efque contre les Allemands au cours de la s\u00e9ance des tirs au but, et le milieu de Strasbourg Julio Enciso, esp\u00e8re en tout cas tirer profit de chaque al\u00e9a pour contrecarrer les assauts bleus.<\/p>\n<p>Mais pour un groupe en mission et soud\u00e9 autour de son s\u00e9lectionneur, r\u00e9cemment endeuill\u00e9 par le d\u00e9c\u00e8s de sa m\u00e8re et engag\u00e9 dans sa derni\u00e8re campagne, il n\u2019est pas envisageable que l\u2019aventure s\u2019arr\u00eate de si t\u00f4t. D\u2019autant plus qu\u2019en phase finale de Coupe du monde, la France est invaincue face au Paraguay, qu\u2019elle a rencontr\u00e9 en 1958 (7-3) puis en 1998 (1-0).<\/p>\n<\/p><\/div>\n<div class=\"paragraph\">\n<p><span class=\"mln_uppercase_mln\">Paraguay &#8211; France<\/span><\/p>\n<p><b>Stade Lincoln de Philadelphie, 23h<\/b><\/p>\n<p>Arbitre : Ilgiz Tatanshev (OUZ)<\/p>\n<p><b><\/b><\/p>\n<p><b>PARAGUAY<\/b> : Gill \u2013 Cac\u00e9res, G. Gomez, Maria Canale, Junior Alonso \u2013 Bobadilla, Cubas \u2013 Almiron, Enciso (ou Mauricio), Galarza \u2013 Avalos<\/p>\n<p><b>FRANCE<\/b> : Maignan \u2013 Kound\u00e9, Upam\u00e9cano, Saliba, T. Hernandez \u2013 Tchouam\u00e9ni, Rabiot \u2013 Demb\u00e9l\u00e9, Olise, Barcola \u2013 Mbapp\u00e9<\/p>\n<\/p><\/div>\n","protected":false},"excerpt":{"rendered":"Apr&egrave;s avoir survol&eacute; leur groupe et ma&icirc;tris&eacute; facilement la Su&egrave;de, les Bleus entrent dans le vif du sujet du Mondial.","protected":false},"author":1,"featured_media":35167,"comment_status":"open","ping_status":"open","sticky":false,"template":"","format":"standard","meta":{"footnotes":""},"categories":[3926,3925,7],"tags":[1097,13],"news-destination":[3944],"news-source":[475],"is_homepage":[],"ta_other":[],"class_list":["post-35166","post","type-post","status-publish","format-standard","has-post-thumbnail","hentry","category-accueil-merge","category-accueil-third","category-sports","tag-coupe-du-monde","tag-football","news-destination-homepage","news-source-website"],"_links":{"self":[{"href":"https:\/\/euapp01.newsmemory.com\/lamarseillaise\/news\/wp-json\/wp\/v2\/posts\/35166","targetHints":{"allow":["GET"]}}],"collection":[{"href":"https:\/\/euapp01.newsmemory.com\/lamarseillaise\/news\/wp-json\/wp\/v2\/posts"}],"about":[{"href":"https:\/\/euapp01.newsmemory.com\/lamarseillaise\/news\/wp-json\/wp\/v2\/types\/post"}],"author":[{"embeddable":true,"href":"https:\/\/euapp01.newsmemory.com\/lamarseillaise\/news\/wp-json\/wp\/v2\/users\/1"}],"replies":[{"embeddable":true,"href":"https:\/\/euapp01.newsmemory.com\/lamarseillaise\/news\/wp-json\/wp\/v2\/comments?post=35166"}],"version-history":[{"count":1,"href":"https:\/\/euapp01.newsmemory.com\/lamarseillaise\/news\/wp-json\/wp\/v2\/posts\/35166\/revisions"}],"predecessor-version":[{"id":35168,"href":"https:\/\/euapp01.newsmemory.com\/lamarseillaise\/news\/wp-json\/wp\/v2\/posts\/35166\/revisions\/35168"}],"wp:featuredmedia":[{"embeddable":true,"href":"https:\/\/euapp01.newsmemory.com\/lamarseillaise\/news\/wp-json\/wp\/v2\/media\/35167"}],"wp:attachment":[{"href":"https:\/\/euapp01.newsmemory.com\/lamarseillaise\/news\/wp-json\/wp\/v2\/media?parent=35166"}],"wp:term":[{"taxonomy":"category","embeddable":true,"href":"https:\/\/euapp01.newsmemory.com\/lamarseillaise\/news\/wp-json\/wp\/v2\/categories?post=35166"},{"taxonomy":"post_tag","embeddable":true,"href":"https:\/\/euapp01.newsmemory.com\/lamarseillaise\/news\/wp-json\/wp\/v2\/tags?post=35166"},{"taxonomy":"news-destination","embeddable":true,"href":"https:\/\/euapp01.newsmemory.com\/lamarseillaise\/news\/wp-json\/wp\/v2\/news-destination?post=35166"},{"taxonomy":"news-source","embeddable":true,"href":"https:\/\/euapp01.newsmemory.com\/lamarseillaise\/news\/wp-json\/wp\/v2\/news-source?post=35166"},{"taxonomy":"is_homepage","embeddable":true,"href":"https:\/\/euapp01.newsmemory.com\/lamarseillaise\/news\/wp-json\/wp\/v2\/is_homepage?post=35166"},{"taxonomy":"ta_other","embeddable":true,"href":"https:\/\/euapp01.newsmemory.com\/lamarseillaise\/news\/wp-json\/wp\/v2\/ta_other?post=35166"}],"curies":[{"name":"wp","href":"https:\/\/api.w.org\/{rel}","templated":true}]}}