{"id":35160,"date":"2026-07-04T07:34:01","date_gmt":"2026-07-04T05:34:01","guid":{"rendered":"https:\/\/euapp01.newsmemory.com\/lamarseillaise\/news\/?p=35160"},"modified":"2026-07-04T10:13:57","modified_gmt":"2026-07-04T08:13:57","slug":"une-pride-tres-politique-face-a-lextreme-droite","status":"publish","type":"post","link":"https:\/\/euapp01.newsmemory.com\/lamarseillaise\/news\/2026\/07\/04\/une-pride-tres-politique-face-a-lextreme-droite\/","title":{"rendered":"Une Pride tr\u00e8s politique face \u00e0 l\u2019extr\u00eame droite"},"content":{"rendered":"<div class=\"paragraph\">\n<p>La Pride de Marseille a lieu ce samedi 4\u00a0juillet. Elle cl\u00f4ture ce Mois des fiert\u00e9s o\u00f9 une quarantaine d\u2019\u00e9v\u00e9nements culturels, militants et festifs se sont d\u00e9roul\u00e9s dans toute la ville.<\/p>\n<p>\u00c0 l\u2019aube de l\u2019\u00e9lection pr\u00e9sidentielle, l\u2019extr\u00eame droite se pr\u00e9sente comme le protecteur de la communaut\u00e9 LGBTQIA+. Des collectifs de \u00ab\u00a0gays patriotes\u00a0\u00bb, comme Eros, s\u2019organisent et ciblent les homosexuels. Une partie de la communaut\u00e9 est tent\u00e9e par ce vote de l\u2019extr\u00eame droite. Mais pas toute. Au Centre LGBTQIA+ de Marseille, les membres, r\u00e9unis ce jeudi soir \u00e0 l\u2019occasion d\u2019une r\u00e9union interassociations en vue de la Pride, expriment clairement leur opposition. \u00ab<i>\u00a0<\/i><i>Les id\u00e9es port\u00e9es par l\u2019extr\u00eame droite ont toujours \u00e9t\u00e9 des id\u00e9es contre nous, pour nous museler. Aujourd\u2019hui l\u2019appel du pied homonationaliste est totalement incompatible avec les valeurs de la communaut\u00e9 LGBTQIA+<\/i><i>\u00a0<\/i>\u00bb, d\u00e9fend T\u00e9lio, 34\u00a0ans, \u00e9tudiante en troisi\u00e8me ann\u00e9e d\u2019\u00e9ducatrice sp\u00e9cialis\u00e9e et membre de la coordination de la Pride.<\/p>\n<\/p><\/div>\n<div class=\"intext\"> \u00ab\u00a0Ils ne sont pas de notre c\u00f4t\u00e9\u00a0\u00bb\n              <\/div>\n<div class=\"paragraph\">\n<p>Un sentiment partag\u00e9 par Lua, 39\u00a0ans, secr\u00e9taire g\u00e9n\u00e9rale du Centre. \u00ab<i>\u00a0<\/i><i>Ce sont des personnes qui instrumentalisent des causes qu\u2019ils ne connaissent pas. Ils viennent m\u00e9langer des discours de haine \u00e0 des sentiments de frustration de minorit\u00e9. C\u2019est un terreau fertile pour que des personnes qui se sentent d\u00e9laiss\u00e9es, puissent \u00eatre s\u00e9duites par des discours superficiels. Ils ont un processus de simplification, de d\u00e9diabolisation. Ils cherchent \u00e0 drainer des \u00e9lecteurs par tous les moyens possibles. C\u2019est indigne. Ce qu\u2019il sera propos\u00e9 \u00e0 ces personnes-l\u00e0, \u00e7a ne sera jamais d\u2019\u00eatre d\u00e9fendu.<\/i><i><b>\u00a0<\/b><\/i>\u00bb<\/p>\n<p>Ce qui alerte la communaut\u00e9, mais qui n\u2019a pour autant pas l\u2019intention de se laisser faire. \u00ab<i>\u00a0<\/i><i>Ce qu\u2019on peut faire dans les moments comme la Pride, c\u2019est d\u2019\u00eatre clair sur nos positions, et dire que chez nous, cette tentative de r\u00e9cup\u00e9ration ne marchera pas<\/i><i>\u00a0<\/i>\u00bb, soutient Alexis Doghmane, 30\u00a0ans. Et \u00e0 ceux qui rejoignent ces groupes d\u2019extr\u00eame droite, cet ing\u00e9nieur a un message \u00e0 leur faire passer.<i> <\/i>\u00ab<i>\u00a0<\/i><i>R\u00e9veillez-vous. Ne soyez pas na\u00effs de croire que les choses vont s\u2019arranger en votant pour les m\u00eames personnes qui nous ont trahis maintes et maintes fois. C\u2019est faux. Regardez l\u2019histoire, regardez les faits, regardez leur programme. \u00c7a se voit qu\u2019ils ne sont pas de notre c\u00f4t\u00e9.<\/i><i>\u00a0<\/i>\u00bb<i><\/i><\/p>\n<p>L\u2019enjeu est de taille avec la pr\u00e9sidentielle l\u2019ann\u00e9e prochaine. J\u00e9r\u00e9mie Dubois, 27\u00a0ans, membre du conseil administratif du centre et \u00e0 la coordination de la Pride en est conscient. \u00ab<i>\u00a0<\/i><i>On essaye de mobiliser toute la communaut\u00e9. Sauf les homos nationalistes, qui restent assez marginaux, on est tous et toutes contre le Rassemblement national car ce parti incarne des id\u00e9es politiques et des valeurs qui vont \u00e0 l\u2019encontre de ce que nous repr\u00e9sentons.<\/i>\u00a0\u00bb<\/p>\n<\/p><\/div>\n","protected":false},"excerpt":{"rendered":"La Pride de Marseille a lieu ce samedi 4&nbsp;juillet. Elle cl&ocirc;ture ce Mois des fiert&eacute;s o&ugrave; une quarantaine d&rsquo;&eacute;v&eacute;nements culturels, militants et festifs se sont d&eacute;roul&eacute;s dans toute la ville.","protected":false},"author":1,"featured_media":35161,"comment_status":"open","ping_status":"open","sticky":false,"template":"","format":"standard","meta":{"footnotes":""},"categories":[918,3926,3925,20],"tags":[10,441,16,5345,3843],"news-destination":[3944],"news-source":[475],"is_homepage":[],"ta_other":[],"class_list":["post-35160","post","type-post","status-publish","format-standard","has-post-thumbnail","hentry","category-accueil","category-accueil-merge","category-accueil-third","category-societe","tag-bouches-du-rhone","tag-extreme-droite","tag-marseille","tag-pride","tag-recuperation","news-destination-homepage","news-source-website"],"_links":{"self":[{"href":"https:\/\/euapp01.newsmemory.com\/lamarseillaise\/news\/wp-json\/wp\/v2\/posts\/35160","targetHints":{"allow":["GET"]}}],"collection":[{"href":"https:\/\/euapp01.newsmemory.com\/lamarseillaise\/news\/wp-json\/wp\/v2\/posts"}],"about":[{"href":"https:\/\/euapp01.newsmemory.com\/lamarseillaise\/news\/wp-json\/wp\/v2\/types\/post"}],"author":[{"embeddable":true,"href":"https:\/\/euapp01.newsmemory.com\/lamarseillaise\/news\/wp-json\/wp\/v2\/users\/1"}],"replies":[{"embeddable":true,"href":"https:\/\/euapp01.newsmemory.com\/lamarseillaise\/news\/wp-json\/wp\/v2\/comments?post=35160"}],"version-history":[{"count":1,"href":"https:\/\/euapp01.newsmemory.com\/lamarseillaise\/news\/wp-json\/wp\/v2\/posts\/35160\/revisions"}],"predecessor-version":[{"id":35162,"href":"https:\/\/euapp01.newsmemory.com\/lamarseillaise\/news\/wp-json\/wp\/v2\/posts\/35160\/revisions\/35162"}],"wp:featuredmedia":[{"embeddable":true,"href":"https:\/\/euapp01.newsmemory.com\/lamarseillaise\/news\/wp-json\/wp\/v2\/media\/35161"}],"wp:attachment":[{"href":"https:\/\/euapp01.newsmemory.com\/lamarseillaise\/news\/wp-json\/wp\/v2\/media?parent=35160"}],"wp:term":[{"taxonomy":"category","embeddable":true,"href":"https:\/\/euapp01.newsmemory.com\/lamarseillaise\/news\/wp-json\/wp\/v2\/categories?post=35160"},{"taxonomy":"post_tag","embeddable":true,"href":"https:\/\/euapp01.newsmemory.com\/lamarseillaise\/news\/wp-json\/wp\/v2\/tags?post=35160"},{"taxonomy":"news-destination","embeddable":true,"href":"https:\/\/euapp01.newsmemory.com\/lamarseillaise\/news\/wp-json\/wp\/v2\/news-destination?post=35160"},{"taxonomy":"news-source","embeddable":true,"href":"https:\/\/euapp01.newsmemory.com\/lamarseillaise\/news\/wp-json\/wp\/v2\/news-source?post=35160"},{"taxonomy":"is_homepage","embeddable":true,"href":"https:\/\/euapp01.newsmemory.com\/lamarseillaise\/news\/wp-json\/wp\/v2\/is_homepage?post=35160"},{"taxonomy":"ta_other","embeddable":true,"href":"https:\/\/euapp01.newsmemory.com\/lamarseillaise\/news\/wp-json\/wp\/v2\/ta_other?post=35160"}],"curies":[{"name":"wp","href":"https:\/\/api.w.org\/{rel}","templated":true}]}}