{"id":35157,"date":"2026-07-04T07:34:00","date_gmt":"2026-07-04T05:34:00","guid":{"rendered":"https:\/\/euapp01.newsmemory.com\/lamarseillaise\/news\/?p=35157"},"modified":"2026-07-08T07:36:02","modified_gmt":"2026-07-08T05:36:02","slug":"des-lyceens-recompenses-pour-leurs-projets-solidaires","status":"publish","type":"post","link":"https:\/\/euapp01.newsmemory.com\/lamarseillaise\/news\/2026\/07\/04\/des-lyceens-recompenses-pour-leurs-projets-solidaires\/","title":{"rendered":"Des lyc\u00e9ens r\u00e9compens\u00e9s pour leurs projets solidaires"},"content":{"rendered":"<div class=\"paragraph\">\n<p>Dans la cour du lyc\u00e9e Le\u00a0Chatelier, les \u00e9l\u00e8ves brandissent fi\u00e8rement leur dipl\u00f4me encadr\u00e9, le \u00ab\u00a0Prix \u00c9dith Arnoult-Brill du Projet Solidaire\u00a0\u00bb, et lancent leur toque en l\u2019air. Cette r\u00e9ussite est la leur\u00a0: deux ans au sein du programme \u00ab\u00a0Lyc\u00e9es Pro\u2019Solidaires\u00a0\u00bb, durant lesquelles ils ont pu d\u00e9velopper des projets concrets. Huit classes, douze groupes de lyc\u00e9ens de La\u00a0Viste, La Calade, l\u2019Estaque et Le Chatelier \u00e0 Marseille, mais aussi de Jean-Monnet, \u00e0 Vitrolles. Quand l\u2019une des classes a organis\u00e9 des sorties pour des petits plac\u00e9s au sein d\u2019une maison d\u2019enfants \u00e0 caract\u00e8re social (Mecs), d\u2019autres ont appris \u00e0 des femmes pr\u00e9caires la couture.<\/p>\n<p>Face aux \u00e9l\u00e8ves, Amine Kessaci, adjoint EELV au maire en charge de la Jeunesse, \u00e9voque son propre parcours, \u00e9tant lui-m\u00eame titulaire d\u2019un bac pro\u00a0: \u00ab\u00a0<i>C\u2019est la preuve que tout est possible<\/i><i>\u00a0<\/i>\u00bb. \u00ab\u00a0<i>Un d\u00e9clic suffit \u00e0 d\u00e9placer une fronti\u00e8re et changer un destin<\/i><i>\u00a0<\/i>\u00bb, abonde Sabrina Roubache, ministre d\u00e9l\u00e9gu\u00e9e en charge de l\u2019Enseignement et de la Formation professionnels et de l\u2019Apprentissage, rappelant qu\u2019elle a grandi \u00e0 quelques m\u00e8tres d\u2019ici, rue F\u00e9lix-Pyat. Les \u00e9l\u00e8ves ont par la suite pr\u00e9sent\u00e9, devant un jury, un projet pour un voyage p\u00e9dagogique. C\u2019est ainsi qu\u2019ils se sont rendus \u00e0 Montr\u00e9al, Copenhague, Stockholm et Amsterdam. \u00ab\u00a0<i>Vous \u00eates fiers de vous et \u00e7a, il faut le revendiquer, ce que vous avez fait est assez extraordinaire<\/i><i>\u00a0<\/i>\u00bb, pousse Charles Lantieri, directeur g\u00e9n\u00e9ral d\u00e9l\u00e9gu\u00e9 de FDJ United, devant les \u00e9l\u00e8ves chaleureusement applaudis.<\/p>\n<\/p><\/div>\n","protected":false},"excerpt":{"rendered":"Dans la cour du lyc&eacute;e Le&nbsp;Chatelier, les &eacute;l&egrave;ves brandissent fi&egrave;rement leur dipl&ocirc;me encadr&eacute;, le &laquo;&nbsp;Prix &Eacute;dith Arnoult-Brill du Projet Solidaire&nbsp;&raquo;, et lancent leur toque en &#8230;","protected":false},"author":1,"featured_media":35158,"comment_status":"open","ping_status":"open","sticky":false,"template":"","format":"standard","meta":{"footnotes":""},"categories":[3926,3925,20],"tags":[2343,10,1614,713,16,1126,38,483,2806],"news-destination":[3944],"news-source":[475],"is_homepage":[],"ta_other":[],"class_list":["post-35157","post","type-post","status-publish","format-standard","has-post-thumbnail","hentry","category-accueil-merge","category-accueil-third","category-societe","tag-amine-kessaci","tag-bouches-du-rhone","tag-diplome","tag-lyceens","tag-marseille","tag-pedagogique","tag-programme","tag-projets","tag-sabrina-roubache","news-destination-homepage","news-source-website"],"_links":{"self":[{"href":"https:\/\/euapp01.newsmemory.com\/lamarseillaise\/news\/wp-json\/wp\/v2\/posts\/35157","targetHints":{"allow":["GET"]}}],"collection":[{"href":"https:\/\/euapp01.newsmemory.com\/lamarseillaise\/news\/wp-json\/wp\/v2\/posts"}],"about":[{"href":"https:\/\/euapp01.newsmemory.com\/lamarseillaise\/news\/wp-json\/wp\/v2\/types\/post"}],"author":[{"embeddable":true,"href":"https:\/\/euapp01.newsmemory.com\/lamarseillaise\/news\/wp-json\/wp\/v2\/users\/1"}],"replies":[{"embeddable":true,"href":"https:\/\/euapp01.newsmemory.com\/lamarseillaise\/news\/wp-json\/wp\/v2\/comments?post=35157"}],"version-history":[{"count":1,"href":"https:\/\/euapp01.newsmemory.com\/lamarseillaise\/news\/wp-json\/wp\/v2\/posts\/35157\/revisions"}],"predecessor-version":[{"id":35159,"href":"https:\/\/euapp01.newsmemory.com\/lamarseillaise\/news\/wp-json\/wp\/v2\/posts\/35157\/revisions\/35159"}],"wp:featuredmedia":[{"embeddable":true,"href":"https:\/\/euapp01.newsmemory.com\/lamarseillaise\/news\/wp-json\/wp\/v2\/media\/35158"}],"wp:attachment":[{"href":"https:\/\/euapp01.newsmemory.com\/lamarseillaise\/news\/wp-json\/wp\/v2\/media?parent=35157"}],"wp:term":[{"taxonomy":"category","embeddable":true,"href":"https:\/\/euapp01.newsmemory.com\/lamarseillaise\/news\/wp-json\/wp\/v2\/categories?post=35157"},{"taxonomy":"post_tag","embeddable":true,"href":"https:\/\/euapp01.newsmemory.com\/lamarseillaise\/news\/wp-json\/wp\/v2\/tags?post=35157"},{"taxonomy":"news-destination","embeddable":true,"href":"https:\/\/euapp01.newsmemory.com\/lamarseillaise\/news\/wp-json\/wp\/v2\/news-destination?post=35157"},{"taxonomy":"news-source","embeddable":true,"href":"https:\/\/euapp01.newsmemory.com\/lamarseillaise\/news\/wp-json\/wp\/v2\/news-source?post=35157"},{"taxonomy":"is_homepage","embeddable":true,"href":"https:\/\/euapp01.newsmemory.com\/lamarseillaise\/news\/wp-json\/wp\/v2\/is_homepage?post=35157"},{"taxonomy":"ta_other","embeddable":true,"href":"https:\/\/euapp01.newsmemory.com\/lamarseillaise\/news\/wp-json\/wp\/v2\/ta_other?post=35157"}],"curies":[{"name":"wp","href":"https:\/\/api.w.org\/{rel}","templated":true}]}}