{"id":35154,"date":"2026-07-04T07:35:00","date_gmt":"2026-07-04T05:35:00","guid":{"rendered":"https:\/\/euapp01.newsmemory.com\/lamarseillaise\/news\/?p=35154"},"modified":"2026-07-08T07:36:02","modified_gmt":"2026-07-08T05:36:02","slug":"lud-de-la-cgt-13-au-soutien-de-fadwa-barghouti","status":"publish","type":"post","link":"https:\/\/euapp01.newsmemory.com\/lamarseillaise\/news\/2026\/07\/04\/lud-de-la-cgt-13-au-soutien-de-fadwa-barghouti\/","title":{"rendered":"L\u2019UD de la CGT 13 au soutien de Fadwa Barghouti"},"content":{"rendered":"<div class=\"paragraph\">\n<p>Fadwa Barghouti poursuit sa visite marathon \u00e0 Marseille. \u00c0 la Bourse du Travail, des syndicalistes de la CGT\u00a013 ont \u00e9chang\u00e9, ce vendredi, avec la militante palestinienne. Keffieh sur les \u00e9paules et entour\u00e9e de drapeaux palestiniens, elle est revenue sur le sens de sa venue en France\u00a0: \u00ab<i>\u00a0<\/i><i>On veut relancer la campagne internationale pour la lib\u00e9ration de Marwan.<\/i><i>\u00a0<\/i>\u00bb<\/p>\n<p>\u00c9pouse de Marwan Barghouti, emprisonn\u00e9 depuis 2002 en Isra\u00ebl, elle rappelle qu\u2019une dizaine de villes fran\u00e7aises \u2013 dont Marseille \u2013 lui ont accord\u00e9 la citoyennet\u00e9 d\u2019honneur, distinction \u00ab<i>\u00a0<\/i><i>qui honore tout le peuple palestinien<\/i><i>\u00a0<\/i>\u00bb<i>.<\/i><\/p>\n<p>Un soutien qui doit en appeler d\u2019autres selon la CGT. \u00ab<i>\u00a0<\/i><i>Le gouvernement fran\u00e7ais doit poser des actes concrets pour pas \u00eatre complice du g\u00e9nocide<\/i><i>\u00a0<\/i>\u00bb<i>,<\/i> mart\u00e8le Marc Pi\u00e9trosino, secr\u00e9taire g\u00e9n\u00e9ral de l\u2019UD CGT 13.<i><\/i><\/p>\n<\/p><\/div>\n<div class=\"intext\"> \u00ab\u00a0Une le\u00e7on d\u2019humanisme et de militantisme\u00a0\u00bb\n              <\/div>\n<div class=\"paragraph\">\n<p>Charg\u00e9e par son \u00e9poux de porter sa voix, Fadwa Barghouti laisse entrevoir sa fatigue. \u00ab<i>\u00a0<\/i><i>Parfois, je perds espoir, je me sens seule<\/i><i>\u00a0<\/i>\u00bb<i>,<\/i> confie-t-elle. Avant d\u2019assurer, d\u2019un ton grave\u00a0: \u00ab<i>\u00a0<\/i><i>On tiendra le coup jusqu\u2019\u00e0 sa lib\u00e9ration et celle de tous les prisonniers palestiniens.<\/i><i>\u00a0<\/i>\u00bb<i><\/i><\/p>\n<p>Les \u00e9changes se sont ensuite tourn\u00e9s vers l\u2019\u00e9ducation. Mouna, enseignante syndiqu\u00e9e, alerte sur des \u00ab<i>\u00a0<\/i><i>g\u00e9n\u00e9rations sacrifi\u00e9es<\/i><i>\u00a0<\/i>\u00bb, convaincue que l\u2019avenir palestinien passe par \u00ab<i>\u00a0<\/i><i>l\u2019\u00e9mancipation de sa jeunesse<\/i><i>\u00a0<\/i>\u00bb<i>.<\/i> \u00ab<i>\u00a0<\/i><i>La plus grande punition, c\u2019est de priver ce peuple d\u2019acc\u00e8s \u00e0 l\u2019\u00e9ducation<\/i><i>\u00a0<\/i>\u00bb, r\u00e9pond Fadwa Barghouti, avant d\u2019\u00e9voquer son mari, qui \u00ab<i>\u00a0<\/i><i>donne 4<\/i><i>\u00a0<\/i><i>heures de cours de politique par jour \u00e0 des prisonniers \u00e0 travers sa fen\u00eatre<\/i><i>\u00a0<\/i>\u00bb<i>.<\/i><\/p>\n<p>Une anecdote qui conclut une rencontre salu\u00e9e comme \u00ab<i>\u00a0<\/i><i>une grande le\u00e7on d\u2019humanisme et de militantisme<\/i><i>\u00a0<\/i>\u00bb<i> <\/i>par Marc Pi\u00e9trosino, sous les applaudissements et les chants \u00ab<i>\u00a0<\/i><i>Lib\u00e9rez Marwan, lib\u00e9rez la Palestine<\/i><i>\u00a0<\/i>\u00bb. La militante conclut sa visite marseillaise ce samedi \u00e0 14h, sous l\u2019Ombri\u00e8re du Vieux-Port, \u00e0 l\u2019occasion de l\u2019\u00e9v\u00e9nement Palestine United 2<i>.<\/i><\/p>\n<\/p><\/div>\n","protected":false},"excerpt":{"rendered":"Fadwa Barghouti poursuit sa visite marathon &agrave; Marseille. &Agrave; la Bourse du Travail, des syndicalistes de la CGT&nbsp;13 ont &eacute;chang&eacute;, ce vendredi, avec la militante palestinienne. Keffieh sur les &eacute;paules et &#8230;","protected":false},"author":1,"featured_media":35155,"comment_status":"open","ping_status":"open","sticky":false,"template":"","format":"standard","meta":{"footnotes":""},"categories":[3926,3925,331,20],"tags":[72,612,75,76],"news-destination":[3944],"news-source":[475],"is_homepage":[],"ta_other":[],"class_list":["post-35154","post","type-post","status-publish","format-standard","has-post-thumbnail","hentry","category-accueil-merge","category-accueil-third","category-social","category-societe","tag-gaza","tag-guerre-israel-palestine","tag-palestine","tag-palestiniens","news-destination-homepage","news-source-website"],"_links":{"self":[{"href":"https:\/\/euapp01.newsmemory.com\/lamarseillaise\/news\/wp-json\/wp\/v2\/posts\/35154","targetHints":{"allow":["GET"]}}],"collection":[{"href":"https:\/\/euapp01.newsmemory.com\/lamarseillaise\/news\/wp-json\/wp\/v2\/posts"}],"about":[{"href":"https:\/\/euapp01.newsmemory.com\/lamarseillaise\/news\/wp-json\/wp\/v2\/types\/post"}],"author":[{"embeddable":true,"href":"https:\/\/euapp01.newsmemory.com\/lamarseillaise\/news\/wp-json\/wp\/v2\/users\/1"}],"replies":[{"embeddable":true,"href":"https:\/\/euapp01.newsmemory.com\/lamarseillaise\/news\/wp-json\/wp\/v2\/comments?post=35154"}],"version-history":[{"count":1,"href":"https:\/\/euapp01.newsmemory.com\/lamarseillaise\/news\/wp-json\/wp\/v2\/posts\/35154\/revisions"}],"predecessor-version":[{"id":35156,"href":"https:\/\/euapp01.newsmemory.com\/lamarseillaise\/news\/wp-json\/wp\/v2\/posts\/35154\/revisions\/35156"}],"wp:featuredmedia":[{"embeddable":true,"href":"https:\/\/euapp01.newsmemory.com\/lamarseillaise\/news\/wp-json\/wp\/v2\/media\/35155"}],"wp:attachment":[{"href":"https:\/\/euapp01.newsmemory.com\/lamarseillaise\/news\/wp-json\/wp\/v2\/media?parent=35154"}],"wp:term":[{"taxonomy":"category","embeddable":true,"href":"https:\/\/euapp01.newsmemory.com\/lamarseillaise\/news\/wp-json\/wp\/v2\/categories?post=35154"},{"taxonomy":"post_tag","embeddable":true,"href":"https:\/\/euapp01.newsmemory.com\/lamarseillaise\/news\/wp-json\/wp\/v2\/tags?post=35154"},{"taxonomy":"news-destination","embeddable":true,"href":"https:\/\/euapp01.newsmemory.com\/lamarseillaise\/news\/wp-json\/wp\/v2\/news-destination?post=35154"},{"taxonomy":"news-source","embeddable":true,"href":"https:\/\/euapp01.newsmemory.com\/lamarseillaise\/news\/wp-json\/wp\/v2\/news-source?post=35154"},{"taxonomy":"is_homepage","embeddable":true,"href":"https:\/\/euapp01.newsmemory.com\/lamarseillaise\/news\/wp-json\/wp\/v2\/is_homepage?post=35154"},{"taxonomy":"ta_other","embeddable":true,"href":"https:\/\/euapp01.newsmemory.com\/lamarseillaise\/news\/wp-json\/wp\/v2\/ta_other?post=35154"}],"curies":[{"name":"wp","href":"https:\/\/api.w.org\/{rel}","templated":true}]}}