{"id":35151,"date":"2026-07-04T07:37:00","date_gmt":"2026-07-04T05:37:00","guid":{"rendered":"https:\/\/euapp01.newsmemory.com\/lamarseillaise\/news\/?p=35151"},"modified":"2026-07-08T07:36:01","modified_gmt":"2026-07-08T05:36:01","slug":"mahn-kloix-signe-une-fresque-a-belsunce","status":"publish","type":"post","link":"https:\/\/euapp01.newsmemory.com\/lamarseillaise\/news\/2026\/07\/04\/mahn-kloix-signe-une-fresque-a-belsunce\/","title":{"rendered":"Mahn Kloix signe une fresque \u00e0 Belsunce"},"content":{"rendered":"<div class=\"paragraph\">\n<p>C<i>\u2019est un quartier tr\u00e8s pauvre, l\u2019id\u00e9e est de dire qu\u2019il n\u2019est pas abandonn\u00e9. Qu\u2019il y a toujours des gens qui sont l\u00e0 et qui prennent soin les uns des autres. Faire une fresque de 50m<\/i><i><sup>2<\/sup><\/i><i>, c\u2019est aussi mettre en lumi\u00e8re ceux qui y restent<\/i><i>\u00a0<\/i>\u00bb<i>, <\/i>explique <a rel=\"nofollow noopener noreferrer\" href=\"https:\/\/www.mahn.fr\/\" target=\"_blank\">l\u2019artiste Mahn Kloix<\/a>. Et de poursuivre<i> <\/i>\u00ab<i>\u00a0<\/i><i>c\u2019est un quartier domin\u00e9 par la pr\u00e9sence des hommes dans la rue. J\u2019ai choisi de faire un portrait d\u2019une jeune fille, et de fait, d<\/i><i>e remettre une pr\u00e9sence f\u00e9minine dans la rue<\/i><i>\u00a0<\/i>\u00bb. <i><\/i><\/p>\n<p>\u00ab<i>\u00a0<\/i><i>Qu\u2019est-ce que c\u2019est<\/i><i>\u00a0<\/i><i>?<\/i><i>\u00a0<\/i>\u00bb, interroge Zina \u00e0 haute voix. \u00ab<i>\u00a0<\/i><i>J\u2019habite l\u00e0 depuis 30<\/i><i>\u00a0<\/i><i>ans, j\u2019aimerais trop d\u00e9m\u00e9nager. Les habitants sont sympas mais les rues&#8230;<\/i><i>\u00a0<\/i>\u00bb<i>, <\/i>poursuit-elle. Sous un soleil de plomb, des jeunes torse nu assis \u00e7\u00e0 et l\u00e0, sont accroch\u00e9s \u00e0 leur t\u00e9l\u00e9phone. La fresque est dessin\u00e9e au trait noir sur la fa\u00e7ade de la Soliha, foyer pour jeunes mineurs isol\u00e9s. \u00ab\u00a0<i>Depuis le meurtre survenu en janvier<\/i><i>\u00a0<\/i><i>2026, mairie, pr\u00e9fecture et associations de quartier se r\u00e9unissent r\u00e9guli\u00e8rement pour travailler. L\u2019id\u00e9e est d\u2019arriver \u00e0 se r\u00e9approprier l\u2019espace<\/i><i>\u00a0<\/i>\u00bb<i>, <\/i> d\u00e9taille Christ\u00e8le Grandpaul, une des responsables du foyer Soliha. Aucun des jeunes du foyer n\u2019a souhait\u00e9 conna\u00eetre le motif en amont. Sur le canap\u00e9, Mamadou s\u2019interroge\u00a0: \u00ab\u00a0<i>Le dessin, je sais pas ce que c\u2019est. J\u2019attends de voir fini. Au d\u00e9but, j\u2019ai cru une r\u00e9novation<\/i>.\u00a0\u00bb Tandis qu\u2019Abou s\u2019interroge plut\u00f4t sur l\u2019origine du nom de l\u2019artiste. \u00ab<i>\u00a0<\/i><i>Quand tu mets une image en grand format dans un espace urbain, c\u2019est assez imposant et impactant visuellement<\/i><i>\u00a0<\/i>\u00bb, reconna\u00eet-il. Mais pas que&#8230; \u00ab<i>\u00a0<\/i><i>\u00c0 chaque fois, c\u2019est un d\u00e9fi. Sur corde, il y a l\u2019aspect physique engageant. C\u2019est quelque chose de rude, mais qui me pla\u00eet.<\/i><i>\u00a0<\/i>\u00bb<i> <\/i><\/p>\n<p>N\u00e9 au XX<sup>e<\/sup>\u00a0si\u00e8cle, l\u2019art urbain ou Street art est un art tr\u00e8s populaire. \u00ab\u00a0<i>On dit aux gens<\/i><i>\u00a0<\/i><i>: non, tu n\u2019es pas oblig\u00e9 d\u2019aller dans une galerie. L\u2019art est devant toi dans ta rue<\/i><i>\u00a0<\/i>\u00bb<i>, <\/i>analyse Mahn Kloix. Poursuivant\u00a0: \u00ab<i>\u00a0<\/i><i>C\u2019est ce que j\u2019aime dans ce mouvement. \u00c0 l\u2019international, c\u2019est le premier qui vient d\u2019une base populaire et qui s\u2019adresse \u00e0 tous. Pour moi, c\u2019est une \u00e9norme r\u00e9volution dans le monde de l\u2019art.<\/i><i>\u00a0<\/i>\u00bb<i> <\/i><\/p>\n<\/p><\/div>\n<div class=\"paragraph\">\n<p><i><a rel=\"nofollow noopener noreferrer\" href=\"https:\/\/www.mahn.fr\/expositions\/\" target=\"_blank\">Mahn.fr<\/a><\/i><\/p>\n<\/p><\/div>\n","protected":false},"excerpt":{"rendered":"C&rsquo;est un quartier tr&egrave;s pauvre, l&rsquo;id&eacute;e est de dire qu&rsquo;il n&rsquo;est pas abandonn&eacute;. Qu&rsquo;il y a toujours des gens qui sont l&agrave; et qui prennent soin les uns des autres. Faire une fresque de 50m2, &#8230;","protected":false},"author":1,"featured_media":35152,"comment_status":"open","ping_status":"open","sticky":false,"template":"","format":"standard","meta":{"footnotes":""},"categories":[3926,3925,20],"tags":[2988,138,10,59,1746,16,2828,335,1582,6013,3191],"news-destination":[3944],"news-source":[475],"is_homepage":[],"ta_other":[],"class_list":["post-35151","post","type-post","status-publish","format-standard","has-post-thumbnail","hentry","category-accueil-merge","category-accueil-third","category-societe","tag-art-urbain","tag-associations","tag-bouches-du-rhone","tag-jeunes","tag-louise-michel","tag-marseille","tag-mineurs-isoles","tag-portrait","tag-renovation","tag-soliha","tag-street-art","news-destination-homepage","news-source-website"],"_links":{"self":[{"href":"https:\/\/euapp01.newsmemory.com\/lamarseillaise\/news\/wp-json\/wp\/v2\/posts\/35151","targetHints":{"allow":["GET"]}}],"collection":[{"href":"https:\/\/euapp01.newsmemory.com\/lamarseillaise\/news\/wp-json\/wp\/v2\/posts"}],"about":[{"href":"https:\/\/euapp01.newsmemory.com\/lamarseillaise\/news\/wp-json\/wp\/v2\/types\/post"}],"author":[{"embeddable":true,"href":"https:\/\/euapp01.newsmemory.com\/lamarseillaise\/news\/wp-json\/wp\/v2\/users\/1"}],"replies":[{"embeddable":true,"href":"https:\/\/euapp01.newsmemory.com\/lamarseillaise\/news\/wp-json\/wp\/v2\/comments?post=35151"}],"version-history":[{"count":1,"href":"https:\/\/euapp01.newsmemory.com\/lamarseillaise\/news\/wp-json\/wp\/v2\/posts\/35151\/revisions"}],"predecessor-version":[{"id":35153,"href":"https:\/\/euapp01.newsmemory.com\/lamarseillaise\/news\/wp-json\/wp\/v2\/posts\/35151\/revisions\/35153"}],"wp:featuredmedia":[{"embeddable":true,"href":"https:\/\/euapp01.newsmemory.com\/lamarseillaise\/news\/wp-json\/wp\/v2\/media\/35152"}],"wp:attachment":[{"href":"https:\/\/euapp01.newsmemory.com\/lamarseillaise\/news\/wp-json\/wp\/v2\/media?parent=35151"}],"wp:term":[{"taxonomy":"category","embeddable":true,"href":"https:\/\/euapp01.newsmemory.com\/lamarseillaise\/news\/wp-json\/wp\/v2\/categories?post=35151"},{"taxonomy":"post_tag","embeddable":true,"href":"https:\/\/euapp01.newsmemory.com\/lamarseillaise\/news\/wp-json\/wp\/v2\/tags?post=35151"},{"taxonomy":"news-destination","embeddable":true,"href":"https:\/\/euapp01.newsmemory.com\/lamarseillaise\/news\/wp-json\/wp\/v2\/news-destination?post=35151"},{"taxonomy":"news-source","embeddable":true,"href":"https:\/\/euapp01.newsmemory.com\/lamarseillaise\/news\/wp-json\/wp\/v2\/news-source?post=35151"},{"taxonomy":"is_homepage","embeddable":true,"href":"https:\/\/euapp01.newsmemory.com\/lamarseillaise\/news\/wp-json\/wp\/v2\/is_homepage?post=35151"},{"taxonomy":"ta_other","embeddable":true,"href":"https:\/\/euapp01.newsmemory.com\/lamarseillaise\/news\/wp-json\/wp\/v2\/ta_other?post=35151"}],"curies":[{"name":"wp","href":"https:\/\/api.w.org\/{rel}","templated":true}]}}