{"id":35148,"date":"2026-07-04T07:38:00","date_gmt":"2026-07-04T05:38:00","guid":{"rendered":"https:\/\/euapp01.newsmemory.com\/lamarseillaise\/news\/?p=35148"},"modified":"2026-07-08T07:36:01","modified_gmt":"2026-07-08T05:36:01","slug":"lassociation-petitapeti-ne-veut-pas-se-retrouver-a-la-rue","status":"publish","type":"post","link":"https:\/\/euapp01.newsmemory.com\/lamarseillaise\/news\/2026\/07\/04\/lassociation-petitapeti-ne-veut-pas-se-retrouver-a-la-rue\/","title":{"rendered":"L\u2019association Petitapeti ne veut pas se retrouver \u00e0 la rue"},"content":{"rendered":"<div class=\"paragraph\">\n<p>U<i>n local pour les enfants<\/i><i>\u00a0<\/i>\u00bb, tel \u00e9tait le slogan entendu jeudi 2 juillet dans le quartier de la Joliette. Parents, enfants et b\u00e9n\u00e9voles de l\u2019association Petitapeti se sont donn\u00e9 rendez-vous, dans une ambiance conviviale, pour une d\u00e9ambulation jusqu\u2019\u00e0 l\u2019H\u00f4tel de Ville. Depuis plusieurs mois, ils se mobilisent pour trouver une solution de relogement. \u00ab\u00a0<i>Une situation des plus urgentes<\/i>\u00a0\u00bb selon Camille, pr\u00e9sidente de l\u2019association, car ils devront quitter les lieux le 31\u00a0juillet, sans possibilit\u00e9 de relogement.<\/p>\n<\/p><\/div>\n<div class=\"intext\"> Le seul \u00ab\u00a0relais social\u00a0\u00bb\n              <\/div>\n<div class=\"paragraph\">\n<p>\u00ab<i>\u00a0<\/i><i>C\u2019est une grande perte pour les enfants<\/i>\u00a0\u00bb, explique Delenda, venue au rassemblement avec son fils. Un avis partag\u00e9 par Melina, 10 ans. Avec l\u2019association, elle participe au journal des enfants \u00ab\u00a0Titape\u00a0\u00bb et apprend \u00e0 jouer aux \u00e9checs. \u00ab<i>\u00a0<\/i><i>Je n\u2019accepte pas, si \u00e7a ferme, je n\u2019aurai plus les sorties qui me plaisent<\/i><i>\u00a0<\/i>\u00bb<i>,<\/i> explique-t-elle, en brandissant fi\u00e8rement une pancarte sur laquelle est inscrite\u00a0: \u00ab<i>\u00a0<\/i><i>Les enfants ne sont pas invisibles<\/i>.\u00a0\u00bb \u00c0 ses c\u00f4t\u00e9s, sa m\u00e8re Wassila partage son appr\u00e9hension\u00a0: \u00ab\u00a0<i>Je n\u2019ai pas de famille \u00e0 Marseille et l\u2019association m\u2019a aid\u00e9e \u00e0 cr\u00e9er des liens, c\u2019est comme une deuxi\u00e8me famille maintenant.<\/i>\u00a0\u00bb Entre b\u00e9n\u00e9ficiaires et b\u00e9n\u00e9voles, un lien de confiance s\u2019est cr\u00e9\u00e9, certaines familles \u00e9tant accompagn\u00e9es depuis plus de dix\u00a0ans.<\/p>\n<p>L\u2019association qui est implant\u00e9e dans le quartier depuis 20\u00a0ans et qui aide aujourd\u2019hui plus d\u2019une soixantaine de familles lance un appel aux institutions et collectivit\u00e9s pour trouver une solution de relogement.<\/p>\n<\/p><\/div>\n","protected":false},"excerpt":{"rendered":"Un local pour les enfants&nbsp;&raquo;, tel &eacute;tait le slogan entendu jeudi 2 juillet dans le quartier de la Joliette. Parents, enfants et b&eacute;n&eacute;voles de l&rsquo;association Petitapeti se sont donn&eacute; rendez-vous, dans une &#8230;","protected":false},"author":1,"featured_media":35149,"comment_status":"open","ping_status":"open","sticky":false,"template":"","format":"standard","meta":{"footnotes":""},"categories":[3926,3925,20],"tags":[168,10,754,16,613],"news-destination":[3944],"news-source":[475],"is_homepage":[],"ta_other":[],"class_list":["post-35148","post","type-post","status-publish","format-standard","has-post-thumbnail","hentry","category-accueil-merge","category-accueil-third","category-societe","tag-association","tag-bouches-du-rhone","tag-familles","tag-marseille","tag-rassemblement","news-destination-homepage","news-source-website"],"_links":{"self":[{"href":"https:\/\/euapp01.newsmemory.com\/lamarseillaise\/news\/wp-json\/wp\/v2\/posts\/35148","targetHints":{"allow":["GET"]}}],"collection":[{"href":"https:\/\/euapp01.newsmemory.com\/lamarseillaise\/news\/wp-json\/wp\/v2\/posts"}],"about":[{"href":"https:\/\/euapp01.newsmemory.com\/lamarseillaise\/news\/wp-json\/wp\/v2\/types\/post"}],"author":[{"embeddable":true,"href":"https:\/\/euapp01.newsmemory.com\/lamarseillaise\/news\/wp-json\/wp\/v2\/users\/1"}],"replies":[{"embeddable":true,"href":"https:\/\/euapp01.newsmemory.com\/lamarseillaise\/news\/wp-json\/wp\/v2\/comments?post=35148"}],"version-history":[{"count":1,"href":"https:\/\/euapp01.newsmemory.com\/lamarseillaise\/news\/wp-json\/wp\/v2\/posts\/35148\/revisions"}],"predecessor-version":[{"id":35150,"href":"https:\/\/euapp01.newsmemory.com\/lamarseillaise\/news\/wp-json\/wp\/v2\/posts\/35148\/revisions\/35150"}],"wp:featuredmedia":[{"embeddable":true,"href":"https:\/\/euapp01.newsmemory.com\/lamarseillaise\/news\/wp-json\/wp\/v2\/media\/35149"}],"wp:attachment":[{"href":"https:\/\/euapp01.newsmemory.com\/lamarseillaise\/news\/wp-json\/wp\/v2\/media?parent=35148"}],"wp:term":[{"taxonomy":"category","embeddable":true,"href":"https:\/\/euapp01.newsmemory.com\/lamarseillaise\/news\/wp-json\/wp\/v2\/categories?post=35148"},{"taxonomy":"post_tag","embeddable":true,"href":"https:\/\/euapp01.newsmemory.com\/lamarseillaise\/news\/wp-json\/wp\/v2\/tags?post=35148"},{"taxonomy":"news-destination","embeddable":true,"href":"https:\/\/euapp01.newsmemory.com\/lamarseillaise\/news\/wp-json\/wp\/v2\/news-destination?post=35148"},{"taxonomy":"news-source","embeddable":true,"href":"https:\/\/euapp01.newsmemory.com\/lamarseillaise\/news\/wp-json\/wp\/v2\/news-source?post=35148"},{"taxonomy":"is_homepage","embeddable":true,"href":"https:\/\/euapp01.newsmemory.com\/lamarseillaise\/news\/wp-json\/wp\/v2\/is_homepage?post=35148"},{"taxonomy":"ta_other","embeddable":true,"href":"https:\/\/euapp01.newsmemory.com\/lamarseillaise\/news\/wp-json\/wp\/v2\/ta_other?post=35148"}],"curies":[{"name":"wp","href":"https:\/\/api.w.org\/{rel}","templated":true}]}}