{"id":35145,"date":"2026-07-04T07:59:00","date_gmt":"2026-07-04T05:59:00","guid":{"rendered":"https:\/\/euapp01.newsmemory.com\/lamarseillaise\/news\/?p=35145"},"modified":"2026-07-08T08:32:58","modified_gmt":"2026-07-08T06:32:58","slug":"un-diplome-pour-500-eleves-a-velo","status":"publish","type":"post","link":"https:\/\/euapp01.newsmemory.com\/lamarseillaise\/news\/2026\/07\/04\/un-diplome-pour-500-eleves-a-velo\/","title":{"rendered":"Un dipl\u00f4me pour 500 \u00e9l\u00e8ves marseillais \u00e0 v\u00e9lo"},"content":{"rendered":"<div class=\"paragraph\">\n<p>Quatre mois pour apprendre \u00e0 faire du v\u00e9lo. Ce mardi 30 juin, les 500 enfants b\u00e9n\u00e9ficiaires du programme Savoir Rouler \u00e0 V\u00e9lo (SRAV) ont re\u00e7u un dipl\u00f4me pour marquer la fin de leur apprentissage.<\/p>\n<p>\u00ab\u00a0<i>On a des enfants qui ne savaient pas du tout p\u00e9daler, qui ont appris gr\u00e2ce au programme<\/i><i>\u00a0<\/i>\u00bb, explique Manon Conquer, salari\u00e9e de la Recyclerie Sportive. Pour la premi\u00e8re \u00e9dition de cette op\u00e9ration, l\u2019association a mis \u00e0 disposition une centaine de v\u00e9los r\u00e9par\u00e9s aux \u00e9l\u00e8ves du quartier des Crottes, dans le 15<sup>e<\/sup>\u00a0arrondissement de Marseille.<\/p>\n<p>De mars \u00e0 juin, ces \u00e9l\u00e8ves de la grande section au CM2 ont roul\u00e9 sur la piste d\u2019\u00e9ducation routi\u00e8re d\u2019Eurom\u00e9diterran\u00e9e. Des s\u00e9ances rythm\u00e9es par l\u2019apprentissage de l\u2019\u00e9quilibre, du freinage, des r\u00e8gles de circulation, et conclues par une sortie en ville. Tous les cours \u00e9taient anim\u00e9s par les enseignants. \u00ab\u00a0<i>Les professeurs disent que cet apprentissage a renforc\u00e9 la confiance des \u00e9l\u00e8ves<\/i><i>\u00a0<\/i>\u00bb, relate Manon Conquer.<\/p>\n<\/p><\/div>\n<div class=\"intext\"> Un projet reconduit l\u2019ann\u00e9e prochaine\n              <\/div>\n<div class=\"paragraph\">\n<p>Lors de la remise de dipl\u00f4me, plusieurs \u00e9lus \u00e9taient pr\u00e9sents, dont Pascaline L\u00e9corch\u00e9, adjointe au maire de Marseille d\u00e9l\u00e9gu\u00e9e \u00e0 l\u2019\u00e9ducation et au p\u00e9riscolaire. L\u2019\u00e9lu a notamment rappel\u00e9 l\u2019importance de l\u2019apprentissage du v\u00e9lo pour les enfants.<\/p>\n<p>Ce programme a \u00e9t\u00e9 financ\u00e9 par le Fonds Vert, un dispositif de l\u2019\u00c9tat. Et il sera reconduit pour 2026-2027, confirme Manon Conquer.<\/p>\n<\/p><\/div>\n","protected":false},"excerpt":{"rendered":"Quatre mois pour apprendre &agrave; faire du v&eacute;lo. Ce mardi 30 juin, les 500 enfants b&eacute;n&eacute;ficiaires du programme Savoir Rouler &agrave; V&eacute;lo (SRAV) ont re&ccedil;u un dipl&ocirc;me pour marquer la fin de leur &#8230;","protected":false},"author":1,"featured_media":35146,"comment_status":"open","ping_status":"open","sticky":false,"template":"","format":"standard","meta":{"footnotes":""},"categories":[3926,3925,20],"tags":[1614,57,1820,16,5406,807],"news-destination":[3944],"news-source":[475],"is_homepage":[],"ta_other":[],"class_list":["post-35145","post","type-post","status-publish","format-standard","has-post-thumbnail","hentry","category-accueil-merge","category-accueil-third","category-societe","tag-diplome","tag-enfants","tag-euromediterranee","tag-marseille","tag-pascaline-lecorche","tag-velo","news-destination-homepage","news-source-website"],"_links":{"self":[{"href":"https:\/\/euapp01.newsmemory.com\/lamarseillaise\/news\/wp-json\/wp\/v2\/posts\/35145","targetHints":{"allow":["GET"]}}],"collection":[{"href":"https:\/\/euapp01.newsmemory.com\/lamarseillaise\/news\/wp-json\/wp\/v2\/posts"}],"about":[{"href":"https:\/\/euapp01.newsmemory.com\/lamarseillaise\/news\/wp-json\/wp\/v2\/types\/post"}],"author":[{"embeddable":true,"href":"https:\/\/euapp01.newsmemory.com\/lamarseillaise\/news\/wp-json\/wp\/v2\/users\/1"}],"replies":[{"embeddable":true,"href":"https:\/\/euapp01.newsmemory.com\/lamarseillaise\/news\/wp-json\/wp\/v2\/comments?post=35145"}],"version-history":[{"count":2,"href":"https:\/\/euapp01.newsmemory.com\/lamarseillaise\/news\/wp-json\/wp\/v2\/posts\/35145\/revisions"}],"predecessor-version":[{"id":35165,"href":"https:\/\/euapp01.newsmemory.com\/lamarseillaise\/news\/wp-json\/wp\/v2\/posts\/35145\/revisions\/35165"}],"wp:featuredmedia":[{"embeddable":true,"href":"https:\/\/euapp01.newsmemory.com\/lamarseillaise\/news\/wp-json\/wp\/v2\/media\/35146"}],"wp:attachment":[{"href":"https:\/\/euapp01.newsmemory.com\/lamarseillaise\/news\/wp-json\/wp\/v2\/media?parent=35145"}],"wp:term":[{"taxonomy":"category","embeddable":true,"href":"https:\/\/euapp01.newsmemory.com\/lamarseillaise\/news\/wp-json\/wp\/v2\/categories?post=35145"},{"taxonomy":"post_tag","embeddable":true,"href":"https:\/\/euapp01.newsmemory.com\/lamarseillaise\/news\/wp-json\/wp\/v2\/tags?post=35145"},{"taxonomy":"news-destination","embeddable":true,"href":"https:\/\/euapp01.newsmemory.com\/lamarseillaise\/news\/wp-json\/wp\/v2\/news-destination?post=35145"},{"taxonomy":"news-source","embeddable":true,"href":"https:\/\/euapp01.newsmemory.com\/lamarseillaise\/news\/wp-json\/wp\/v2\/news-source?post=35145"},{"taxonomy":"is_homepage","embeddable":true,"href":"https:\/\/euapp01.newsmemory.com\/lamarseillaise\/news\/wp-json\/wp\/v2\/is_homepage?post=35145"},{"taxonomy":"ta_other","embeddable":true,"href":"https:\/\/euapp01.newsmemory.com\/lamarseillaise\/news\/wp-json\/wp\/v2\/ta_other?post=35145"}],"curies":[{"name":"wp","href":"https:\/\/api.w.org\/{rel}","templated":true}]}}