{"id":35142,"date":"2026-07-04T07:39:00","date_gmt":"2026-07-04T05:39:00","guid":{"rendered":"https:\/\/euapp01.newsmemory.com\/lamarseillaise\/news\/?p=35142"},"modified":"2026-07-08T07:25:50","modified_gmt":"2026-07-08T05:25:50","slug":"les-ambulanciers-en-greve-face-au-manque-de-moyens","status":"publish","type":"post","link":"https:\/\/euapp01.newsmemory.com\/lamarseillaise\/news\/2026\/07\/04\/les-ambulanciers-en-greve-face-au-manque-de-moyens\/","title":{"rendered":"Les ambulanciers en gr\u00e8ve face au manque de moyens"},"content":{"rendered":"<div class=\"paragraph\">\n<p>L<i>e vase d\u00e9borde depuis trop longtemps<\/i><i>\u00a0<\/i>\u00bb selon Anthony Abihssira, le responsable d\u00e9partemental de la Fnap\u00a013. L\u2019\u00e9l\u00e9ment d\u00e9clencheur a \u00e9t\u00e9 \u00ab\u00a0<i>un entretien avec l\u2019actuelle ministre de la Sant\u00e9, St\u00e9phanie Rist, le 25<\/i><i>\u00a0<\/i><i>juin dernier<\/i>\u00a0\u00bb. Rien n\u2019a chang\u00e9 depuis, si ce n\u2019est que celle-ci \u00ab\u00a0<i>a demand\u00e9 aux professionnels de s\u2019adresser directement au Premier ministre<\/i>\u00a0\u00bb. Le 27\u00a0juin, ambulanciers et autres transporteurs priv\u00e9s se sont mobilis\u00e9s \u00e0 Paris, devant le minist\u00e8re de la Sant\u00e9. Plus de 400\u00a0ambulances venues de toute la France criaient, sir\u00e8nes hurlantes, les souffrances auxquelles fait face la profession en ce moment et depuis trop longtemps.<\/p>\n<p>Parmi celles-ci, Anthony Abihssira cite \u00ab\u00a0<i>l\u2019augmentation exponentielle du prix de l\u2019essence sans compensation, des charges salariales et sociales toujours plus \u00e9lev\u00e9es, l\u2019absence de r\u00e9\u00e9valuation des tarifs, notamment ceux du transport urgent pr\u00e9-hospitalier, et par cons\u00e9quent une d\u00e9gradation acc\u00e9l\u00e9r\u00e9e de l\u2019\u00e9quilibre financier des soci\u00e9t\u00e9s de transport m\u00e9dical et sanitaire<\/i>\u00a0\u00bb. Le 27\u00a0juin a donc d\u00e9but\u00e9 une gr\u00e8ve qui durera \u00ab\u00a0<i>jusqu\u2019\u00e0 ce que les revendications des travailleurs aient \u00e9t\u00e9 entendues<\/i>\u00a0\u00bb.<\/p>\n<\/p><\/div>\n<div class=\"intext\"> \u00ab\u00a0Aucun accord trouv\u00e9\u00a0\u00bb\n              <\/div>\n<div class=\"paragraph\">\n<p>Par responsabilit\u00e9 en p\u00e9riode de canicule, les ambulanciers ont pris la d\u00e9cision \u00ab\u00a0<i>d\u2019assurer les transports pour des rendez-vous m\u00e9dicaux vitaux programm\u00e9s<\/i>\u00a0\u00bb, pr\u00e9cise le responsable de la Fnap. Ils n\u2019assurent cependant plus les sorties d\u2019h\u00f4pital pour retour \u00e0 domicile. Dans la r\u00e9gion, tous ont \u00e9t\u00e9 r\u00e9quisitionn\u00e9s pour assurer un service normal du Samu, \u00ab\u00a0<i>ce \u00e0 quoi on s\u2019attendait<\/i>\u00a0\u00bb.<\/p>\n<p>Les services ambulanciers ont \u00ab\u00a0<i>\u00e9t\u00e9 re\u00e7us, jeudi, par l\u2019Agence r\u00e9gionale de sant\u00e9, l\u2019Assistance publique des h\u00f4pitaux de Marseille et le cabinet du Premier ministre, mais \u00e0 l\u2019heure actuelle, aucun accord n\u2019a \u00e9t\u00e9 trouv\u00e9<\/i>\u00a0\u00bb, pr\u00e9cise Anthony Abihssira ce vendredi. La gr\u00e8ve \u00ab\u00a0<i>se poursuit jusqu\u2019\u00e0 nouvel ordre, un pr\u00e9avis de manifestation a \u00e9t\u00e9 d\u00e9pos\u00e9 pour jeudi prochain, \u00e0 Marseille<\/i>\u00a0\u00bb.<\/p>\n<\/p><\/div>\n","protected":false},"excerpt":{"rendered":"Le vase d&eacute;borde depuis trop longtemps&nbsp;&raquo; selon Anthony Abihssira, le responsable d&eacute;partemental de la Fnap&nbsp;13. L&rsquo;&eacute;l&eacute;ment d&eacute;clencheur a &eacute;t&eacute; &laquo;&nbsp;un entretien avec &#8230;","protected":false},"author":1,"featured_media":35143,"comment_status":"open","ping_status":"open","sticky":false,"template":"","format":"standard","meta":{"footnotes":""},"categories":[3926,3925,331],"tags":[5251,10,876,16],"news-destination":[3944],"news-source":[475],"is_homepage":[],"ta_other":[],"class_list":["post-35142","post","type-post","status-publish","format-standard","has-post-thumbnail","hentry","category-accueil-merge","category-accueil-third","category-social","tag-ambulanciers","tag-bouches-du-rhone","tag-greve","tag-marseille","news-destination-homepage","news-source-website"],"_links":{"self":[{"href":"https:\/\/euapp01.newsmemory.com\/lamarseillaise\/news\/wp-json\/wp\/v2\/posts\/35142","targetHints":{"allow":["GET"]}}],"collection":[{"href":"https:\/\/euapp01.newsmemory.com\/lamarseillaise\/news\/wp-json\/wp\/v2\/posts"}],"about":[{"href":"https:\/\/euapp01.newsmemory.com\/lamarseillaise\/news\/wp-json\/wp\/v2\/types\/post"}],"author":[{"embeddable":true,"href":"https:\/\/euapp01.newsmemory.com\/lamarseillaise\/news\/wp-json\/wp\/v2\/users\/1"}],"replies":[{"embeddable":true,"href":"https:\/\/euapp01.newsmemory.com\/lamarseillaise\/news\/wp-json\/wp\/v2\/comments?post=35142"}],"version-history":[{"count":1,"href":"https:\/\/euapp01.newsmemory.com\/lamarseillaise\/news\/wp-json\/wp\/v2\/posts\/35142\/revisions"}],"predecessor-version":[{"id":35144,"href":"https:\/\/euapp01.newsmemory.com\/lamarseillaise\/news\/wp-json\/wp\/v2\/posts\/35142\/revisions\/35144"}],"wp:featuredmedia":[{"embeddable":true,"href":"https:\/\/euapp01.newsmemory.com\/lamarseillaise\/news\/wp-json\/wp\/v2\/media\/35143"}],"wp:attachment":[{"href":"https:\/\/euapp01.newsmemory.com\/lamarseillaise\/news\/wp-json\/wp\/v2\/media?parent=35142"}],"wp:term":[{"taxonomy":"category","embeddable":true,"href":"https:\/\/euapp01.newsmemory.com\/lamarseillaise\/news\/wp-json\/wp\/v2\/categories?post=35142"},{"taxonomy":"post_tag","embeddable":true,"href":"https:\/\/euapp01.newsmemory.com\/lamarseillaise\/news\/wp-json\/wp\/v2\/tags?post=35142"},{"taxonomy":"news-destination","embeddable":true,"href":"https:\/\/euapp01.newsmemory.com\/lamarseillaise\/news\/wp-json\/wp\/v2\/news-destination?post=35142"},{"taxonomy":"news-source","embeddable":true,"href":"https:\/\/euapp01.newsmemory.com\/lamarseillaise\/news\/wp-json\/wp\/v2\/news-source?post=35142"},{"taxonomy":"is_homepage","embeddable":true,"href":"https:\/\/euapp01.newsmemory.com\/lamarseillaise\/news\/wp-json\/wp\/v2\/is_homepage?post=35142"},{"taxonomy":"ta_other","embeddable":true,"href":"https:\/\/euapp01.newsmemory.com\/lamarseillaise\/news\/wp-json\/wp\/v2\/ta_other?post=35142"}],"curies":[{"name":"wp","href":"https:\/\/api.w.org\/{rel}","templated":true}]}}