{"id":35139,"date":"2026-07-04T07:40:00","date_gmt":"2026-07-04T05:40:00","guid":{"rendered":"https:\/\/euapp01.newsmemory.com\/lamarseillaise\/news\/?p=35139"},"modified":"2026-07-08T07:36:01","modified_gmt":"2026-07-08T05:36:01","slug":"les-grandes-orientations-pour-redynamiser-le-centre-ville","status":"publish","type":"post","link":"https:\/\/euapp01.newsmemory.com\/lamarseillaise\/news\/2026\/07\/04\/les-grandes-orientations-pour-redynamiser-le-centre-ville\/","title":{"rendered":"Les grandes orientations pour redynamiser le centre-ville"},"content":{"rendered":"<div class=\"paragraph\">\n<p>Ce n\u2019est pas un hasard si le plan \u00ab\u00a0Ph\u00e9nix\u00a0\u00bb a \u00e9t\u00e9 pr\u00e9sent\u00e9 \u00e0 la population, jeudi, dans la cour du mus\u00e9e du centre ancien. Pour revitaliser son centre-ville, la majorit\u00e9 de Robin Pr\u00e9tot (LR) mise sur plusieurs piliers, parmi lesquels<i>\u00a0<\/i>: r\u00e9v\u00e9ler. \u00ab\u00a0<i>Nous voulons restaurer la beaut\u00e9 de notre patrimoine<\/i><i>\u00a0<\/i>\u00bb<i>, <\/i>affirme le maire, et redonner<i> <\/i>au mus\u00e9e arch\u00e9ologique Ren\u00e9-Giroussens \u00ab\u00a0<i>toute sa place<\/i><i>\u00a0<\/i>\u00bb.<\/p>\n<p>La pr\u00e9sidente de l\u2019association des Amis du vieil Istres, Fr\u00e9d\u00e9rique Weisseldenger, pr\u00e9cise<i>\u00a0<\/i>: \u00ab\u00a0<i>Le mus\u00e9e est reconnu pour son exceptionnelle collection d\u2019arch\u00e9ologie sous-marine issue du port antique de Fos. Il abrite l\u2019une des plus prestigieuses collections d\u2019inscriptions peintes sur amphores au monde.<\/i><i>\u00a0<\/i>\u00bb<\/p>\n<p>Apr\u00e8s avoir \u00e9t\u00e9 class\u00e9 \u00ab\u00a0Mus\u00e9e de France\u00a0\u00bb par le minist\u00e8re de la Culture en 2003, l\u2019\u00e9tablissement avait ferm\u00e9 suite \u00e0 l\u2019effondrement du plafond en 2012. Il n\u2019a jamais rouvert ses portes au public, malgr\u00e9 l\u2019annonce faite par Fran\u00e7ois Bernardini, en 2024, \u00ab\u00a0<i>de lancement d\u2019\u00e9tudes visant \u00e0 le r\u00e9habiliter et l\u2019agrandir<\/i><i>\u00a0<\/i>\u00bb. La Ville compte d\u00e9sormais aller chercher des financements pour mettre aux normes et rouvrir cet \u00e9quipement m\u00e9tropolitain. Le mus\u00e9e Ren\u00e9-Giroussens n\u2019est qu\u2019une des propositions de la mairie pour embellir son centre.<\/p>\n<\/p><\/div>\n<div class=\"intext\"> Recentrer les commerces\n              <\/div>\n<div class=\"paragraph\">\n<p>Pour \u00ab\u00a0<i>retrouver une v\u00e9ritable harmonie architecturale<\/i><i>\u00a0<\/i>\u00bb, la Ville mise sur la v\u00e9g\u00e9talisation, l\u2019accompagnement des propri\u00e9taires pour la restauration de leurs fa\u00e7ades et de leurs volets en int\u00e9grant le c\u0153ur de ville dans le p\u00e9rim\u00e8tre de la subvention d\u00e9partementale, ou encore la r\u00e9alisation de fresques sur les murs de l\u2019avenue de la R\u00e9publique ou le forum des Carmes, dont elle a r\u00e9cemment obtenu la concession.<\/p>\n<p>Pour redynamiser le centre, la majorit\u00e9 fait un choix clair<i>\u00a0<\/i>: \u00ab\u00a0<i>Aucune nouvelle grande surface, aucune nouvelle zone commerciale ne sera cr\u00e9\u00e9e \u00e0 l\u2019initiative de la Ville,<\/i> assure Robin Pr\u00e9tot.<i> Notre objectif n\u2019est plus d\u2019\u00e9tendre l\u2019offre commerciale en p\u00e9riph\u00e9rie.<\/i>\u00a0\u00bb Le maire dit explorer toutes les options pour mettre fin \u00e0 Istropolis. Port\u00e9 par l\u2019ancienne majorit\u00e9 de Fran\u00e7ois Bernardini, ce projet consiste en un espace imagin\u00e9 dans la zone du Tub\u00e9 m\u00ealant commerces, loisirs, restauration et lieux de vie sur 30\u00a0000\u00a0m<sup>2<\/sup>. Apr\u00e8s plusieurs avis n\u00e9gatifs, les recours avaient \u00e9t\u00e9 tous purg\u00e9s, conduisant \u00e0 une autorisation de la Commission nationale d\u2019am\u00e9nagement commercial. Robin Pr\u00e9tot, lui, y voit un \u00ab\u00a0<i>projet funeste<\/i><i>\u00a0<\/i>\u00bb.<\/p>\n<p>Enfin, la nouvelle majorit\u00e9 entend aussi am\u00e9liorer l\u2019accessibilit\u00e9 du c\u0153ur de ville, \u00ab\u00a0<i>la principale probl\u00e9matique remont\u00e9e par les clients<\/i>\u00a0\u00bb selon la pr\u00e9sidente de l\u2019association de commer\u00e7ants Val\u00e9rie Coquelet. \u00ab\u00a0<i>Nous explorons en ce moment des pistes fonci\u00e8res pour cr\u00e9er un nouveau parking plus pratique pour amener du flux en centre-ville<\/i>\u00a0\u00bb, r\u00e9v\u00e8le Robin Pr\u00e9tot.<\/p>\n<\/p><\/div>\n","protected":false},"excerpt":{"rendered":"Ce n&rsquo;est pas un hasard si le plan &laquo;&nbsp;Ph&eacute;nix&nbsp;&raquo; a &eacute;t&eacute; pr&eacute;sent&eacute; &agrave; la population, jeudi, dans la cour du mus&eacute;e du centre ancien. Pour revitaliser son centre-ville, la &#8230;","protected":false},"author":1,"featured_media":35140,"comment_status":"open","ping_status":"open","sticky":false,"template":"","format":"standard","meta":{"footnotes":""},"categories":[3926,3925,20],"tags":[10,181,177,696,887,5110,534,1745,97,180,5793,347,1547],"news-destination":[3944],"news-source":[475],"is_homepage":[],"ta_other":[],"class_list":["post-35139","post","type-post","status-publish","format-standard","has-post-thumbnail","hentry","category-accueil-merge","category-accueil-third","category-societe","tag-bouches-du-rhone","tag-centre-ville","tag-commercants","tag-commerces","tag-financements","tag-francois-bernardini","tag-istres","tag-parking","tag-patrimoine","tag-restauration","tag-robin-pretot","tag-tourisme","tag-vegetalisation","news-destination-homepage","news-source-website"],"_links":{"self":[{"href":"https:\/\/euapp01.newsmemory.com\/lamarseillaise\/news\/wp-json\/wp\/v2\/posts\/35139","targetHints":{"allow":["GET"]}}],"collection":[{"href":"https:\/\/euapp01.newsmemory.com\/lamarseillaise\/news\/wp-json\/wp\/v2\/posts"}],"about":[{"href":"https:\/\/euapp01.newsmemory.com\/lamarseillaise\/news\/wp-json\/wp\/v2\/types\/post"}],"author":[{"embeddable":true,"href":"https:\/\/euapp01.newsmemory.com\/lamarseillaise\/news\/wp-json\/wp\/v2\/users\/1"}],"replies":[{"embeddable":true,"href":"https:\/\/euapp01.newsmemory.com\/lamarseillaise\/news\/wp-json\/wp\/v2\/comments?post=35139"}],"version-history":[{"count":1,"href":"https:\/\/euapp01.newsmemory.com\/lamarseillaise\/news\/wp-json\/wp\/v2\/posts\/35139\/revisions"}],"predecessor-version":[{"id":35141,"href":"https:\/\/euapp01.newsmemory.com\/lamarseillaise\/news\/wp-json\/wp\/v2\/posts\/35139\/revisions\/35141"}],"wp:featuredmedia":[{"embeddable":true,"href":"https:\/\/euapp01.newsmemory.com\/lamarseillaise\/news\/wp-json\/wp\/v2\/media\/35140"}],"wp:attachment":[{"href":"https:\/\/euapp01.newsmemory.com\/lamarseillaise\/news\/wp-json\/wp\/v2\/media?parent=35139"}],"wp:term":[{"taxonomy":"category","embeddable":true,"href":"https:\/\/euapp01.newsmemory.com\/lamarseillaise\/news\/wp-json\/wp\/v2\/categories?post=35139"},{"taxonomy":"post_tag","embeddable":true,"href":"https:\/\/euapp01.newsmemory.com\/lamarseillaise\/news\/wp-json\/wp\/v2\/tags?post=35139"},{"taxonomy":"news-destination","embeddable":true,"href":"https:\/\/euapp01.newsmemory.com\/lamarseillaise\/news\/wp-json\/wp\/v2\/news-destination?post=35139"},{"taxonomy":"news-source","embeddable":true,"href":"https:\/\/euapp01.newsmemory.com\/lamarseillaise\/news\/wp-json\/wp\/v2\/news-source?post=35139"},{"taxonomy":"is_homepage","embeddable":true,"href":"https:\/\/euapp01.newsmemory.com\/lamarseillaise\/news\/wp-json\/wp\/v2\/is_homepage?post=35139"},{"taxonomy":"ta_other","embeddable":true,"href":"https:\/\/euapp01.newsmemory.com\/lamarseillaise\/news\/wp-json\/wp\/v2\/ta_other?post=35139"}],"curies":[{"name":"wp","href":"https:\/\/api.w.org\/{rel}","templated":true}]}}