{"id":35136,"date":"2026-07-04T07:42:00","date_gmt":"2026-07-04T05:42:00","guid":{"rendered":"https:\/\/euapp01.newsmemory.com\/lamarseillaise\/news\/?p=35136"},"modified":"2026-07-08T07:36:01","modified_gmt":"2026-07-08T05:36:01","slug":"le-sous-prefet-christophe-borgus-sen-retourne-vers-son-pas-de-calais-natal","status":"publish","type":"post","link":"https:\/\/euapp01.newsmemory.com\/lamarseillaise\/news\/2026\/07\/04\/le-sous-prefet-christophe-borgus-sen-retourne-vers-son-pas-de-calais-natal\/","title":{"rendered":"Le sous-pr\u00e9fet Christophe Borgus s\u2019en retourne vers son Pas-de-Calais natal"},"content":{"rendered":"<div class=\"paragraph\">\n<p>De sa prise de fonction, fin septembre 2024, \u00e0 son d\u00e9part ce 3 juillet, le sous-pr\u00e9fet d\u2019Istres, Christophe Borgus, retient avant tout des \u00ab\u00a0<i>r\u00e9ussites collectives<\/i>\u00a0\u00bb, \u00e9voqu\u00e9es \u00e0 l\u2019occasion de la c\u00e9r\u00e9monie de d\u00e9part organis\u00e9e par la Ville d\u2019Istres, vendredi soir.<\/p>\n<p>Dans la cour du Pavillon de Grignan, le haut fonctionnaire \u00e9voque des \u00ab\u00a0<i>r\u00e9sultats historiques permis par la mobilisation exceptionnelle des pouvoirs publics quand ils marchent ensemble<\/i>\u00a0\u00bb, \u00e0 l\u2019instar de \u00ab\u00a0<i>dossiers d\u2019un demi-si\u00e8cle comme le contournement de Martigues-Port-de-Bouc, dont les travaux d\u00e9butent dans les semaines prochaines<\/i>\u00a0\u00bb. Mais aussi la r\u00e9novation du Centre hospitalier de Martigues, \u00ab\u00a0<i>la mont\u00e9e en puissance du p\u00f4le Jean-Sarail avec l\u2019installation de Sabena <\/i><i>Technics, Hynaero et peut-\u00eatre d\u2019autres<\/i>\u00a0\u00bb. Sa satisfaction est d\u2019avoir \u00ab\u00a0<i>engag\u00e9 l\u2019\u00c9tat \u00e0 anticiper et voir loin<\/i><i>\u00a0<\/i>\u00bb, glisse le repr\u00e9sentant de l\u2019\u00c9tat, dont l\u2019ambition est que, \u00ab\u00a0<i>dans l\u2019\u00e9poque de l\u2019imm\u00e9diat, l\u2019avenir ne se d\u00e9fasse<\/i>\u00a0\u00bb.<\/p>\n<\/p><\/div>\n<div class=\"intext\"> \u00ab\u00a0Une empreinte r\u00e9elle\u00a0\u00bb\n              <\/div>\n<div class=\"paragraph\">\n<p>En attendant la nomination \u00ab\u00a0<i>dans les prochains jours<\/i><i>\u00a0<\/i>\u00bb de son successeur, Christophe Borgus, qui dit avoir fait \u00ab\u00a0\u201c<i>Bienvenue chez les ch\u2019tis\u201d \u00e0 l\u2019envers<\/i>\u00a0\u00bb, retourne dans son Pas-de-Calais natal pour \u00ab\u00a0<i>la stabilit\u00e9 familiale<\/i>\u00a0\u00bb comme directeur g\u00e9n\u00e9ral d\u00e9l\u00e9gu\u00e9 de la communaut\u00e9 d\u2019Agglom\u00e9ration de B\u00e9thune. Son mantra\u00a0? \u00ab\u00a0<i>Que les collectivit\u00e9s territoriales, l\u2019\u00c9tat et le monde \u00e9conomique puissent parler<\/i>\u00a0\u00bb. Une m\u00e9thode salu\u00e9e par le maire d\u2019Istres (LR) Robin Pr\u00e9tot, qui consid\u00e8re que \u00ab\u00a0<i>l\u2019\u00c9tat n\u2019a jamais \u00e9t\u00e9 dans l\u2019\u00e9quipe d\u2019en face<\/i><i>\u00a0<\/i>\u00bb et que le haut fonctionnaire \u00ab\u00a0<i>laissera une empreinte r\u00e9elle<\/i>\u00a0\u00bb sur le territoire.<\/p>\n<\/p><\/div>\n","protected":false},"excerpt":{"rendered":"De sa prise de fonction, fin septembre 2024, &agrave; son d&eacute;part ce 3 juillet, le sous-pr&eacute;fet d&rsquo;Istres, Christophe Borgus, retient avant tout des &laquo;&nbsp;r&eacute;ussites collectives&nbsp;&raquo;, &eacute;voqu&eacute;es &#8230;","protected":false},"author":1,"featured_media":35137,"comment_status":"open","ping_status":"open","sticky":false,"template":"","format":"standard","meta":{"footnotes":""},"categories":[3926,3925,20],"tags":[10,2346,208,534,5793,3069],"news-destination":[3944],"news-source":[475],"is_homepage":[],"ta_other":[],"class_list":["post-35136","post","type-post","status-publish","format-standard","has-post-thumbnail","hentry","category-accueil-merge","category-accueil-third","category-societe","tag-bouches-du-rhone","tag-ceremonie","tag-collectivites","tag-istres","tag-robin-pretot","tag-sous-prefet","news-destination-homepage","news-source-website"],"_links":{"self":[{"href":"https:\/\/euapp01.newsmemory.com\/lamarseillaise\/news\/wp-json\/wp\/v2\/posts\/35136","targetHints":{"allow":["GET"]}}],"collection":[{"href":"https:\/\/euapp01.newsmemory.com\/lamarseillaise\/news\/wp-json\/wp\/v2\/posts"}],"about":[{"href":"https:\/\/euapp01.newsmemory.com\/lamarseillaise\/news\/wp-json\/wp\/v2\/types\/post"}],"author":[{"embeddable":true,"href":"https:\/\/euapp01.newsmemory.com\/lamarseillaise\/news\/wp-json\/wp\/v2\/users\/1"}],"replies":[{"embeddable":true,"href":"https:\/\/euapp01.newsmemory.com\/lamarseillaise\/news\/wp-json\/wp\/v2\/comments?post=35136"}],"version-history":[{"count":1,"href":"https:\/\/euapp01.newsmemory.com\/lamarseillaise\/news\/wp-json\/wp\/v2\/posts\/35136\/revisions"}],"predecessor-version":[{"id":35138,"href":"https:\/\/euapp01.newsmemory.com\/lamarseillaise\/news\/wp-json\/wp\/v2\/posts\/35136\/revisions\/35138"}],"wp:featuredmedia":[{"embeddable":true,"href":"https:\/\/euapp01.newsmemory.com\/lamarseillaise\/news\/wp-json\/wp\/v2\/media\/35137"}],"wp:attachment":[{"href":"https:\/\/euapp01.newsmemory.com\/lamarseillaise\/news\/wp-json\/wp\/v2\/media?parent=35136"}],"wp:term":[{"taxonomy":"category","embeddable":true,"href":"https:\/\/euapp01.newsmemory.com\/lamarseillaise\/news\/wp-json\/wp\/v2\/categories?post=35136"},{"taxonomy":"post_tag","embeddable":true,"href":"https:\/\/euapp01.newsmemory.com\/lamarseillaise\/news\/wp-json\/wp\/v2\/tags?post=35136"},{"taxonomy":"news-destination","embeddable":true,"href":"https:\/\/euapp01.newsmemory.com\/lamarseillaise\/news\/wp-json\/wp\/v2\/news-destination?post=35136"},{"taxonomy":"news-source","embeddable":true,"href":"https:\/\/euapp01.newsmemory.com\/lamarseillaise\/news\/wp-json\/wp\/v2\/news-source?post=35136"},{"taxonomy":"is_homepage","embeddable":true,"href":"https:\/\/euapp01.newsmemory.com\/lamarseillaise\/news\/wp-json\/wp\/v2\/is_homepage?post=35136"},{"taxonomy":"ta_other","embeddable":true,"href":"https:\/\/euapp01.newsmemory.com\/lamarseillaise\/news\/wp-json\/wp\/v2\/ta_other?post=35136"}],"curies":[{"name":"wp","href":"https:\/\/api.w.org\/{rel}","templated":true}]}}