{"id":35133,"date":"2026-07-04T09:58:00","date_gmt":"2026-07-04T07:58:00","guid":{"rendered":"https:\/\/euapp01.newsmemory.com\/lamarseillaise\/news\/?p=35133"},"modified":"2026-07-08T18:46:17","modified_gmt":"2026-07-08T16:46:17","slug":"le-cinema-inaugure-apresde-longues-annees-dattente","status":"publish","type":"post","link":"https:\/\/euapp01.newsmemory.com\/lamarseillaise\/news\/2026\/07\/04\/le-cinema-inaugure-apresde-longues-annees-dattente\/","title":{"rendered":"\u00c0 Gardanne, le cin\u00e9ma inaugur\u00e9 apr\u00e8s de longues ann\u00e9es d\u2019attente"},"content":{"rendered":"<div class=\"paragraph\">\n<p>Ce cin\u00e9ma, c\u2019\u00e9tait un peu l\u2019Arl\u00e9sienne de la ville. Apr\u00e8s une premi\u00e8re fermeture survenue en 2012, des travaux promis pour 2022 puis retard\u00e9s, le cin\u00e9ma, qui a rouvert le 12\u00a0mai \u00e0 l\u2019occasion du Festival de Cannes, vient d\u2019\u00eatre inaugur\u00e9 par les \u00e9quipes municipales. Un parking s\u2019\u00e9tend d\u00e9sormais derri\u00e8re le b\u00e2ti principal du cin\u00e9ma, et plus de 300\u00a0places sont install\u00e9es dans les salles obscures. \u00ab<i>\u00a0<\/i><i>Dans les ann\u00e9es 1980, la Ville rach\u00e8te les murs du cin\u00e9ma et engage une premi\u00e8re r\u00e9novation. Des balcons disparaissent, de nouvelles salles naissent \u00e0 leur place et le complexe devient ce 3 Casino, confi\u00e9 \u00e0 l\u2019association Gardanne Cin\u00e9ma<\/i><i>\u00a0<\/i>\u00bb<i> <\/i>retrace le maire, Herv\u00e9 Granier (LR), face \u00e0 la petite foule dans l\u2019assistance. Avant de d\u00e9rouler sur les premiers signes d\u2019\u00e2ge en 2000, du premier projet de modernisation en 2001, abandonn\u00e9<i>. <\/i>\u00ab<i>\u00a0<\/i><i>Puis vient 2013, et c\u2019est la rupture.<\/i><i>\u00a0<\/i>\u00bb<i> <\/i>Une toiture menace de s\u2019effondrer dans la salle\u00a01, une salle sur trois est condamn\u00e9e<i>. <\/i>\u00ab<i>\u00a0<\/i><i>Les projets se succ\u00e8dent ici, ou ailleurs, mais aucun n\u2019aboutit. Quand nous arrivons en 2020, nous faisons un choix simple et clair : le cin\u00e9ma est notre priorit\u00e9<\/i><i>\u00a0<\/i>\u00bb, se targue Herv\u00e9 Granier. Et de rappeler que le projet a connu quelques \u00ab<i>\u00a0<\/i><i>mauvaises surprises<\/i><i>\u00a0<\/i>\u00bb<i>,<\/i> entre son d\u00e9part, retard\u00e9, en 2025, et sa fin, en mars\u00a02026. Pour ces travaux, l\u2019\u00c9tat, la R\u00e9gion et le D\u00e9partement ont particip\u00e9 au financement. D\u00e9sormais, entre les murs, l\u2019association Gardanne Action Cin\u00e9ma retrouve son \u00e9lan. Laure Gonzalez, sa pr\u00e9sidente, rappelle que l\u2019association, est \u00ab<i>\u00a0<\/i><i>compos\u00e9e de 12 membres et g\u00e8re le cin\u00e9ma fin 1998. Nous sommes class\u00e9s Arts et Essais mais avons 40% de notre programmation qui reste g\u00e9n\u00e9raliste (&#8230;.) On propose d\u00e9sormais 60 s\u00e9ances par semaine<\/i><i>\u00a0<\/i>\u00bb. L\u2019association porte aussi le Little festival, ce mois de juillet et organisera le Festival d\u2019automne en octobre. E.B.-G.<\/p>\n<\/p><\/div>\n","protected":false},"excerpt":{"rendered":"Ce cin&eacute;ma, c&rsquo;&eacute;tait un peu l&rsquo;Arl&eacute;sienne de la ville. Apr&egrave;s une premi&egrave;re fermeture survenue en 2012, des travaux promis pour 2022 puis retard&eacute;s, le cin&eacute;ma, qui a rouvert le 12&nbsp;mai &#8230;","protected":false},"author":1,"featured_media":35134,"comment_status":"open","ping_status":"open","sticky":false,"template":"","format":"standard","meta":{"footnotes":""},"categories":[3926,3925,32],"tags":[919,831,2442,402,191],"news-destination":[3944],"news-source":[475],"is_homepage":[],"ta_other":[],"class_list":["post-35133","post","type-post","status-publish","format-standard","has-post-thumbnail","hentry","category-accueil-merge","category-accueil-third","category-culture","tag-cinema","tag-gardanne","tag-herve-granier","tag-inauguration","tag-politique","news-destination-homepage","news-source-website"],"_links":{"self":[{"href":"https:\/\/euapp01.newsmemory.com\/lamarseillaise\/news\/wp-json\/wp\/v2\/posts\/35133","targetHints":{"allow":["GET"]}}],"collection":[{"href":"https:\/\/euapp01.newsmemory.com\/lamarseillaise\/news\/wp-json\/wp\/v2\/posts"}],"about":[{"href":"https:\/\/euapp01.newsmemory.com\/lamarseillaise\/news\/wp-json\/wp\/v2\/types\/post"}],"author":[{"embeddable":true,"href":"https:\/\/euapp01.newsmemory.com\/lamarseillaise\/news\/wp-json\/wp\/v2\/users\/1"}],"replies":[{"embeddable":true,"href":"https:\/\/euapp01.newsmemory.com\/lamarseillaise\/news\/wp-json\/wp\/v2\/comments?post=35133"}],"version-history":[{"count":2,"href":"https:\/\/euapp01.newsmemory.com\/lamarseillaise\/news\/wp-json\/wp\/v2\/posts\/35133\/revisions"}],"predecessor-version":[{"id":35216,"href":"https:\/\/euapp01.newsmemory.com\/lamarseillaise\/news\/wp-json\/wp\/v2\/posts\/35133\/revisions\/35216"}],"wp:featuredmedia":[{"embeddable":true,"href":"https:\/\/euapp01.newsmemory.com\/lamarseillaise\/news\/wp-json\/wp\/v2\/media\/35134"}],"wp:attachment":[{"href":"https:\/\/euapp01.newsmemory.com\/lamarseillaise\/news\/wp-json\/wp\/v2\/media?parent=35133"}],"wp:term":[{"taxonomy":"category","embeddable":true,"href":"https:\/\/euapp01.newsmemory.com\/lamarseillaise\/news\/wp-json\/wp\/v2\/categories?post=35133"},{"taxonomy":"post_tag","embeddable":true,"href":"https:\/\/euapp01.newsmemory.com\/lamarseillaise\/news\/wp-json\/wp\/v2\/tags?post=35133"},{"taxonomy":"news-destination","embeddable":true,"href":"https:\/\/euapp01.newsmemory.com\/lamarseillaise\/news\/wp-json\/wp\/v2\/news-destination?post=35133"},{"taxonomy":"news-source","embeddable":true,"href":"https:\/\/euapp01.newsmemory.com\/lamarseillaise\/news\/wp-json\/wp\/v2\/news-source?post=35133"},{"taxonomy":"is_homepage","embeddable":true,"href":"https:\/\/euapp01.newsmemory.com\/lamarseillaise\/news\/wp-json\/wp\/v2\/is_homepage?post=35133"},{"taxonomy":"ta_other","embeddable":true,"href":"https:\/\/euapp01.newsmemory.com\/lamarseillaise\/news\/wp-json\/wp\/v2\/ta_other?post=35133"}],"curies":[{"name":"wp","href":"https:\/\/api.w.org\/{rel}","templated":true}]}}