{"id":35127,"date":"2026-07-04T07:44:00","date_gmt":"2026-07-04T05:44:00","guid":{"rendered":"https:\/\/euapp01.newsmemory.com\/lamarseillaise\/news\/?p=35127"},"modified":"2026-07-08T07:36:01","modified_gmt":"2026-07-08T05:36:01","slug":"une-journee-pour-aider-les-etudiants-a-se-loger","status":"publish","type":"post","link":"https:\/\/euapp01.newsmemory.com\/lamarseillaise\/news\/2026\/07\/04\/une-journee-pour-aider-les-etudiants-a-se-loger\/","title":{"rendered":"Une journ\u00e9e pour aider les \u00e9tudiants \u00e0 se loger"},"content":{"rendered":"<div class=\"paragraph\">\n<p>P<i>ropri\u00e9taires, r\u00e9sidences \u00e9tudiantes, le Crous et Ensemble 2 g\u00e9n\u00e9rations, seront pr\u00e9sents !<\/i>\u00a0\u00bb, salue le directeur de la Maison de l\u2019\u00e9tudiant et de l\u2019information jeunesse (MDEIJ). De 9h \u00e0 16h, samedi, celle-ci accueillera des \u00e9tudiants pour qu\u2019ils rencontrent les propri\u00e9taires et diff\u00e9rents organismes d\u2019aide au logement. Organis\u00e9es par la mairie de Toulon, depuis six ans, ces rencontres visent \u00e0 faciliter l\u2019installation des plus de 7\u00a0000\u00a0\u00e9tudiants pr\u00e9sents dans le centre-ville.<\/p>\n<p>La Maison de l\u2019\u00e9tudiant entretient un listing \u00ab\u00a0<i>de plus de 600<\/i><i>\u00a0<\/i><i>propri\u00e9taires, cette liste, c\u2019est une sp\u00e9cificit\u00e9 de la ville<\/i>\u00a0\u00bb, pr\u00e9cise le directeur de la Maison de l\u2019\u00e9tudiant. En septembre\u00a02025, l\u2019offre recueillie s\u2019\u00e9levait \u00e0 933\u00a0logements, avec un loyer m\u00e9dian hors charges de 475\u00a0euros, selon l\u2019Agence d\u2019urbanisme de l\u2019aire toulonnaise et du Var (Audat.Var) dans une \u00e9tude r\u00e9alis\u00e9e pour la Ville. La structure demande aux propri\u00e9taires et aux \u00e9tudiants des fiches avec leurs crit\u00e8res et ensuite envoie les offres correspondantes aux locataires. Une autre solution est propos\u00e9e par l\u2019association Ensemble 2 G\u00e9n\u00e9rations\u00a0: loger des \u00e9tudiants \u00e0 moindre prix dans une cohabitation avec un senior. En \u00e9change d\u2019un petit loyer, les \u00e9tudiants aident les plus \u00e2g\u00e9s. L\u2019objectif est de pallier les probl\u00e9matiques de logement des \u00e9tudiants et \u00e0 l\u2019isolement des seniors.<\/p>\n<\/p><\/div>\n<div class=\"intext\"> Formations contraintes\n              <\/div>\n<div class=\"paragraph\">\n<p>Selon l\u2019\u00e9tude men\u00e9e par Audat.Var, 42% des \u00e9tudiants estiment avoir des difficult\u00e9s \u00e0 se loger dans la ville. \u00ab\u00a0<i>Avec Parcoursup, beaucoup d\u2019\u00e9tudiants se retrouvent dans une ville loin de chez eux, alors m\u00eame que la formation demand\u00e9e \u00e9tait dans leur commune<\/i>, explique le directeur de la Maison de l\u2019\u00e9tudiant.<i> Ce sont des formations contraintes.<\/i><i>\u00a0<\/i>\u00bb D\u2019ailleurs, 38% des \u00e9tudiants \u00e0 Toulon viennent d\u2019une autre ville, en dehors du Var, selon Audat.Var.<\/p>\n<p>Face \u00e0 ces diff\u00e9rentes difficult\u00e9s, la Maison de l\u2019\u00e9tudiant propose un service \u00ab\u00a0logement\u00a0\u00bb \u00e0 l\u2019ann\u00e9e.<\/p>\n<\/p><\/div>\n","protected":false},"excerpt":{"rendered":"Propri&eacute;taires, r&eacute;sidences &eacute;tudiantes, le Crous et Ensemble 2 g&eacute;n&eacute;rations, seront pr&eacute;sents !&nbsp;&raquo;, salue le directeur de la Maison de l&rsquo;&eacute;tudiant et de l&rsquo;information jeunesse &#8230;","protected":false},"author":1,"featured_media":35128,"comment_status":"open","ping_status":"open","sticky":false,"template":"","format":"standard","meta":{"footnotes":""},"categories":[3926,3925,20],"tags":[1848,1518,596,597,1615,31],"news-destination":[3944],"news-source":[475],"is_homepage":[],"ta_other":[],"class_list":["post-35127","post","type-post","status-publish","format-standard","has-post-thumbnail","hentry","category-accueil-merge","category-accueil-third","category-societe","tag-etude","tag-etudiants","tag-logement","tag-toulon","tag-universite","tag-var","news-destination-homepage","news-source-website"],"_links":{"self":[{"href":"https:\/\/euapp01.newsmemory.com\/lamarseillaise\/news\/wp-json\/wp\/v2\/posts\/35127","targetHints":{"allow":["GET"]}}],"collection":[{"href":"https:\/\/euapp01.newsmemory.com\/lamarseillaise\/news\/wp-json\/wp\/v2\/posts"}],"about":[{"href":"https:\/\/euapp01.newsmemory.com\/lamarseillaise\/news\/wp-json\/wp\/v2\/types\/post"}],"author":[{"embeddable":true,"href":"https:\/\/euapp01.newsmemory.com\/lamarseillaise\/news\/wp-json\/wp\/v2\/users\/1"}],"replies":[{"embeddable":true,"href":"https:\/\/euapp01.newsmemory.com\/lamarseillaise\/news\/wp-json\/wp\/v2\/comments?post=35127"}],"version-history":[{"count":1,"href":"https:\/\/euapp01.newsmemory.com\/lamarseillaise\/news\/wp-json\/wp\/v2\/posts\/35127\/revisions"}],"predecessor-version":[{"id":35129,"href":"https:\/\/euapp01.newsmemory.com\/lamarseillaise\/news\/wp-json\/wp\/v2\/posts\/35127\/revisions\/35129"}],"wp:featuredmedia":[{"embeddable":true,"href":"https:\/\/euapp01.newsmemory.com\/lamarseillaise\/news\/wp-json\/wp\/v2\/media\/35128"}],"wp:attachment":[{"href":"https:\/\/euapp01.newsmemory.com\/lamarseillaise\/news\/wp-json\/wp\/v2\/media?parent=35127"}],"wp:term":[{"taxonomy":"category","embeddable":true,"href":"https:\/\/euapp01.newsmemory.com\/lamarseillaise\/news\/wp-json\/wp\/v2\/categories?post=35127"},{"taxonomy":"post_tag","embeddable":true,"href":"https:\/\/euapp01.newsmemory.com\/lamarseillaise\/news\/wp-json\/wp\/v2\/tags?post=35127"},{"taxonomy":"news-destination","embeddable":true,"href":"https:\/\/euapp01.newsmemory.com\/lamarseillaise\/news\/wp-json\/wp\/v2\/news-destination?post=35127"},{"taxonomy":"news-source","embeddable":true,"href":"https:\/\/euapp01.newsmemory.com\/lamarseillaise\/news\/wp-json\/wp\/v2\/news-source?post=35127"},{"taxonomy":"is_homepage","embeddable":true,"href":"https:\/\/euapp01.newsmemory.com\/lamarseillaise\/news\/wp-json\/wp\/v2\/is_homepage?post=35127"},{"taxonomy":"ta_other","embeddable":true,"href":"https:\/\/euapp01.newsmemory.com\/lamarseillaise\/news\/wp-json\/wp\/v2\/ta_other?post=35127"}],"curies":[{"name":"wp","href":"https:\/\/api.w.org\/{rel}","templated":true}]}}