{"id":35124,"date":"2026-07-04T07:57:00","date_gmt":"2026-07-04T05:57:00","guid":{"rendered":"https:\/\/euapp01.newsmemory.com\/lamarseillaise\/news\/?p=35124"},"modified":"2026-07-08T08:06:43","modified_gmt":"2026-07-08T06:06:43","slug":"barbecue-et-chateau-gonflable-raphael-arnault-investit-les-quartiers","status":"publish","type":"post","link":"https:\/\/euapp01.newsmemory.com\/lamarseillaise\/news\/2026\/07\/04\/barbecue-et-chateau-gonflable-raphael-arnault-investit-les-quartiers\/","title":{"rendered":"Barbecue et ch\u00e2teau gonflable, Rapha\u00ebl Arnault investit les quartiers d\u2019Avignon"},"content":{"rendered":"<div class=\"paragraph\">\n<p>Barbecue, ch\u00e2teau gonflable ou encore p\u00eache aux canards seront de sortie ce dimanche (12h-18h) \u00e0 la Croix-des-Oiseaux pour une f\u00eate de quartier. \u00c0 l\u2019initiative, non pas la mairie ou le bailleur social, mais le d\u00e9put\u00e9 Rapha\u00ebl Arnault, qui a d\u00e9j\u00e0 organis\u00e9 dimanche dernier une manifestation similaire \u00e0 la cit\u00e9 Louis-Gros. \u00ab\u00a0<i>Aujourd\u2019hui, ces moments de convivialit\u00e9 sont devenus l\u2019exception. \u00c0 l\u2019heure o\u00f9 le gouvernement organise l\u2019aust\u00e9rit\u00e9 pour les services publics tout en pr\u00e9servant les privil\u00e8ges des plus riches, o\u00f9 certains maires pr\u00e9f\u00e8rent crever des piscines de fortune ou instaurer des couvre-feux pour les jeunes plut\u00f4t que d\u2019investir dans le vivre-ensemble, cette f\u00eate a un parfum de r\u00e9sistance<\/i>\u00a0\u00bb, estime l\u2019insoumis.<\/p>\n<p>Le parlementaire ne cache pas vouloir occuper le terrain face aux \u00ab\u00a0<i>mafias qui cherchent \u00e0 s\u2019implanter toujours davantage dans les quartiers populaires<\/i>\u00a0\u00bb. \u00c0 Cavaillon ou \u00e0 Orange, des narcotrafiquants avaient men\u00e9 des op\u00e9rations de notabilit\u00e9 avec des f\u00eates similaires ou distribution de fournitures scolaires. \u00ab\u00a0<i>Cr\u00e9er du lien, faire vivre un quartier, permettre aux habitants de se rencontrer, c\u2019est d\u00e9j\u00e0 faire reculer le repli, l\u2019isolement et les logiques de violence<\/i><i>\u00a0<\/i>\u00bb, estime Rapha\u00ebl Arnault. Une initiative aussi \u00e9minemment politique, o\u00f9 LFI incite \u00e0 s\u2019inscrire sur les listes \u00e9lectorales et voter en 2027, o\u00f9 se profilent pr\u00e9sidentielle et l\u00e9gislatives. Lors des municipales, la cit\u00e9 Louis-Gros avait plac\u00e9 Mathilde Louvain (LFI) en t\u00eate mais avec seulement 27% de participation.<\/p>\n<\/p><\/div>\n","protected":false},"excerpt":{"rendered":"Barbecue, ch&acirc;teau gonflable ou encore p&ecirc;che aux canards seront de sortie ce dimanche (12h-18h) &agrave; la Croix-des-Oiseaux pour une f&ecirc;te de quartier. &Agrave; l&rsquo;initiative, non pas la mairie ou le bailleur social, mais le &#8230;","protected":false},"author":1,"featured_media":35125,"comment_status":"open","ping_status":"open","sticky":false,"template":"","format":"standard","meta":{"footnotes":""},"categories":[3926,3925,330],"tags":[495,174,466,668,4006,171],"news-destination":[3944],"news-source":[475],"is_homepage":[],"ta_other":[],"class_list":["post-35124","post","type-post","status-publish","format-standard","has-post-thumbnail","hentry","category-accueil-merge","category-accueil-third","category-politique","tag-495","tag-avignon","tag-fete","tag-quartiers","tag-raphael-arnault","tag-vaucluse","news-destination-homepage","news-source-website"],"_links":{"self":[{"href":"https:\/\/euapp01.newsmemory.com\/lamarseillaise\/news\/wp-json\/wp\/v2\/posts\/35124","targetHints":{"allow":["GET"]}}],"collection":[{"href":"https:\/\/euapp01.newsmemory.com\/lamarseillaise\/news\/wp-json\/wp\/v2\/posts"}],"about":[{"href":"https:\/\/euapp01.newsmemory.com\/lamarseillaise\/news\/wp-json\/wp\/v2\/types\/post"}],"author":[{"embeddable":true,"href":"https:\/\/euapp01.newsmemory.com\/lamarseillaise\/news\/wp-json\/wp\/v2\/users\/1"}],"replies":[{"embeddable":true,"href":"https:\/\/euapp01.newsmemory.com\/lamarseillaise\/news\/wp-json\/wp\/v2\/comments?post=35124"}],"version-history":[{"count":2,"href":"https:\/\/euapp01.newsmemory.com\/lamarseillaise\/news\/wp-json\/wp\/v2\/posts\/35124\/revisions"}],"predecessor-version":[{"id":35164,"href":"https:\/\/euapp01.newsmemory.com\/lamarseillaise\/news\/wp-json\/wp\/v2\/posts\/35124\/revisions\/35164"}],"wp:featuredmedia":[{"embeddable":true,"href":"https:\/\/euapp01.newsmemory.com\/lamarseillaise\/news\/wp-json\/wp\/v2\/media\/35125"}],"wp:attachment":[{"href":"https:\/\/euapp01.newsmemory.com\/lamarseillaise\/news\/wp-json\/wp\/v2\/media?parent=35124"}],"wp:term":[{"taxonomy":"category","embeddable":true,"href":"https:\/\/euapp01.newsmemory.com\/lamarseillaise\/news\/wp-json\/wp\/v2\/categories?post=35124"},{"taxonomy":"post_tag","embeddable":true,"href":"https:\/\/euapp01.newsmemory.com\/lamarseillaise\/news\/wp-json\/wp\/v2\/tags?post=35124"},{"taxonomy":"news-destination","embeddable":true,"href":"https:\/\/euapp01.newsmemory.com\/lamarseillaise\/news\/wp-json\/wp\/v2\/news-destination?post=35124"},{"taxonomy":"news-source","embeddable":true,"href":"https:\/\/euapp01.newsmemory.com\/lamarseillaise\/news\/wp-json\/wp\/v2\/news-source?post=35124"},{"taxonomy":"is_homepage","embeddable":true,"href":"https:\/\/euapp01.newsmemory.com\/lamarseillaise\/news\/wp-json\/wp\/v2\/is_homepage?post=35124"},{"taxonomy":"ta_other","embeddable":true,"href":"https:\/\/euapp01.newsmemory.com\/lamarseillaise\/news\/wp-json\/wp\/v2\/ta_other?post=35124"}],"curies":[{"name":"wp","href":"https:\/\/api.w.org\/{rel}","templated":true}]}}