{"id":35121,"date":"2026-07-04T07:45:00","date_gmt":"2026-07-04T05:45:00","guid":{"rendered":"https:\/\/euapp01.newsmemory.com\/lamarseillaise\/news\/?p=35121"},"modified":"2026-07-08T07:40:22","modified_gmt":"2026-07-08T05:40:22","slug":"laureate-dun-concours-une-relique-du-xvie-va-etre-restauree","status":"publish","type":"post","link":"https:\/\/euapp01.newsmemory.com\/lamarseillaise\/news\/2026\/07\/04\/laureate-dun-concours-une-relique-du-xvie-va-etre-restauree\/","title":{"rendered":"Laur\u00e9ate d\u2019un concours, une relique du XVIe va \u00eatre restaur\u00e9e"},"content":{"rendered":"<div class=\"paragraph\">\n<p>L\u2019objet de toutes les attentions est \u00e0 peine visible, ce mardi dans une salle de l\u2019archev\u00each\u00e9 d\u2019Avignon. \u00ab<i>\u00a0<\/i><i>Il est fragile, on ne peut pas le relever et le mettre debout<\/i><i>\u00a0<\/i>\u00bb, expose Fran\u00e7ois Fonlupt l\u2019archev\u00eaque. Tout le monde est pourtant l\u00e0 pour voir le coffret reliquaire de Melchior Fallot. Un saint vestige de 1597, habituellement conserv\u00e9 \u00e0 l\u2019abri des regards dans la cath\u00e9drale Notre-Dame des Doms, et qui devrait prochainement retrouver de sa splendeur afin d\u2019\u00eatre rendu visible.<\/p>\n<p>Car ce coffret, inscrit aux Monuments historiques il y a un an et demi, a \u00e9t\u00e9 laur\u00e9at du concours \u00ab\u00a0Le plus grand mus\u00e9e de France\u00a0\u00bb. Une initiative, port\u00e9e par la fondation de La sauvegarde l\u2019art fran\u00e7ais, qui a permis de d\u00e9crocher une dotation de 8\u00a0000\u00a0euros, financ\u00e9e par l\u2019assureur Allianz. \u00ab\u00a0<i>Accompagner, prot\u00e9ger, transmettre<\/i><i>\u00a0<\/i><i>: c\u2019est notre raison d\u2019\u00eatre d\u2019assureur, qui s\u2019applique ici au patrimoine culturel<\/i><i>\u00a0<\/i>\u00bb, fait valoir, Astrid de Latour, responsable du p\u00f4le projets 360 chez Allianz. M\u00eame le pr\u00e9fet est de la partie. Thierry Suquet confie avoir particip\u00e9 au vote, aiguill\u00e9 par le service d\u00e9partemental qui traite des Monuments historiques.<\/p>\n<\/p><\/div>\n<div class=\"intext\"> Financer un protocole<br \/>\n               <br \/>de restauration\n              <\/div>\n<div class=\"paragraph\">\n<p>Cette somme de 8\u00a0000\u00a0euros \u00ab\u00a0<i>va permettre d\u2019entamer des \u00e9tudes pour un protocole de restauration qui doit ensuite \u00eatre valid\u00e9 par les Monuments historiques<\/i>\u00a0\u00bb, d\u00e9taille Blandine Silvestre, d\u00e9l\u00e9gu\u00e9e \u00e9piscopale \u00e0 la conservation des tr\u00e9sors du dioc\u00e8se d\u2019Avignon. Le coffret est d\u2019ailleurs actuellement entre les mains d\u2019un artisan d\u2019art sp\u00e9cialis\u00e9, Philippe Haza\u00ebl-Massieux. \u00ab\u00a0<i>Il a re\u00e7u un traitement pr\u00e9ventif car il \u00e9tait infest\u00e9 d\u2019insectes xylophages<\/i><i>\u00a0<\/i>\u00bb, pr\u00e9cise Blandine Silvestre qui s\u2019est engag\u00e9e \u00ab<i>\u00a0<\/i><i>dans un marathon<\/i>\u00a0\u00bb sur cette restauration dont elle ne se hasarde pas \u00e0 fixer un calendrier final.<\/p>\n<p>\u00ab\u00a0<i>On ne peut pas dire que ce coffret soit un chef-d\u2019\u0153uvre de l\u2019histoire de l\u2019art, mais c\u2019est un rare t\u00e9moignage d\u2019un p\u00e8lerinage en terre sainte d\u2019un apothicaire avignonnais au XVI<\/i><i><sup>e<\/sup><\/i><i>\u00a0<\/i><i>si\u00e8cle, une richesse patrimoniale religieuse qu\u2019il est de notre responsabilit\u00e9 de restaurer et pr\u00e9senter<\/i><i>\u00a0<\/i>\u00bb, d\u00e9veloppe Fran\u00e7ois Fonlupt. Le coffret est, semble-t-il, toujours rest\u00e9 \u00e0 Avignon, conserv\u00e9 pendant plusieurs si\u00e8cles au Carmel jusqu\u2019\u00e0 sa fermeture en 2023, avant que l\u2019archev\u00each\u00e9 ne le r\u00e9cup\u00e8re. Le coffret contient des pierres dispos\u00e9es dans un coffret en noyer compartiment\u00e9. Le reliquaire s\u2019ouvre en deux volets d\u00e9cor\u00e9s d\u2019estampes religieuses, tandis que le centre abrite une croix en bois d\u2019olivier pos\u00e9e sur une cupule d\u2019alb\u00e2tre et prot\u00e9g\u00e9e par une vitre teint\u00e9e.<\/p>\n<\/p><\/div>\n","protected":false},"excerpt":{"rendered":"L&rsquo;objet de toutes les attentions est &agrave; peine visible, ce mardi dans une salle de l&rsquo;archev&ecirc;ch&eacute; d&rsquo;Avignon. &laquo;&nbsp;Il est fragile, on ne peut pas le relever et le mettre debout&nbsp;&raquo;, expose &#8230;","protected":false},"author":1,"featured_media":35122,"comment_status":"open","ping_status":"open","sticky":false,"template":"","format":"standard","meta":{"footnotes":""},"categories":[3926,3925,20],"tags":[495,174,1998,171],"news-destination":[3944],"news-source":[475],"is_homepage":[],"ta_other":[],"class_list":["post-35121","post","type-post","status-publish","format-standard","has-post-thumbnail","hentry","category-accueil-merge","category-accueil-third","category-societe","tag-495","tag-avignon","tag-eglise","tag-vaucluse","news-destination-homepage","news-source-website"],"_links":{"self":[{"href":"https:\/\/euapp01.newsmemory.com\/lamarseillaise\/news\/wp-json\/wp\/v2\/posts\/35121","targetHints":{"allow":["GET"]}}],"collection":[{"href":"https:\/\/euapp01.newsmemory.com\/lamarseillaise\/news\/wp-json\/wp\/v2\/posts"}],"about":[{"href":"https:\/\/euapp01.newsmemory.com\/lamarseillaise\/news\/wp-json\/wp\/v2\/types\/post"}],"author":[{"embeddable":true,"href":"https:\/\/euapp01.newsmemory.com\/lamarseillaise\/news\/wp-json\/wp\/v2\/users\/1"}],"replies":[{"embeddable":true,"href":"https:\/\/euapp01.newsmemory.com\/lamarseillaise\/news\/wp-json\/wp\/v2\/comments?post=35121"}],"version-history":[{"count":1,"href":"https:\/\/euapp01.newsmemory.com\/lamarseillaise\/news\/wp-json\/wp\/v2\/posts\/35121\/revisions"}],"predecessor-version":[{"id":35123,"href":"https:\/\/euapp01.newsmemory.com\/lamarseillaise\/news\/wp-json\/wp\/v2\/posts\/35121\/revisions\/35123"}],"wp:featuredmedia":[{"embeddable":true,"href":"https:\/\/euapp01.newsmemory.com\/lamarseillaise\/news\/wp-json\/wp\/v2\/media\/35122"}],"wp:attachment":[{"href":"https:\/\/euapp01.newsmemory.com\/lamarseillaise\/news\/wp-json\/wp\/v2\/media?parent=35121"}],"wp:term":[{"taxonomy":"category","embeddable":true,"href":"https:\/\/euapp01.newsmemory.com\/lamarseillaise\/news\/wp-json\/wp\/v2\/categories?post=35121"},{"taxonomy":"post_tag","embeddable":true,"href":"https:\/\/euapp01.newsmemory.com\/lamarseillaise\/news\/wp-json\/wp\/v2\/tags?post=35121"},{"taxonomy":"news-destination","embeddable":true,"href":"https:\/\/euapp01.newsmemory.com\/lamarseillaise\/news\/wp-json\/wp\/v2\/news-destination?post=35121"},{"taxonomy":"news-source","embeddable":true,"href":"https:\/\/euapp01.newsmemory.com\/lamarseillaise\/news\/wp-json\/wp\/v2\/news-source?post=35121"},{"taxonomy":"is_homepage","embeddable":true,"href":"https:\/\/euapp01.newsmemory.com\/lamarseillaise\/news\/wp-json\/wp\/v2\/is_homepage?post=35121"},{"taxonomy":"ta_other","embeddable":true,"href":"https:\/\/euapp01.newsmemory.com\/lamarseillaise\/news\/wp-json\/wp\/v2\/ta_other?post=35121"}],"curies":[{"name":"wp","href":"https:\/\/api.w.org\/{rel}","templated":true}]}}