{"id":35118,"date":"2026-07-04T07:46:00","date_gmt":"2026-07-04T05:46:00","guid":{"rendered":"https:\/\/euapp01.newsmemory.com\/lamarseillaise\/news\/?p=35118"},"modified":"2026-07-08T07:40:22","modified_gmt":"2026-07-08T05:40:22","slug":"emma-et-ses-bougies-primees-dans-un-concours-de-createurs","status":"publish","type":"post","link":"https:\/\/euapp01.newsmemory.com\/lamarseillaise\/news\/2026\/07\/04\/emma-et-ses-bougies-primees-dans-un-concours-de-createurs\/","title":{"rendered":"Emma et ses bougies prim\u00e9es dans un concours de cr\u00e9ateurs"},"content":{"rendered":"<div class=\"paragraph\">\n<p>J<i>\u2019\u00e9tais un peu stress\u00e9e au d\u00e9but<\/i><i>\u00a0<\/i><i>! Mais apr\u00e8s \u00e7a s\u2019est super bien pass\u00e9, j\u2019ai pu argumenter, dire ce que j\u2019avais \u00e0 dire, du mieux que je pouvais<\/i><i>\u00a0<\/i>\u00bb, confie Emma Rodriguez, 26 ans. La jeune femme, qui fabrique ses propres bougies parfum\u00e9es, s\u2019est lanc\u00e9e \u00e0 l\u2019automne dans le concours national du Groupements des cr\u00e9ateurs, r\u00e9seau d\u2019aide \u00e0 la cr\u00e9ation de projets entrepreneuriaux. Apr\u00e8s deux premi\u00e8res phases de s\u00e9lection, elle fait partie des laur\u00e9ats qui ont convaincu le jury durant la derni\u00e8re \u00e9preuve fin juin, qui consistait en une pr\u00e9sentation vid\u00e9o et un oral. \u00ab<i>\u00a0<\/i><i>Je ne pensais absolument pas aller jusque-l\u00e0<\/i><i>\u00a0<\/i><i>! J\u2019\u00e9tais tr\u00e8s stress\u00e9e et au final \u00e7a s\u2019est bien d\u00e9roul\u00e9<\/i><i>\u00a0<\/i><i>!<\/i><i>\u00a0<\/i>\u00bb, s\u2019en amuse-t-elle. Au concours, elle a d\u00e9fendu son projet de cr\u00e9ation et vente de bougies parfum\u00e9es artisanales. Une id\u00e9e survenue \u00e0 l\u2019automne\u00a02024, alors qu\u2019elle rentre tout juste de Nouvelle-Cal\u00e9donie, o\u00f9 elle a grandi de huit \u00e0 25\u00a0ans, et travaill\u00e9 comme aide-soignante.<\/p>\n<p>\u00ab<i>\u00a0<\/i><i>Apr\u00e8s notre arriv\u00e9e en France, les f\u00eates de No\u00ebl approchaient,<\/i> retrace-t-elle.<i> J\u2019avais l\u2019id\u00e9e de faire un cadeau \u00e0 ma famille, \u00e7a faisait 17<\/i><i>\u00a0<\/i><i>ans qu\u2019on n\u2019avait pas \u00e9t\u00e9 tous r\u00e9unis. Je voulais offrir quelque chose de personnel mais qui trop cher car les temps \u00e9taient un peu difficiles \u00e0 ce moment-l\u00e0.<\/i><i>\u00a0<\/i>\u00bb C\u2019est alors qu\u2019elle se lance dans la cr\u00e9ation de bougies \u00e0 base de produits naturels, apr\u00e8s avoir vu plusieurs vid\u00e9os de cr\u00e9ations de ce type sur Instagram. \u00ab\u00a0<i>J\u2019ai pris un cahier et j\u2019ai commenc\u00e9 \u00e0 faire des recherches tous les soirs,<\/i> raconte Emma.<i> Quels mat\u00e9riaux naturels acheter, quels produits sont toxiques&#8230; J\u2019ai fait toutes les recherches possibles et imaginables.<\/i><i>\u00a0<\/i>\u00bb<i> <\/i>Puis, la premi\u00e8re bougie est r\u00e9alis\u00e9e<i>\u00a0<\/i>: \u00ab\u00a0<i>J\u2019\u00e9tais super fi\u00e8re de moi, maintenant je la trouverais minable, mais \u00e0 l\u2019\u00e9poque c\u2019\u00e9tait la toute premi\u00e8re, odeur pain d\u2019\u00e9pice, j\u2019\u00e9tais trop contente<\/i><i>\u00a0<\/i><i>!<\/i><i>\u00a0<\/i>\u00bb<i><\/i><\/p>\n<p><i><\/i><\/p>\n<\/p><\/div>\n<div class=\"intext\"> Concilier cr\u00e9ation<br \/>\n               <br \/>et vie familiale\n              <\/div>\n<div class=\"paragraph\">\n<p>Petit \u00e0 petit, encourag\u00e9e par ses proches, Emma se met \u00e0 la vendre et se cr\u00e9e un compte de cr\u00e9atrice sur Instagram<i>\u00a0<\/i>: @lueurs_demma. \u00ab\u00a0<i>Avant de partir de Nouvelle-Cal\u00e9donie, je me souviens que je disais justement \u00e0 ma m\u00e8re que j\u2019avais pas d\u2019activit\u00e9 propre, un truc qui me passionne<\/i>, se rem\u00e9more-t-elle. <i>Au niveau manuel, j\u2019\u00e9tais une quiche. Quand j\u2019ai fait ma premi\u00e8re bougie c\u2019\u00e9tait un truc de fou pour moi, j\u2019avais fait quelque chose de mes mains<\/i><i>\u00a0<\/i><i>!<\/i><i>\u00a0<\/i>\u00bb<i><\/i><\/p>\n<p>Son conjoint militaire \u00e9tant souvent absent, cette activit\u00e9 cr\u00e9ative lui permet de travailler \u00e0 domicile et de la concilier avec le suivi m\u00e9dical de son fils de six ans qui n\u00e9cessite plusieurs rendez-vous par semaine. D\u00e9sormais, elle compte cr\u00e9er officiellement son entreprise \u00e0 la fin de l\u2019\u00e9t\u00e9. Sans oublier, en septembre, la remise des prix du concours des cr\u00e9ateurs, \u00e0 Paris.<i> <\/i>\u00ab<i>\u00a0<\/i><i>C\u2019est une belle r\u00e9compense, je ne pensais pas arriver jusque-l\u00e0, et puis ce sera l\u2019occasion de d\u00e9couvrir<\/i><i>\u00a0<\/i><i>!<\/i><i>\u00a0<\/i>\u00bb, savoure Emma.<i><\/i><\/p>\n<\/p><\/div>\n","protected":false},"excerpt":{"rendered":"J&rsquo;&eacute;tais un peu stress&eacute;e au d&eacute;but&nbsp;! Mais apr&egrave;s &ccedil;a s&rsquo;est super bien pass&eacute;, j&rsquo;ai pu argumenter, dire ce que j&rsquo;avais &agrave; dire, du mieux que je pouvais&nbsp;&raquo;, confie Emma &#8230;","protected":false},"author":1,"featured_media":35119,"comment_status":"open","ping_status":"open","sticky":false,"template":"","format":"standard","meta":{"footnotes":""},"categories":[3926,3925,20],"tags":[4768,1881,1122,838,3762],"news-destination":[3944],"news-source":[475],"is_homepage":[],"ta_other":[],"class_list":["post-35118","post","type-post","status-publish","format-standard","has-post-thumbnail","hentry","category-accueil-merge","category-accueil-third","category-societe","tag-alpes","tag-artisanat","tag-creation","tag-entrepreneurs","tag-missions-locales","news-destination-homepage","news-source-website"],"_links":{"self":[{"href":"https:\/\/euapp01.newsmemory.com\/lamarseillaise\/news\/wp-json\/wp\/v2\/posts\/35118","targetHints":{"allow":["GET"]}}],"collection":[{"href":"https:\/\/euapp01.newsmemory.com\/lamarseillaise\/news\/wp-json\/wp\/v2\/posts"}],"about":[{"href":"https:\/\/euapp01.newsmemory.com\/lamarseillaise\/news\/wp-json\/wp\/v2\/types\/post"}],"author":[{"embeddable":true,"href":"https:\/\/euapp01.newsmemory.com\/lamarseillaise\/news\/wp-json\/wp\/v2\/users\/1"}],"replies":[{"embeddable":true,"href":"https:\/\/euapp01.newsmemory.com\/lamarseillaise\/news\/wp-json\/wp\/v2\/comments?post=35118"}],"version-history":[{"count":1,"href":"https:\/\/euapp01.newsmemory.com\/lamarseillaise\/news\/wp-json\/wp\/v2\/posts\/35118\/revisions"}],"predecessor-version":[{"id":35120,"href":"https:\/\/euapp01.newsmemory.com\/lamarseillaise\/news\/wp-json\/wp\/v2\/posts\/35118\/revisions\/35120"}],"wp:featuredmedia":[{"embeddable":true,"href":"https:\/\/euapp01.newsmemory.com\/lamarseillaise\/news\/wp-json\/wp\/v2\/media\/35119"}],"wp:attachment":[{"href":"https:\/\/euapp01.newsmemory.com\/lamarseillaise\/news\/wp-json\/wp\/v2\/media?parent=35118"}],"wp:term":[{"taxonomy":"category","embeddable":true,"href":"https:\/\/euapp01.newsmemory.com\/lamarseillaise\/news\/wp-json\/wp\/v2\/categories?post=35118"},{"taxonomy":"post_tag","embeddable":true,"href":"https:\/\/euapp01.newsmemory.com\/lamarseillaise\/news\/wp-json\/wp\/v2\/tags?post=35118"},{"taxonomy":"news-destination","embeddable":true,"href":"https:\/\/euapp01.newsmemory.com\/lamarseillaise\/news\/wp-json\/wp\/v2\/news-destination?post=35118"},{"taxonomy":"news-source","embeddable":true,"href":"https:\/\/euapp01.newsmemory.com\/lamarseillaise\/news\/wp-json\/wp\/v2\/news-source?post=35118"},{"taxonomy":"is_homepage","embeddable":true,"href":"https:\/\/euapp01.newsmemory.com\/lamarseillaise\/news\/wp-json\/wp\/v2\/is_homepage?post=35118"},{"taxonomy":"ta_other","embeddable":true,"href":"https:\/\/euapp01.newsmemory.com\/lamarseillaise\/news\/wp-json\/wp\/v2\/ta_other?post=35118"}],"curies":[{"name":"wp","href":"https:\/\/api.w.org\/{rel}","templated":true}]}}