{"id":35115,"date":"2026-07-04T07:47:00","date_gmt":"2026-07-04T05:47:00","guid":{"rendered":"https:\/\/euapp01.newsmemory.com\/lamarseillaise\/news\/?p=35115"},"modified":"2026-07-08T07:40:22","modified_gmt":"2026-07-08T05:40:22","slug":"une-solution-de-compostage-au-plus-pres-des-habitants","status":"publish","type":"post","link":"https:\/\/euapp01.newsmemory.com\/lamarseillaise\/news\/2026\/07\/04\/une-solution-de-compostage-au-plus-pres-des-habitants\/","title":{"rendered":"Une solution de compostage au plus pr\u00e8s des habitants"},"content":{"rendered":"<div class=\"paragraph\">\n<p>C\u2019est \u00e0 la nouvelle aire de compostage du parc du Colombier que la ville a lanc\u00e9 le dispositif ce vendredi 3\u00a0juillet. \u00ab\u00a0<i>70 % des d\u00e9chets pr\u00e9sents dans nos poubelles pourraient \u00eatre tri\u00e9s ou recycl\u00e9s, mais finissent enfouis<\/i>\u00a0\u00bb, souligne Vincent Allevard, vice-pr\u00e9sident de l\u2019agglom\u00e9ration, d\u00e9l\u00e9gu\u00e9 \u00e0 la gestion des d\u00e9chets. Les biod\u00e9chets, compos\u00e9s majoritairement d\u2019\u00e9pluchures et de restes alimentaires, repr\u00e9sentent un quart des ordures m\u00e9nag\u00e8res r\u00e9siduelles. En les traitant sur place, l\u2019objectif est de r\u00e9duire le volume des poubelles et de transformer, chaque ann\u00e9e, plus de 26\u00a0tonnes de mati\u00e8res organiques en engrais naturel. Cette mati\u00e8re gratuite sera principalement destin\u00e9e \u00e0 l\u2019entretien des espaces verts de la ville.<\/p>\n<\/p><\/div>\n<div class=\"intext\"> Une solution collective<br \/>\n               <br \/>\u00e0 l\u2019\u00e9chelle locale\n              <\/div>\n<div class=\"paragraph\">\n<p>\u00ab\u00a0<i>Les habitants sont globalement satisfaits d\u2019avoir une solution de proximit\u00e9, il y a une vraie demande \u00e0 ce sujet<\/i><i>\u00a0<\/i>\u00bb, explique Vincent Allevard apr\u00e8s avoir \u00e9chang\u00e9 avec les futurs b\u00e9n\u00e9ficiaires lors de l\u2019inauguration. L\u2019accessibilit\u00e9 des sites est pens\u00e9e pour faciliter le compostage des habitants qui ne b\u00e9n\u00e9ficient pas toujours de jardins individuels. Les neuf sites, r\u00e9partis du parc du Colombier \u00e0 la place du Docteur Joubert, visent \u00e0 desservir environ 450\u00a0foyers, soit pr\u00e8s de 1\u00a0000\u00a0habitants.<\/p>\n<p>Financ\u00e9 par l\u2019\u00c9tat, l\u2019Ademe et la R\u00e9gion Sud, le projet s\u2019accompagne d\u2019un \u00ab\u00a0<i>kit habitant<\/i><i>\u00a0<\/i>\u00bb gratuit. Chaque foyer inscrit aura ainsi \u00e0 disposition un <br \/>\u00ab\u00a0<i>bio-seau<\/i>\u00a0\u00bb pour le transport des d\u00e9chets, un sac de tri et un guide de compostage. Les inscriptions sont ouvertes d\u00e8s aujourd\u2019hui en mairie ou lors de permanences de l\u2019agglom\u00e9ration qui se tiendront jusqu\u2019au 7\u00a0juillet.<\/p>\n<\/p><\/div>\n","protected":false},"excerpt":{"rendered":"C&rsquo;est &agrave; la nouvelle aire de compostage du parc du Colombier que la ville a lanc&eacute; le dispositif ce vendredi 3&nbsp;juillet. &laquo;&nbsp;70 % des d&eacute;chets pr&eacute;sents dans nos poubelles pourraient &ecirc;tre tri&eacute;s &#8230;","protected":false},"author":1,"featured_media":35116,"comment_status":"open","ping_status":"open","sticky":false,"template":"","format":"standard","meta":{"footnotes":""},"categories":[3926,3925,333],"tags":[4467,3826,816,378],"news-destination":[3944],"news-source":[475],"is_homepage":[],"ta_other":[],"class_list":["post-35115","post","type-post","status-publish","format-standard","has-post-thumbnail","hentry","category-accueil-merge","category-accueil-third","category-environnement","tag-alpes-de-haute-provence","tag-compostage","tag-gestion-des-dechets","tag-local","news-destination-homepage","news-source-website"],"_links":{"self":[{"href":"https:\/\/euapp01.newsmemory.com\/lamarseillaise\/news\/wp-json\/wp\/v2\/posts\/35115","targetHints":{"allow":["GET"]}}],"collection":[{"href":"https:\/\/euapp01.newsmemory.com\/lamarseillaise\/news\/wp-json\/wp\/v2\/posts"}],"about":[{"href":"https:\/\/euapp01.newsmemory.com\/lamarseillaise\/news\/wp-json\/wp\/v2\/types\/post"}],"author":[{"embeddable":true,"href":"https:\/\/euapp01.newsmemory.com\/lamarseillaise\/news\/wp-json\/wp\/v2\/users\/1"}],"replies":[{"embeddable":true,"href":"https:\/\/euapp01.newsmemory.com\/lamarseillaise\/news\/wp-json\/wp\/v2\/comments?post=35115"}],"version-history":[{"count":1,"href":"https:\/\/euapp01.newsmemory.com\/lamarseillaise\/news\/wp-json\/wp\/v2\/posts\/35115\/revisions"}],"predecessor-version":[{"id":35117,"href":"https:\/\/euapp01.newsmemory.com\/lamarseillaise\/news\/wp-json\/wp\/v2\/posts\/35115\/revisions\/35117"}],"wp:featuredmedia":[{"embeddable":true,"href":"https:\/\/euapp01.newsmemory.com\/lamarseillaise\/news\/wp-json\/wp\/v2\/media\/35116"}],"wp:attachment":[{"href":"https:\/\/euapp01.newsmemory.com\/lamarseillaise\/news\/wp-json\/wp\/v2\/media?parent=35115"}],"wp:term":[{"taxonomy":"category","embeddable":true,"href":"https:\/\/euapp01.newsmemory.com\/lamarseillaise\/news\/wp-json\/wp\/v2\/categories?post=35115"},{"taxonomy":"post_tag","embeddable":true,"href":"https:\/\/euapp01.newsmemory.com\/lamarseillaise\/news\/wp-json\/wp\/v2\/tags?post=35115"},{"taxonomy":"news-destination","embeddable":true,"href":"https:\/\/euapp01.newsmemory.com\/lamarseillaise\/news\/wp-json\/wp\/v2\/news-destination?post=35115"},{"taxonomy":"news-source","embeddable":true,"href":"https:\/\/euapp01.newsmemory.com\/lamarseillaise\/news\/wp-json\/wp\/v2\/news-source?post=35115"},{"taxonomy":"is_homepage","embeddable":true,"href":"https:\/\/euapp01.newsmemory.com\/lamarseillaise\/news\/wp-json\/wp\/v2\/is_homepage?post=35115"},{"taxonomy":"ta_other","embeddable":true,"href":"https:\/\/euapp01.newsmemory.com\/lamarseillaise\/news\/wp-json\/wp\/v2\/ta_other?post=35115"}],"curies":[{"name":"wp","href":"https:\/\/api.w.org\/{rel}","templated":true}]}}