{"id":35112,"date":"2026-07-04T07:24:00","date_gmt":"2026-07-04T05:24:00","guid":{"rendered":"https:\/\/euapp01.newsmemory.com\/lamarseillaise\/news\/?p=35112"},"modified":"2026-07-04T10:12:38","modified_gmt":"2026-07-04T08:12:38","slug":"un-langage-universel","status":"publish","type":"post","link":"https:\/\/euapp01.newsmemory.com\/lamarseillaise\/news\/2026\/07\/04\/un-langage-universel\/","title":{"rendered":"Un langage universel"},"content":{"rendered":"<div class=\"paragraph\">\n<p>Marseille retrouve, ce dimanche, le plus beau de ses rendez-vous populaires. Avant m\u00eame le premier lancer de bouchon, la 65<sup>e<\/sup>\u00a0\u00e9dition du Mondial La\u00a0Marseillaise \u00e0 p\u00e9tanque est d\u00e9j\u00e0 entr\u00e9e dans l\u2019histoire. Avec 4\u00a0832\u00a0\u00e9quipes engag\u00e9es pour le concours principal, soit 14\u00a0496\u00a0joueurs au d\u00e9part, l\u2019\u00e9preuve \u00e9tablit un nouveau record absolu. Au total, 16\u00a0500\u00a0participants sont engag\u00e9s sur les quatre comp\u00e9titions officielles.<\/p>\n<p>Une performance exceptionnelle qui confirme la place unique qu\u2019occupe cette \u00e9preuve dans le c\u0153ur des passionn\u00e9s.<\/p>\n<p>Parenth\u00e8se pr\u00e9cieuse<\/p>\n<p>Derri\u00e8re les chiffres, il y a surtout une aventure humaine. Car le Mondial n\u2019est pas seulement une comp\u00e9tition. C\u2019est un rassemblement, une f\u00eate, un moment de vie partag\u00e9. Pendant quelques jours, Marseille devient le point de rencontre de milliers de femmes et d\u2019hommes venus de tous horizons, avec une m\u00eame envie\u00a0: vivre ensemble une exp\u00e9rience incomparable.<\/p>\n<p>Cette r\u00e9ussite est aussi celle des b\u00e9n\u00e9voles qui, chaque ann\u00e9e, donnent de leur temps, de leur \u00e9nergie et de leur passion pour faire vivre cet \u00e9v\u00e9nement hors-norme. Leur engagement permet \u00e0 cette immense m\u00e9canique de fonctionner et contribue \u00e0 pr\u00e9server ce qui fait l\u2019identit\u00e9 profonde du Mondial : convivialit\u00e9, g\u00e9n\u00e9rosit\u00e9 et sens de l\u2019accueil. Dans un monde travers\u00e9 par les tensions et les divisions, cet \u00e9v\u00e9nement appara\u00eet comme une parenth\u00e8se pr\u00e9cieuse. Ici, les g\u00e9n\u00e9rations se croisent, les accents se m\u00e9langent, les cultures se rencontrent. Le Mondial parle un langage universel, celui du partage, du respect et de la passion commune. Sur les terrains comme autour des parties, chacun y trouve son compte. Place au jeu\u00a0!<\/p>\n<\/p><\/div>\n","protected":false},"excerpt":{"rendered":"Marseille retrouve, ce dimanche, le plus beau de ses rendez-vous populaires. Avant m&ecirc;me le premier lancer de bouchon, la 65e&nbsp;&eacute;dition du Mondial La&nbsp;Marseillaise &agrave; p&eacute;tanque est d&eacute;j&agrave; entr&eacute;e dans &#8230;","protected":false},"author":1,"featured_media":35113,"comment_status":"open","ping_status":"open","sticky":false,"template":"","format":"standard","meta":{"footnotes":""},"categories":[332],"tags":[1372],"news-destination":[],"news-source":[475],"is_homepage":[],"ta_other":[],"class_list":["post-35112","post","type-post","status-publish","format-standard","has-post-thumbnail","hentry","category-edito","tag-editoriaux","news-source-website"],"_links":{"self":[{"href":"https:\/\/euapp01.newsmemory.com\/lamarseillaise\/news\/wp-json\/wp\/v2\/posts\/35112","targetHints":{"allow":["GET"]}}],"collection":[{"href":"https:\/\/euapp01.newsmemory.com\/lamarseillaise\/news\/wp-json\/wp\/v2\/posts"}],"about":[{"href":"https:\/\/euapp01.newsmemory.com\/lamarseillaise\/news\/wp-json\/wp\/v2\/types\/post"}],"author":[{"embeddable":true,"href":"https:\/\/euapp01.newsmemory.com\/lamarseillaise\/news\/wp-json\/wp\/v2\/users\/1"}],"replies":[{"embeddable":true,"href":"https:\/\/euapp01.newsmemory.com\/lamarseillaise\/news\/wp-json\/wp\/v2\/comments?post=35112"}],"version-history":[{"count":1,"href":"https:\/\/euapp01.newsmemory.com\/lamarseillaise\/news\/wp-json\/wp\/v2\/posts\/35112\/revisions"}],"predecessor-version":[{"id":35114,"href":"https:\/\/euapp01.newsmemory.com\/lamarseillaise\/news\/wp-json\/wp\/v2\/posts\/35112\/revisions\/35114"}],"wp:featuredmedia":[{"embeddable":true,"href":"https:\/\/euapp01.newsmemory.com\/lamarseillaise\/news\/wp-json\/wp\/v2\/media\/35113"}],"wp:attachment":[{"href":"https:\/\/euapp01.newsmemory.com\/lamarseillaise\/news\/wp-json\/wp\/v2\/media?parent=35112"}],"wp:term":[{"taxonomy":"category","embeddable":true,"href":"https:\/\/euapp01.newsmemory.com\/lamarseillaise\/news\/wp-json\/wp\/v2\/categories?post=35112"},{"taxonomy":"post_tag","embeddable":true,"href":"https:\/\/euapp01.newsmemory.com\/lamarseillaise\/news\/wp-json\/wp\/v2\/tags?post=35112"},{"taxonomy":"news-destination","embeddable":true,"href":"https:\/\/euapp01.newsmemory.com\/lamarseillaise\/news\/wp-json\/wp\/v2\/news-destination?post=35112"},{"taxonomy":"news-source","embeddable":true,"href":"https:\/\/euapp01.newsmemory.com\/lamarseillaise\/news\/wp-json\/wp\/v2\/news-source?post=35112"},{"taxonomy":"is_homepage","embeddable":true,"href":"https:\/\/euapp01.newsmemory.com\/lamarseillaise\/news\/wp-json\/wp\/v2\/is_homepage?post=35112"},{"taxonomy":"ta_other","embeddable":true,"href":"https:\/\/euapp01.newsmemory.com\/lamarseillaise\/news\/wp-json\/wp\/v2\/ta_other?post=35112"}],"curies":[{"name":"wp","href":"https:\/\/api.w.org\/{rel}","templated":true}]}}