{"id":35104,"date":"2026-07-03T17:48:00","date_gmt":"2026-07-03T15:48:00","guid":{"rendered":"https:\/\/euapp01.newsmemory.com\/lamarseillaise\/news\/?p=35104"},"modified":"2026-07-04T08:54:03","modified_gmt":"2026-07-04T06:54:03","slug":"sauramps-liquidee-la-derniere-page-dune-institution","status":"publish","type":"post","link":"https:\/\/euapp01.newsmemory.com\/lamarseillaise\/news\/2026\/07\/03\/sauramps-liquidee-la-derniere-page-dune-institution\/","title":{"rendered":"Sauramps liquid\u00e9e, la derni\u00e8re page d\u2019une institution"},"content":{"rendered":"<div class=\"paragraph\">\n<p>Le silence a remplac\u00e9 le bruissement des pages. Ce vendredi 3 juillet, le tribunal de commerce de Montpellier a prononc\u00e9 la liquidation judiciaire du groupe Sauramps, refermant une histoire commenc\u00e9e en 1946 et transmise de g\u00e9n\u00e9ration en g\u00e9n\u00e9ration de lecteurs. Dans les couloirs du tribunal, comme devant les vitrines d\u00e9sormais fig\u00e9es, la stupeur avait pourtant quelque chose d\u2019attendu : depuis des mois, la grande librairie du Triangle se vidait, ses rayons se clairsemaient, ses salari\u00e9s travaillaient dans l\u2019incertitude et les clients cherchaient en vain les nouveaut\u00e9s qui ne pouvaient plus \u00eatre command\u00e9es.<\/p>\n<p>Plac\u00e9e en redressement judiciaire \u00e0 la mi-juin, l\u2019enseigne n\u2019aura b\u00e9n\u00e9fici\u00e9 que d\u2019un court sursis. Aucun repreneur cr\u00e9dible ne s\u2019est manifest\u00e9. Les pertes, \u00e9valu\u00e9es autour de 4 millions d\u2019euros, ont emport\u00e9 les derniers espoirs d\u2019un plan de continuation. \u00c0 Montpellier, 48 salari\u00e9s sont concern\u00e9s. \u00c0 Al\u00e8s, six autres voient dispara\u00eetre une librairie ouverte depuis vingt-quatre ans. Derri\u00e8re le mot froid de \u00ab liquidation \u00bb, il y a des m\u00e9tiers, des visages, des conseils donn\u00e9s entre deux \u00e9tag\u00e8res, des paquets cadeaux de fin d\u2019ann\u00e9e, des livres gliss\u00e9s entre deux g\u00e9n\u00e9rations.<\/p>\n<p>Dans un message d\u2019adieu publi\u00e9 par les \u00e9quipes, l\u2019\u00e9motion affleure \u00e0 chaque ligne. \u00ab <i>Apr\u00e8s 80 ans d\u2019existence au c\u0153ur de Montpellier et 24 ans au c\u0153ur d\u2019Al\u00e8s, les librairies Sauramps tournent une page avec beaucoup d\u2019\u00e9motions<\/i> \u00bb, \u00e9crivent les salari\u00e9s, remerciant \u00ab<i> lectrices, lecteurs de tous \u00e2ges, de tous horizons<\/i> \u00bb pour leur fid\u00e9lit\u00e9, et saluant \u00ab <i>le travail formidable des libraires <\/i>\u00bb qui ont partag\u00e9 leurs coups de c\u0153ur \u00ab <i>avec passion<\/i> \u00bb.<\/p>\n<\/p><\/div>\n<div class=\"intext\"> Un g\u00e2chis social et culturel\n              <\/div>\n<div class=\"paragraph\">\n<p>Sauramps n\u2019\u00e9tait pas seulement un commerce. C\u2019\u00e9tait une adresse populaire du livre, un lieu o\u00f9 l\u2019on venait fl\u00e2ner, choisir un roman, chercher un manuel, discuter d\u2019un auteur, croiser la ville. Sa disparition dit quelque chose de la fragilit\u00e9 d\u2019une culture de proximit\u00e9 quand les charges explosent, quand les locaux vieillissent, quand les grandes plateformes imposent leur rythme et quand les pouvoirs \u00e9conomiques laissent les salari\u00e9s porter seuls l\u2019angoisse de l\u2019effondrement.<\/p>\n<p>Apr\u00e8s la d\u00e9cision du tribunal, la R\u00e9gion Occitanie et Montpellier M\u00e9diterran\u00e9e M\u00e9tropole ont assur\u00e9 rester \u00ab<i> plus que jamais mobilis\u00e9es pour l\u2019avenir de Sauramps<\/i> \u00bb. Carole Delga, Micha\u00ebl Delafosse et Christian Assaf disent apporter leur \u00ab<i> soutien renouvel\u00e9<\/i> \u00bb \u00e0 la direction comme aux salari\u00e9s \u00ab <i>durement touch\u00e9s<\/i> \u00bb. Surtout, les collectivit\u00e9s veulent maintenir une perspective : \u00ab <i>l\u2019histoire de Sauramps n\u2019est pas termin\u00e9e <\/i>\u00bb, affirment-elles, en indiquant travailler depuis plusieurs semaines \u00e0 un nouveau projet port\u00e9 par David Lafarge, directeur g\u00e9n\u00e9ral du groupe, en lien avec l\u2019actionnaire principal Fran\u00e7ois Font\u00e8s.<\/p>\n<p>L\u2019enjeu est d\u00e9sormais de construire, \u00ab <i>dans les prochaines semaines<\/i> \u00bb, une offre de reprise autour d\u2019un projet \u00ab <i>largement repens\u00e9 et \u00e9conomiquement viable <\/i>\u00bb. Plusieurs sc\u00e9narios seraient en cours. La R\u00e9gion et la M\u00e9tropole promettent d\u2019accompagner cette reprise si elle se concr\u00e9tise, au nom d\u2019une marque jug\u00e9e \u00ab<i> embl\u00e9matique <\/i>\u00bb de la politique du livre \u00e0 Montpellier et du rayonnement culturel r\u00e9gional. Une lueur, donc, mais qui ne doit pas masquer la violence du jour : 54 salari\u00e9s se retrouvent au bord du vide.<\/p>\n<\/p><\/div>\n<div class=\"intext\"> Le commerce fragile des id\u00e9es\n              <\/div>\n<div class=\"paragraph\">\n<p>La chute n\u2019est pas n\u00e9e d\u2019hier. D\u00e9j\u00e0 sauv\u00e9e en 2017 apr\u00e8s un pr\u00e9c\u00e9dent redressement judiciaire, la librairie avait \u00e9t\u00e9 reprise par l\u2019architecte montpelli\u00e9rain Fran\u00e7ois Font\u00e8s, via Am\u00e9tis. Depuis, plusieurs tentatives de relance n\u2019ont pas suffi. Ces derniers mois, l\u2019absence de tr\u00e9sorerie, les difficult\u00e9s d\u2019approvisionnement, le poids du magasin du Triangle et la perte progressive de confiance ont transform\u00e9 l\u2019institution en navire \u00e0 quai. M\u00eame la Com\u00e9die du livre, rendez-vous historique du paysage litt\u00e9raire montpelli\u00e9rain, s\u2019est d\u00e9roul\u00e9e sans elle cette ann\u00e9e : un symbole de trop.<\/p>\n<p>Cette liquidation s\u2019inscrit dans un secteur d\u00e9j\u00e0 secou\u00e9 : Gibert, Furet du Nord, Decitre&#8230; les grandes enseignes du livre physique traversent une zone de temp\u00eate. Mais \u00e0 Montpellier comme \u00e0 Al\u00e8s, la blessure est singuli\u00e8re. Sauramps faisait partie du d\u00e9cor mental des villes, de ces lieux o\u00f9 la culture se feuillette sans rendez-vous. Une librairie n\u2019est jamais seulement une caisse enregistreuse : c\u2019est un service public sans statut, tenu par des salari\u00e9s passionn\u00e9s, souvent peu pay\u00e9s, mais essentiels \u00e0 la circulation des id\u00e9es.<\/p>\n<p>Ce vendredi de juillet, l\u2019ann\u00e9e des 80 ans de Sauramps s\u2019ach\u00e8ve donc sur une liquidation. Peut-\u00eatre pas sur une disparition totale, si le projet de reprise annonc\u00e9 par les collectivit\u00e9s aboutit. Mais la page qui se tourne aujourd\u2019hui, elle, est bien r\u00e9elle : \u00e9crite non par les lecteurs, mais par les comptes, les loyers, les choix de gestion et l\u2019impuissance collective \u00e0 pr\u00e9server, \u00e0 temps, un bien commun. \u00c0 Sauramps, les livres n\u2019ont jamais manqu\u00e9 d\u2019histoires. En esp\u00e9rant que la sienne puisse encore trouver une fin heureuse.<\/p>\n<\/p><\/div>\n","protected":false},"excerpt":{"rendered":"Le silence a remplac&eacute; le bruissement des pages. Ce vendredi 3 juillet, le tribunal de commerce de Montpellier a prononc&eacute; la liquidation judiciaire du groupe Sauramps, refermant une histoire commenc&eacute;e en 1946 et transmise de &#8230;","protected":false},"author":1,"featured_media":35105,"comment_status":"open","ping_status":"open","sticky":false,"template":"","format":"standard","meta":{"footnotes":""},"categories":[918,3926,3925,338],"tags":[663,879,635,35,238,1645,5333,1574,1244,742,240,156,5422,962,244],"news-destination":[3944],"news-source":[475],"is_homepage":[],"ta_other":[],"class_list":["post-35104","post","type-post","status-publish","format-standard","has-post-thumbnail","hentry","category-accueil","category-accueil-merge","category-accueil-third","category-economie","tag-ales","tag-carole-delga","tag-christophe-rivenq","tag-culture","tag-gard","tag-librairie","tag-librairie-independante","tag-liquidation-judiciaire","tag-livres","tag-michael-delafosse","tag-montpellier","tag-patrimoine-culturel","tag-redressement-judiciaire","tag-salaries","tag-tribunal-de-commerce","news-destination-homepage","news-source-website"],"_links":{"self":[{"href":"https:\/\/euapp01.newsmemory.com\/lamarseillaise\/news\/wp-json\/wp\/v2\/posts\/35104","targetHints":{"allow":["GET"]}}],"collection":[{"href":"https:\/\/euapp01.newsmemory.com\/lamarseillaise\/news\/wp-json\/wp\/v2\/posts"}],"about":[{"href":"https:\/\/euapp01.newsmemory.com\/lamarseillaise\/news\/wp-json\/wp\/v2\/types\/post"}],"author":[{"embeddable":true,"href":"https:\/\/euapp01.newsmemory.com\/lamarseillaise\/news\/wp-json\/wp\/v2\/users\/1"}],"replies":[{"embeddable":true,"href":"https:\/\/euapp01.newsmemory.com\/lamarseillaise\/news\/wp-json\/wp\/v2\/comments?post=35104"}],"version-history":[{"count":1,"href":"https:\/\/euapp01.newsmemory.com\/lamarseillaise\/news\/wp-json\/wp\/v2\/posts\/35104\/revisions"}],"predecessor-version":[{"id":35106,"href":"https:\/\/euapp01.newsmemory.com\/lamarseillaise\/news\/wp-json\/wp\/v2\/posts\/35104\/revisions\/35106"}],"wp:featuredmedia":[{"embeddable":true,"href":"https:\/\/euapp01.newsmemory.com\/lamarseillaise\/news\/wp-json\/wp\/v2\/media\/35105"}],"wp:attachment":[{"href":"https:\/\/euapp01.newsmemory.com\/lamarseillaise\/news\/wp-json\/wp\/v2\/media?parent=35104"}],"wp:term":[{"taxonomy":"category","embeddable":true,"href":"https:\/\/euapp01.newsmemory.com\/lamarseillaise\/news\/wp-json\/wp\/v2\/categories?post=35104"},{"taxonomy":"post_tag","embeddable":true,"href":"https:\/\/euapp01.newsmemory.com\/lamarseillaise\/news\/wp-json\/wp\/v2\/tags?post=35104"},{"taxonomy":"news-destination","embeddable":true,"href":"https:\/\/euapp01.newsmemory.com\/lamarseillaise\/news\/wp-json\/wp\/v2\/news-destination?post=35104"},{"taxonomy":"news-source","embeddable":true,"href":"https:\/\/euapp01.newsmemory.com\/lamarseillaise\/news\/wp-json\/wp\/v2\/news-source?post=35104"},{"taxonomy":"is_homepage","embeddable":true,"href":"https:\/\/euapp01.newsmemory.com\/lamarseillaise\/news\/wp-json\/wp\/v2\/is_homepage?post=35104"},{"taxonomy":"ta_other","embeddable":true,"href":"https:\/\/euapp01.newsmemory.com\/lamarseillaise\/news\/wp-json\/wp\/v2\/ta_other?post=35104"}],"curies":[{"name":"wp","href":"https:\/\/api.w.org\/{rel}","templated":true}]}}