{"id":35092,"date":"2026-07-03T10:47:00","date_gmt":"2026-07-03T08:47:00","guid":{"rendered":"https:\/\/euapp01.newsmemory.com\/lamarseillaise\/news\/?p=35092"},"modified":"2026-07-03T11:10:18","modified_gmt":"2026-07-03T09:10:18","slug":"le-feu-des-projecteurs","status":"publish","type":"post","link":"https:\/\/euapp01.newsmemory.com\/lamarseillaise\/news\/2026\/07\/03\/le-feu-des-projecteurs\/","title":{"rendered":"La Mauritanie sous le feu des projecteurs"},"content":{"rendered":"<div class=\"paragraph\">\n<p>\u00c0 chaque \u00e9dition, le Mondial La\u00a0Marseillaise \u00e0 p\u00e9tanque met \u00e0 l\u2019honneur, lors de sa c\u00e9r\u00e9monie d\u2019ouverture, un comit\u00e9 d\u00e9partemental et une f\u00e9d\u00e9ration nationale r\u00e9compens\u00e9s pour leur engagement en faveur du d\u00e9veloppement de la discipline. Pour cette 65<sup>e<\/sup>\u00a0\u00e9dition, les Hautes-Alpes et la Mauritanie seront distingu\u00e9es.<\/p>\n<\/p><\/div>\n<div class=\"intext\"> Engouement populaire\n              <\/div>\n<div class=\"paragraph\">\n<p>Si le d\u00e9partement haut-alpin compte parmi les fid\u00e8les du Mondial, la f\u00e9d\u00e9ration mauritanienne reste encore peu connue des passionn\u00e9s. Le pays, situ\u00e9 entre le Sahara occidental et le Mali, s\u2019investit de plus en plus dans le d\u00e9veloppement de la p\u00e9tanque sur le continent africain.<\/p>\n<p>Il a notamment v\u00e9cu un moment historique en proposant le 10<sup>e<\/sup>\u00a0championnat d\u2019Afrique, organis\u00e9 par la Conf\u00e9d\u00e9ration africaine de sport p\u00e9tanque (CASP), sous l\u2019\u00e9gide de la F\u00e9d\u00e9ration internationale de p\u00e9tanque et jeu proven\u00e7al (FIPJP), \u00e0 Nouakchott, en novembre 2025. Devant son public, la Mauritanie a remport\u00e9 le championnat d\u2019Afrique de tir de pr\u00e9cision, par l\u2019interm\u00e9diaire d\u2019Amadou Traor\u00e9, auteur de 46\u00a0points en finale face \u00e0 la Tunisie. Un sacre continental qui r\u00e9compense les efforts fournis par le pays des Maures depuis 2018, ann\u00e9e de sa victoire \u00e0 la Coupe des Nations.<\/p>\n<p>En Mauritanie, la p\u00e9tanque est l\u2019un des sports les plus pratiqu\u00e9s. Cet engouement lui a permis d\u2019avoir r\u00e9guli\u00e8rement des repr\u00e9sentants sur les diff\u00e9rentes comp\u00e9titions, jusqu\u2019\u00e0 des participations aux championnats du monde. <i>\u00ab<\/i><i>\u00a0<\/i><i>C\u2019est un sport pratiqu\u00e9 par des individus de tous les \u00e2ges, de 18 \u00e0 60<\/i><i>\u00a0<\/i><i>ans, et structur\u00e9 avec de nombreux clubs et l\u2019organisation r\u00e9guli\u00e8re de comp\u00e9titions<\/i><i>\u00a0<\/i><i>\u00bb<\/i>, souligne Moussa Sow, pr\u00e9sident du club de p\u00e9tanque de Sebkha, une commune populaire de la banlieue sud-ouest de Nouakchott. De quoi envisager un avenir des plus sereins.<\/p>\n<\/p><\/div>\n","protected":false},"excerpt":{"rendered":"&Agrave; chaque &eacute;dition, le Mondial La&nbsp;Marseillaise &agrave; p&eacute;tanque met &agrave; l&rsquo;honneur, lors de sa c&eacute;r&eacute;monie d&rsquo;ouverture, un comit&eacute; d&eacute;partemental et une f&eacute;d&eacute;ration &#8230;","protected":false},"author":1,"featured_media":35093,"comment_status":"open","ping_status":"open","sticky":false,"template":"","format":"standard","meta":{"footnotes":""},"categories":[7],"tags":[1161,1162,1003,2371,16,6011,896],"news-destination":[],"news-source":[475],"is_homepage":[],"ta_other":[],"class_list":["post-35092","post","type-post","status-publish","format-standard","has-post-thumbnail","hentry","category-sports","tag-boules","tag-championnats","tag-concours","tag-jeux","tag-marseille","tag-mauritanie","tag-mondial-la-marseillaise-a-petanque","news-source-website"],"_links":{"self":[{"href":"https:\/\/euapp01.newsmemory.com\/lamarseillaise\/news\/wp-json\/wp\/v2\/posts\/35092","targetHints":{"allow":["GET"]}}],"collection":[{"href":"https:\/\/euapp01.newsmemory.com\/lamarseillaise\/news\/wp-json\/wp\/v2\/posts"}],"about":[{"href":"https:\/\/euapp01.newsmemory.com\/lamarseillaise\/news\/wp-json\/wp\/v2\/types\/post"}],"author":[{"embeddable":true,"href":"https:\/\/euapp01.newsmemory.com\/lamarseillaise\/news\/wp-json\/wp\/v2\/users\/1"}],"replies":[{"embeddable":true,"href":"https:\/\/euapp01.newsmemory.com\/lamarseillaise\/news\/wp-json\/wp\/v2\/comments?post=35092"}],"version-history":[{"count":2,"href":"https:\/\/euapp01.newsmemory.com\/lamarseillaise\/news\/wp-json\/wp\/v2\/posts\/35092\/revisions"}],"predecessor-version":[{"id":35096,"href":"https:\/\/euapp01.newsmemory.com\/lamarseillaise\/news\/wp-json\/wp\/v2\/posts\/35092\/revisions\/35096"}],"wp:featuredmedia":[{"embeddable":true,"href":"https:\/\/euapp01.newsmemory.com\/lamarseillaise\/news\/wp-json\/wp\/v2\/media\/35093"}],"wp:attachment":[{"href":"https:\/\/euapp01.newsmemory.com\/lamarseillaise\/news\/wp-json\/wp\/v2\/media?parent=35092"}],"wp:term":[{"taxonomy":"category","embeddable":true,"href":"https:\/\/euapp01.newsmemory.com\/lamarseillaise\/news\/wp-json\/wp\/v2\/categories?post=35092"},{"taxonomy":"post_tag","embeddable":true,"href":"https:\/\/euapp01.newsmemory.com\/lamarseillaise\/news\/wp-json\/wp\/v2\/tags?post=35092"},{"taxonomy":"news-destination","embeddable":true,"href":"https:\/\/euapp01.newsmemory.com\/lamarseillaise\/news\/wp-json\/wp\/v2\/news-destination?post=35092"},{"taxonomy":"news-source","embeddable":true,"href":"https:\/\/euapp01.newsmemory.com\/lamarseillaise\/news\/wp-json\/wp\/v2\/news-source?post=35092"},{"taxonomy":"is_homepage","embeddable":true,"href":"https:\/\/euapp01.newsmemory.com\/lamarseillaise\/news\/wp-json\/wp\/v2\/is_homepage?post=35092"},{"taxonomy":"ta_other","embeddable":true,"href":"https:\/\/euapp01.newsmemory.com\/lamarseillaise\/news\/wp-json\/wp\/v2\/ta_other?post=35092"}],"curies":[{"name":"wp","href":"https:\/\/api.w.org\/{rel}","templated":true}]}}