{"id":35079,"date":"2026-07-03T10:52:00","date_gmt":"2026-07-03T08:52:00","guid":{"rendered":"https:\/\/euapp01.newsmemory.com\/lamarseillaise\/news\/?p=35079"},"modified":"2026-07-04T13:57:26","modified_gmt":"2026-07-04T11:57:26","slug":"belle-percee-pour-le-trophee-credit-mutuel","status":"publish","type":"post","link":"https:\/\/euapp01.newsmemory.com\/lamarseillaise\/news\/2026\/07\/03\/belle-percee-pour-le-trophee-credit-mutuel\/","title":{"rendered":"Belle perc\u00e9e pour le Troph\u00e9e Cr\u00e9dit Mutuel"},"content":{"rendered":"<div class=\"paragraph\">\n<p>Si l\u2019on ne veut pas que la p\u00e9tanque devienne un sport de pensionn\u00e9s, il est important de se tourner vers les enfants. Force est de constater qu\u2019en dehors de ces grands \u00e9v\u00e9nements, il y a peu d\u2019engouement chez les jeunes boulistes. En fait, c\u2019est le manque de d\u00e9vouement dans les structures qui fait que cette jeunesse est un peu d\u00e9laiss\u00e9e, voire laiss\u00e9e dans l\u2019armoire aux oubliettes.<\/p>\n<\/p><\/div>\n<div class=\"intext\"> 195 triplettes au d\u00e9part\n              <\/div>\n<div class=\"paragraph\">\n<p>Derni\u00e8rement, dans le secteur marseillais, une belle \u00e9preuve programm\u00e9e a connu un dur revers et le projet est tomb\u00e9 \u00e0 l\u2019eau. Pourtant, ces dirigeants se d\u00e9m\u00e8nent, sollicitent des partenaires, mettent tout en \u0153uvre pour le plaisir et le bonheur des gamins. H\u00e9las, ils n\u2019ont pas eu le retour escompt\u00e9. Ce 38<sup>e<\/sup>\u00a0Troph\u00e9e Cr\u00e9dit Mutuel Mondial des jeunes semble, lui, voguer \u00e0 contre-courant. Ce qui est tout \u00e0 l\u2019honneur, une nouvelle fois, des organisateurs et du partenaire principal.<\/p>\n<p>On y retrouve au d\u00e9part pas loin 195 triplettes de jeunes p\u00e9tanqueurs, venues, il est vrai, de tous les horizons. Il y aura notamment la s\u00e9lection nationale allemande juniors, championne du monde 2025, mais aussi des \u00e9quipes suisses et belges. Un record battu qui fait la fiert\u00e9 des organisateurs. On rencontrera aussi sur les bords de la Roseraie de nombreux licenci\u00e9s des quatre coins de l\u2019Hexagone, \u00e0 l\u2019image de ce contingent de joueurs originaires de la cit\u00e9 imp\u00e9riale. L\u2019occasion pour nos locaux de se mesurer \u00e0 des adversaires qu\u2019ils d\u00e9couvrent sans doute pour la premi\u00e8re fois. Les vainqueurs des pr\u00e9c\u00e9dentes \u00e9ditions seront l\u00e0 pour les accueillir et pr\u00eats \u00e0 ne pas s\u2019en laisser conter&#8230;<\/p>\n<p>Voil\u00e0 qui promet pour le spectacle&#8230; Il faut savoir que pour ces jeunes passionn\u00e9s, cette \u00e9preuve peut \u00eatre un tremplin pour leur future carri\u00e8re dans la sp\u00e9cialit\u00e9. En effet, on se souvient par exemple de Dolores Vercelotti (laur\u00e9ate en 2007), K\u00e9vin Faralli (2012) ou encore Joseph \u00ab\u00a0Tyson\u00a0\u00bb Molinas, deux fois vainqueur du Mondial des Jeunes (2010 et 2014) au Mucem.<\/p>\n<p>Une liste loin d\u2019\u00eatre exhaustive, mais des exemples \u00e0 suivre. C\u2019est tout le bien que l\u2019on souhaite \u00e0 cette jeunesse aguerrie au plus haut niveau.<\/p>\n<\/p><\/div>\n","protected":false},"excerpt":{"rendered":"Si l&rsquo;on ne veut pas que la p&eacute;tanque devienne un sport de pensionn&eacute;s, il est important de se tourner vers les enfants. Force est de constater qu&rsquo;en dehors de ces grands &eacute;v&eacute;nements, il y a peu d&rsquo;engouement &#8230;","protected":false},"author":1,"featured_media":35080,"comment_status":"open","ping_status":"open","sticky":false,"template":"","format":"standard","meta":{"footnotes":""},"categories":[3926,3925,7],"tags":[1196,16,5960,1013,6010,1171],"news-destination":[3944],"news-source":[475],"is_homepage":[],"ta_other":[],"class_list":["post-35079","post","type-post","status-publish","format-standard","has-post-thumbnail","hentry","category-accueil-merge","category-accueil-third","category-sports","tag-joueurs","tag-marseille","tag-mondial-des-jeunes","tag-petanque","tag-trophee-credit-mutuel","tag-vainqueurs","news-destination-homepage","news-source-website"],"_links":{"self":[{"href":"https:\/\/euapp01.newsmemory.com\/lamarseillaise\/news\/wp-json\/wp\/v2\/posts\/35079","targetHints":{"allow":["GET"]}}],"collection":[{"href":"https:\/\/euapp01.newsmemory.com\/lamarseillaise\/news\/wp-json\/wp\/v2\/posts"}],"about":[{"href":"https:\/\/euapp01.newsmemory.com\/lamarseillaise\/news\/wp-json\/wp\/v2\/types\/post"}],"author":[{"embeddable":true,"href":"https:\/\/euapp01.newsmemory.com\/lamarseillaise\/news\/wp-json\/wp\/v2\/users\/1"}],"replies":[{"embeddable":true,"href":"https:\/\/euapp01.newsmemory.com\/lamarseillaise\/news\/wp-json\/wp\/v2\/comments?post=35079"}],"version-history":[{"count":1,"href":"https:\/\/euapp01.newsmemory.com\/lamarseillaise\/news\/wp-json\/wp\/v2\/posts\/35079\/revisions"}],"predecessor-version":[{"id":35081,"href":"https:\/\/euapp01.newsmemory.com\/lamarseillaise\/news\/wp-json\/wp\/v2\/posts\/35079\/revisions\/35081"}],"wp:featuredmedia":[{"embeddable":true,"href":"https:\/\/euapp01.newsmemory.com\/lamarseillaise\/news\/wp-json\/wp\/v2\/media\/35080"}],"wp:attachment":[{"href":"https:\/\/euapp01.newsmemory.com\/lamarseillaise\/news\/wp-json\/wp\/v2\/media?parent=35079"}],"wp:term":[{"taxonomy":"category","embeddable":true,"href":"https:\/\/euapp01.newsmemory.com\/lamarseillaise\/news\/wp-json\/wp\/v2\/categories?post=35079"},{"taxonomy":"post_tag","embeddable":true,"href":"https:\/\/euapp01.newsmemory.com\/lamarseillaise\/news\/wp-json\/wp\/v2\/tags?post=35079"},{"taxonomy":"news-destination","embeddable":true,"href":"https:\/\/euapp01.newsmemory.com\/lamarseillaise\/news\/wp-json\/wp\/v2\/news-destination?post=35079"},{"taxonomy":"news-source","embeddable":true,"href":"https:\/\/euapp01.newsmemory.com\/lamarseillaise\/news\/wp-json\/wp\/v2\/news-source?post=35079"},{"taxonomy":"is_homepage","embeddable":true,"href":"https:\/\/euapp01.newsmemory.com\/lamarseillaise\/news\/wp-json\/wp\/v2\/is_homepage?post=35079"},{"taxonomy":"ta_other","embeddable":true,"href":"https:\/\/euapp01.newsmemory.com\/lamarseillaise\/news\/wp-json\/wp\/v2\/ta_other?post=35079"}],"curies":[{"name":"wp","href":"https:\/\/api.w.org\/{rel}","templated":true}]}}