{"id":35068,"date":"2026-07-03T09:44:00","date_gmt":"2026-07-03T07:44:00","guid":{"rendered":"https:\/\/euapp01.newsmemory.com\/lamarseillaise\/news\/?p=35068"},"modified":"2026-07-04T08:40:57","modified_gmt":"2026-07-04T06:40:57","slug":"mondial-la-marseillaise-le-tirage-au-sort-de-la-premiere-partie-est-a-14h-a-borely","status":"publish","type":"post","link":"https:\/\/euapp01.newsmemory.com\/lamarseillaise\/news\/2026\/07\/03\/mondial-la-marseillaise-le-tirage-au-sort-de-la-premiere-partie-est-a-14h-a-borely\/","title":{"rendered":"[Mondial La Marseillaise] Le tirage au sort de la premi\u00e8re partie est \u00e0 14h \u00e0 Borely"},"content":{"rendered":"<div class=\"paragraph\">\n<p>Un probl\u00e8me \u00e9lectrique ind\u00e9pendant de notre volont\u00e9, au si\u00e8ge du journal La Marseillaise, ne nous a pas permis d\u2019effectuer le tirage au sort de la premi\u00e8re partie dans un laps de temps nous accordant de d\u00e9livrer les 4 832 cartons de jeu.<\/p>\n<p>Les joueurs pourront donc se pr\u00e9senter au bureau des jeux, \u00e0 l\u2019entr\u00e9e du parc Bor\u00e9ly, suivant les horaires suivants :<\/p>\n<p><b>vendredi 3 juillet<\/b> (14h-18h) &#8211; <b>samedi 4 juillet <\/b>(10h-12h et 14h-18h) et <b>dimanche 5 juillet<\/b> (7h-8h30).<\/p>\n<p>Plus aucun carton ne sera distribu\u00e9 ensuite.<\/p>\n<\/p><\/div>\n<div class=\"intext\"> Le programme 2026\n              <\/div>\n<div class=\"paragraph\">\n<p><b>Vendredi 3 juillet<\/b><\/p>\n<p>(Parc Bor\u00e9ly)<\/p>\n<p><b>9h :<\/b> Grand Prix F\u00e9minin Paprec<\/p>\n<p><b>14h :<\/b> Troph\u00e9e Cr\u00e9dit Mutuel des Jeunes<\/p>\n<p><b>Samedi 4 juillet<\/b><\/p>\n<p>(Parc Bor\u00e9ly)<\/p>\n<p><b>8h30 :<\/b> Grand Prix F\u00e9minin Paprec<\/p>\n<p><b>9h :<\/b> Troph\u00e9e Cr\u00e9dit Mutuel des Jeunes<\/p>\n<p><b>9h :<\/b> Mondial IDELIA des CSE<\/p>\n<p><b>9h30 :<\/b> Mondial des Centres sociaux<\/p>\n<p><b>19h :<\/b> Finale du Mondial IDELIA des CSE<\/p>\n<p><b>20h30 :<\/b> Mondial des c\u00e9l\u00e9brit\u00e9s<\/p>\n<p><b>Dimanche 5 juillet<\/b><\/p>\n<p>(Parc Bor\u00e9ly et 15 sites \u00e0 Marseille)<\/p>\n<p><b>9h :<\/b> 1\u00e8res parties du Mondial La Marseillaise<\/p>\n<p><b>10h30 :<\/b> Finale du GP F\u00e9minin Paprec<\/p>\n<p><b>10h30 :<\/b> Finale du Troph\u00e9e Cr\u00e9dit Mutuel Minimes et Benjamins<\/p>\n<p><b>15h30 :<\/b> Finale du Troph\u00e9e Cr\u00e9dit Mutuel Junior et Cadet<\/p>\n<p><b>18h :<\/b> Finale des concours de p\u00e9tanque nationaux des CCAS et IEG<\/p>\n<p><b>Lundi 6 juillet<\/b><\/p>\n<p>(Parc Bor\u00e9ly)<\/p>\n<p><b>8h30 :<\/b> 4e parties puis cadrage du Mondial<\/p>\n<p><b>10h-18h :<\/b> Initiation \u00e0 la p\u00e9tanque<\/p>\n<p><b>14h :<\/b> 5e et 6e parties du Mondial<\/p>\n<p><b>18h30-19h30 :<\/b> D\u00e9monstration de tirde pr\u00e9cision<\/p>\n<p><b>Mardi 7 juillet<\/b><\/p>\n<p>(Parc Bor\u00e9ly)<\/p>\n<p><b>8h30 :<\/b> 32e puis 16e de finale du Mondial<\/p>\n<p><b>9h :<\/b> Challenge des entreprises PROMAN<\/p>\n<p><b>9h :<\/b> Challenge COLAS<\/p>\n<p><b>10h-18h :<\/b> Initiation \u00e0 la p\u00e9tanque<\/p>\n<p><b>14h :<\/b> 8e puis quarts de finale du Mondial<\/p>\n<p><b>Mercredi 8 juillet<\/b><\/p>\n<p>(Parc Bor\u00e9ly)<\/p>\n<p><b>8h30 :<\/b> Handi Mondial<\/p>\n<p><b>9h :<\/b> 1\u00e8re puis 2e demi-finale du Mondial<\/p>\n<p><b>9h :<\/b> Troph\u00e9e des M\u00e9dias<\/p>\n<p><b>13h45 :<\/b> Demi-finales du Handi Mondial<\/p>\n<p><b>14h :<\/b> Finale Maisons du Bel Age<\/p>\n<p><b>15h :<\/b> Finale Handi Mondial<\/p>\n<p><b>17h :<\/b> Finale du 65e Mondial<\/p>\n<\/p><\/div>\n","protected":false},"excerpt":{"rendered":"Un probl&egrave;me &eacute;lectrique ind&eacute;pendant de notre volont&eacute;, au si&egrave;ge du journal La Marseillaise, ne nous a pas permis d&rsquo;effectuer le tirage au sort de la premi&egrave;re partie dans un laps de temps nous accordant &#8230;","protected":false},"author":1,"featured_media":35069,"comment_status":"open","ping_status":"open","sticky":false,"template":"","format":"standard","meta":{"footnotes":""},"categories":[918,3926,3925,7],"tags":[5503,10,1161,1003,126,16,896],"news-destination":[3944],"news-source":[475],"is_homepage":[],"ta_other":[],"class_list":["post-35068","post","type-post","status-publish","format-standard","has-post-thumbnail","hentry","category-accueil","category-accueil-merge","category-accueil-third","category-sports","tag-borely","tag-bouches-du-rhone","tag-boules","tag-concours","tag-la-marseillaise","tag-marseille","tag-mondial-la-marseillaise-a-petanque","news-destination-homepage","news-source-website"],"_links":{"self":[{"href":"https:\/\/euapp01.newsmemory.com\/lamarseillaise\/news\/wp-json\/wp\/v2\/posts\/35068","targetHints":{"allow":["GET"]}}],"collection":[{"href":"https:\/\/euapp01.newsmemory.com\/lamarseillaise\/news\/wp-json\/wp\/v2\/posts"}],"about":[{"href":"https:\/\/euapp01.newsmemory.com\/lamarseillaise\/news\/wp-json\/wp\/v2\/types\/post"}],"author":[{"embeddable":true,"href":"https:\/\/euapp01.newsmemory.com\/lamarseillaise\/news\/wp-json\/wp\/v2\/users\/1"}],"replies":[{"embeddable":true,"href":"https:\/\/euapp01.newsmemory.com\/lamarseillaise\/news\/wp-json\/wp\/v2\/comments?post=35068"}],"version-history":[{"count":2,"href":"https:\/\/euapp01.newsmemory.com\/lamarseillaise\/news\/wp-json\/wp\/v2\/posts\/35068\/revisions"}],"predecessor-version":[{"id":35087,"href":"https:\/\/euapp01.newsmemory.com\/lamarseillaise\/news\/wp-json\/wp\/v2\/posts\/35068\/revisions\/35087"}],"wp:featuredmedia":[{"embeddable":true,"href":"https:\/\/euapp01.newsmemory.com\/lamarseillaise\/news\/wp-json\/wp\/v2\/media\/35069"}],"wp:attachment":[{"href":"https:\/\/euapp01.newsmemory.com\/lamarseillaise\/news\/wp-json\/wp\/v2\/media?parent=35068"}],"wp:term":[{"taxonomy":"category","embeddable":true,"href":"https:\/\/euapp01.newsmemory.com\/lamarseillaise\/news\/wp-json\/wp\/v2\/categories?post=35068"},{"taxonomy":"post_tag","embeddable":true,"href":"https:\/\/euapp01.newsmemory.com\/lamarseillaise\/news\/wp-json\/wp\/v2\/tags?post=35068"},{"taxonomy":"news-destination","embeddable":true,"href":"https:\/\/euapp01.newsmemory.com\/lamarseillaise\/news\/wp-json\/wp\/v2\/news-destination?post=35068"},{"taxonomy":"news-source","embeddable":true,"href":"https:\/\/euapp01.newsmemory.com\/lamarseillaise\/news\/wp-json\/wp\/v2\/news-source?post=35068"},{"taxonomy":"is_homepage","embeddable":true,"href":"https:\/\/euapp01.newsmemory.com\/lamarseillaise\/news\/wp-json\/wp\/v2\/is_homepage?post=35068"},{"taxonomy":"ta_other","embeddable":true,"href":"https:\/\/euapp01.newsmemory.com\/lamarseillaise\/news\/wp-json\/wp\/v2\/ta_other?post=35068"}],"curies":[{"name":"wp","href":"https:\/\/api.w.org\/{rel}","templated":true}]}}