{"id":35065,"date":"2026-07-03T08:48:00","date_gmt":"2026-07-03T06:48:00","guid":{"rendered":"https:\/\/euapp01.newsmemory.com\/lamarseillaise\/news\/?p=35065"},"modified":"2026-07-03T10:05:20","modified_gmt":"2026-07-03T08:05:20","slug":"le-week-end-du-cinema-belge-demenage","status":"publish","type":"post","link":"https:\/\/euapp01.newsmemory.com\/lamarseillaise\/news\/2026\/07\/03\/le-week-end-du-cinema-belge-demenage\/","title":{"rendered":"Le Week-end du cin\u00e9ma belge d\u00e9m\u00e9nage"},"content":{"rendered":"<div class=\"paragraph\">\n<p>Les b\u00e9n\u00e9voles de l\u2019association la Brigade d\u2019Intervention Cin\u00e9phile (la BIC) se surnomment entre eux \u00ab\u00a0<i>les biquets<\/i>\u00a0\u00bb et \u00ab\u00a0<i>les biquettes<\/i>\u00a0\u00bb. Depuis bient\u00f4t vingt ans, ils organisent ensemble chaque \u00e9t\u00e9 \u00e0 Frontignan un week-end pour d\u00e9couvrir le meilleur du cin\u00e9ma belge. Pour la premi\u00e8re fois cette ann\u00e9e, c\u2019est le cin\u00e9ma Quai des Lumi\u00e8res, et non pas le Mistral, qui accueillera la manifestation et toutes les activit\u00e9s qui l\u2019entourent, avec le soutien de la Ville de Frontignan.<\/p>\n<p><b>\u00ab<\/b><b>\u00a0<\/b><b>Venez avec votre \u00e9conome<\/b><b>\u00a0<\/b><b>\u00bb<\/b><\/p>\n<p>Le premier rendez-vous de cette \u00e9dition, le samedi 3\u00a0juillet \u00e0 14h, est destin\u00e9 aux plus jeunes, avec l\u2019avant-premi\u00e8re du film d\u2019animation <i>Le Monde \u00e0 l\u2019envers<\/i>, d\u2019Arnaud Demuynck, No\u00e9 Garcia et Erwann Hette. \u00c0 15h10, le film <i>On vous croit<\/i>, de Charlotte Devillers et Arnaud Dufeys, sera projet\u00e9. \u00ab\u00a0<i>C\u2019est un long-m\u00e9trage assez difficile mais n\u00e9cessaire, qui met en sc\u00e8ne une audience en temps r\u00e9el au sein du tribunal de la jeunesse de Belgique<\/i><i>\u00a0<\/i>\u00bb, pr\u00e9cise Monique Toutlemonde, membre de la BIC. Deux projections seront \u00e9galement organis\u00e9es en pr\u00e9sence des r\u00e9alisateurs\u00a0: <i>Au bord du Monde,<\/i> de Sophie Muselle (le samedi \u00e0 17h45) et <i>Les baronnes, <\/i>de Nabil Ben Yadir (le samedi \u00e0 21h15). Ce dernier sera de nouveau projet\u00e9 le dimanche \u00e0 16h, juste avant la cl\u00f4ture du festival \u00e0 18h20 avec la rediffusion d\u2019un film culte\u00a0: <i>La merditude des choses, <\/i>de F\u00e9lix Van Groeningen.<\/p>\n<p>Le but de l\u2019op\u00e9ration \u00e9tant avant tout de partager un moment convivial, une guinguette proposant des frites maisons, des moules et des bi\u00e8res sera ouverte d\u00e8s 19h30. \u00ab<i>\u00a0<\/i><i>Nous appelons \u00e0 la pluche des patates le samedi \u00e0 9h. L\u2019ann\u00e9e derni\u00e8re, nous avons r\u00e9ussi \u00e0 peler 200<\/i><i>\u00a0<\/i><i>kg de patates en moins d\u2019une heure<\/i><i>\u00a0<\/i>\u00bb, se r\u00e9jouit Monique Toutlemonde. Les biquets et les biquettes recommandent donc d\u2019amener son propre \u00e9conome.<\/p>\n<\/p><\/div>\n<div class=\"paragraph\">\n<p><b><span class=\"mln_small-caps_mln\"><\/span><\/b><\/p>\n<p><i>* Renseignements<\/i><i>\u00a0<\/i><i>:<br \/>04.99.51.25.51<\/i><\/p>\n<\/p><\/div>\n","protected":false},"excerpt":{"rendered":"Les b&eacute;n&eacute;voles de l&rsquo;association la Brigade d&rsquo;Intervention Cin&eacute;phile (la BIC) se surnomment entre eux &laquo;&nbsp;les biquets&nbsp;&raquo; et &laquo;&nbsp;les biquettes&nbsp;&raquo;. Depuis bient&ocirc;t vingt ans, &#8230;","protected":false},"author":1,"featured_media":35066,"comment_status":"open","ping_status":"open","sticky":false,"template":"","format":"standard","meta":{"footnotes":""},"categories":[32],"tags":[1316,919,329,1305,1315,4113,5817,239,284],"news-destination":[],"news-source":[475],"is_homepage":[],"ta_other":[],"class_list":["post-35065","post","type-post","status-publish","format-standard","has-post-thumbnail","hentry","category-culture","tag-avant-premiere","tag-cinema","tag-festival","tag-film","tag-films","tag-frontignan","tag-guinguette","tag-herault","tag-occitanie","news-source-website"],"_links":{"self":[{"href":"https:\/\/euapp01.newsmemory.com\/lamarseillaise\/news\/wp-json\/wp\/v2\/posts\/35065","targetHints":{"allow":["GET"]}}],"collection":[{"href":"https:\/\/euapp01.newsmemory.com\/lamarseillaise\/news\/wp-json\/wp\/v2\/posts"}],"about":[{"href":"https:\/\/euapp01.newsmemory.com\/lamarseillaise\/news\/wp-json\/wp\/v2\/types\/post"}],"author":[{"embeddable":true,"href":"https:\/\/euapp01.newsmemory.com\/lamarseillaise\/news\/wp-json\/wp\/v2\/users\/1"}],"replies":[{"embeddable":true,"href":"https:\/\/euapp01.newsmemory.com\/lamarseillaise\/news\/wp-json\/wp\/v2\/comments?post=35065"}],"version-history":[{"count":1,"href":"https:\/\/euapp01.newsmemory.com\/lamarseillaise\/news\/wp-json\/wp\/v2\/posts\/35065\/revisions"}],"predecessor-version":[{"id":35067,"href":"https:\/\/euapp01.newsmemory.com\/lamarseillaise\/news\/wp-json\/wp\/v2\/posts\/35065\/revisions\/35067"}],"wp:featuredmedia":[{"embeddable":true,"href":"https:\/\/euapp01.newsmemory.com\/lamarseillaise\/news\/wp-json\/wp\/v2\/media\/35066"}],"wp:attachment":[{"href":"https:\/\/euapp01.newsmemory.com\/lamarseillaise\/news\/wp-json\/wp\/v2\/media?parent=35065"}],"wp:term":[{"taxonomy":"category","embeddable":true,"href":"https:\/\/euapp01.newsmemory.com\/lamarseillaise\/news\/wp-json\/wp\/v2\/categories?post=35065"},{"taxonomy":"post_tag","embeddable":true,"href":"https:\/\/euapp01.newsmemory.com\/lamarseillaise\/news\/wp-json\/wp\/v2\/tags?post=35065"},{"taxonomy":"news-destination","embeddable":true,"href":"https:\/\/euapp01.newsmemory.com\/lamarseillaise\/news\/wp-json\/wp\/v2\/news-destination?post=35065"},{"taxonomy":"news-source","embeddable":true,"href":"https:\/\/euapp01.newsmemory.com\/lamarseillaise\/news\/wp-json\/wp\/v2\/news-source?post=35065"},{"taxonomy":"is_homepage","embeddable":true,"href":"https:\/\/euapp01.newsmemory.com\/lamarseillaise\/news\/wp-json\/wp\/v2\/is_homepage?post=35065"},{"taxonomy":"ta_other","embeddable":true,"href":"https:\/\/euapp01.newsmemory.com\/lamarseillaise\/news\/wp-json\/wp\/v2\/ta_other?post=35065"}],"curies":[{"name":"wp","href":"https:\/\/api.w.org\/{rel}","templated":true}]}}