{"id":35062,"date":"2026-07-03T09:00:00","date_gmt":"2026-07-03T07:00:00","guid":{"rendered":"https:\/\/euapp01.newsmemory.com\/lamarseillaise\/news\/?p=35062"},"modified":"2026-07-04T08:40:57","modified_gmt":"2026-07-04T06:40:57","slug":"une-proposition-de-loi-inquietante","status":"publish","type":"post","link":"https:\/\/euapp01.newsmemory.com\/lamarseillaise\/news\/2026\/07\/03\/une-proposition-de-loi-inquietante\/","title":{"rendered":"Une proposition de loi inqui\u00e9tante"},"content":{"rendered":"<div class=\"paragraph\">\n<p>Par Swane Mas (SAF Marseille)<\/p>\n<\/p><\/div>\n<div class=\"paragraph\"> <\/div>\n<div class=\"paragraph\">\n<p>Le 7 juillet prochain, l\u2019Assembl\u00e9e nationale examinera une proposition de loi instaurant une \u00ab\u00a0pr\u00e9somption de l\u00e9gitime d\u00e9fense\u00a0\u00bb pour les forces de l\u2019ordre. En 2024, 66 personnes sont mortes \u00e0 la suite d\u2019une intervention des forces de l\u2019ordre, un funeste record. Les d\u00e9c\u00e8s li\u00e9s \u00e0 l\u2019usage d\u2019armes \u00e0 feu ont fortement augment\u00e9 depuis la loi dite Castaner de 2017, qui a \u00e9largi les conditions de recours aux armes par les policiers et les gendarmes. Dans ce contexte, le cadre juridique actuel est d\u00e9j\u00e0 largement critiqu\u00e9, notamment par le Comit\u00e9 contre la torture des Nations unies.<\/p>\n<p>Aujourd\u2019hui, lorsqu\u2019un policier ou un gendarme fait usage de son arme, les autorit\u00e9s judiciaires doivent v\u00e9rifier que les conditions pr\u00e9vues \u00e0 l\u2019article L. 435-1 du Code de la s\u00e9curit\u00e9 int\u00e9rieure sont r\u00e9unies, en particulier que le tir \u00e9tait strictement n\u00e9cessaire et proportionn\u00e9. Il appartient donc \u00e0 l\u2019\u00c9tat de d\u00e9montrer que le recours \u00e0 la force l\u00e9tale \u00e9tait l\u00e9gal.<\/p>\n<p>La proposition de loi entend renverser cette logique. En instaurant une pr\u00e9somption de l\u00e9gitime d\u00e9fense, elle conduirait \u00e0 pr\u00e9sumer l\u00e9gal tout tir effectu\u00e9 par un policier ou un gendarme, sans qu\u2019il soit n\u00e9cessaire d\u2019\u00e9tablir d\u2019embl\u00e9e que les conditions pr\u00e9vues par la loi \u00e9taient r\u00e9unies.<\/p>\n<p>En pratique, cette r\u00e9forme d\u00e9placerait la charge de la preuve : ce seraient les victimes ou leurs proches qui devraient d\u00e9montrer que le tir n\u2019\u00e9tait pas justifi\u00e9. Une telle \u00e9volution para\u00eet difficilement conciliable avec la jurisprudence de la Cour europ\u00e9enne des droits de l\u2019homme, qui impose \u00e0 l\u2019\u00c9tat de d\u00e9montrer que le recours \u00e0 la force l\u00e9tale \u00e9tait absolument n\u00e9cessaire lorsqu\u2019une personne meurt aux mains de ses agents.<\/p>\n<p>Cette r\u00e9forme intervient alors que les obstacles \u00e0 la manifestation de la v\u00e9rit\u00e9 sont d\u00e9j\u00e0 nombreux et qu\u2019un d\u00e9s\u00e9quilibre persiste entre le cr\u00e9dit accord\u00e9 \u00e0 la parole des plaignants et celui accord\u00e9 aux forces de l\u2019ordre. Si le tir est pr\u00e9sum\u00e9 l\u00e9gitime, le policier ne sera plus automatiquement consid\u00e9r\u00e9 comme suspect. La garde \u00e0 vue imm\u00e9diate deviendra moins fr\u00e9quente, rendant plus difficile la collecte des preuves, notamment l\u2019exploitation des vid\u00e9osurveillances, les saisies de t\u00e9l\u00e9phones ou d\u2019autres actes d\u2019enqu\u00eate pourtant essentiels. Le r\u00e9sultat est pr\u00e9visible : davantage de classements sans suite et de non-lieux, moins de proc\u00e8s et, pour les familles, un acc\u00e8s encore plus limit\u00e9 \u00e0 un recours effectif.<\/p>\n<p>Cette r\u00e9forme enverrait enfin un signal pr\u00e9occupant aux forces de l\u2019ordre. En laissant entendre que l\u2019usage des armes b\u00e9n\u00e9ficie d\u2019une pr\u00e9somption de l\u00e9galit\u00e9, elle risque d\u2019\u00eatre per\u00e7ue comme un assouplissement du cadre juridique et d\u2019encourager le recours \u00e0 la force l\u00e9tale, avec des cons\u00e9quences qui touchent d\u00e9j\u00e0 de mani\u00e8re disproportionn\u00e9e les populations racis\u00e9es.<\/p>\n<\/p><\/div>\n<div class=\"paragraph\">\n<p><i>Une question ? Besoin d\u2019un conseil ? Contactez nos chroniqueurs par mail avocats@lamarseillaise.fr<\/i><\/p>\n<\/p><\/div>\n","protected":false},"excerpt":{"rendered":"Par Swane Mas (SAF Marseille)Le 7 juillet prochain, l&rsquo;Assembl&eacute;e nationale examinera une proposition de loi instaurant une &laquo;&nbsp;pr&eacute;somption de l&eacute;gitime d&eacute;fense&nbsp;&raquo; pour les forces de l&rsquo;ordre. &#8230;","protected":false},"author":1,"featured_media":35063,"comment_status":"open","ping_status":"open","sticky":false,"template":"","format":"standard","meta":{"footnotes":""},"categories":[918,3926,3925,330,20],"tags":[2063,10,572,2237,200,2800,16,1699,259,3077],"news-destination":[3944],"news-source":[475],"is_homepage":[],"ta_other":[],"class_list":["post-35062","post","type-post","status-publish","format-standard","has-post-thumbnail","hentry","category-accueil","category-accueil-merge","category-accueil-third","category-politique","category-societe","tag-armes","tag-bouches-du-rhone","tag-france","tag-gendarmes","tag-justice","tag-loi","tag-marseille","tag-policiers","tag-proposition-de-loi","tag-robes-noires","news-destination-homepage","news-source-website"],"_links":{"self":[{"href":"https:\/\/euapp01.newsmemory.com\/lamarseillaise\/news\/wp-json\/wp\/v2\/posts\/35062","targetHints":{"allow":["GET"]}}],"collection":[{"href":"https:\/\/euapp01.newsmemory.com\/lamarseillaise\/news\/wp-json\/wp\/v2\/posts"}],"about":[{"href":"https:\/\/euapp01.newsmemory.com\/lamarseillaise\/news\/wp-json\/wp\/v2\/types\/post"}],"author":[{"embeddable":true,"href":"https:\/\/euapp01.newsmemory.com\/lamarseillaise\/news\/wp-json\/wp\/v2\/users\/1"}],"replies":[{"embeddable":true,"href":"https:\/\/euapp01.newsmemory.com\/lamarseillaise\/news\/wp-json\/wp\/v2\/comments?post=35062"}],"version-history":[{"count":1,"href":"https:\/\/euapp01.newsmemory.com\/lamarseillaise\/news\/wp-json\/wp\/v2\/posts\/35062\/revisions"}],"predecessor-version":[{"id":35064,"href":"https:\/\/euapp01.newsmemory.com\/lamarseillaise\/news\/wp-json\/wp\/v2\/posts\/35062\/revisions\/35064"}],"wp:featuredmedia":[{"embeddable":true,"href":"https:\/\/euapp01.newsmemory.com\/lamarseillaise\/news\/wp-json\/wp\/v2\/media\/35063"}],"wp:attachment":[{"href":"https:\/\/euapp01.newsmemory.com\/lamarseillaise\/news\/wp-json\/wp\/v2\/media?parent=35062"}],"wp:term":[{"taxonomy":"category","embeddable":true,"href":"https:\/\/euapp01.newsmemory.com\/lamarseillaise\/news\/wp-json\/wp\/v2\/categories?post=35062"},{"taxonomy":"post_tag","embeddable":true,"href":"https:\/\/euapp01.newsmemory.com\/lamarseillaise\/news\/wp-json\/wp\/v2\/tags?post=35062"},{"taxonomy":"news-destination","embeddable":true,"href":"https:\/\/euapp01.newsmemory.com\/lamarseillaise\/news\/wp-json\/wp\/v2\/news-destination?post=35062"},{"taxonomy":"news-source","embeddable":true,"href":"https:\/\/euapp01.newsmemory.com\/lamarseillaise\/news\/wp-json\/wp\/v2\/news-source?post=35062"},{"taxonomy":"is_homepage","embeddable":true,"href":"https:\/\/euapp01.newsmemory.com\/lamarseillaise\/news\/wp-json\/wp\/v2\/is_homepage?post=35062"},{"taxonomy":"ta_other","embeddable":true,"href":"https:\/\/euapp01.newsmemory.com\/lamarseillaise\/news\/wp-json\/wp\/v2\/ta_other?post=35062"}],"curies":[{"name":"wp","href":"https:\/\/api.w.org\/{rel}","templated":true}]}}