{"id":35055,"date":"2026-07-03T08:41:00","date_gmt":"2026-07-03T06:41:00","guid":{"rendered":"https:\/\/euapp01.newsmemory.com\/lamarseillaise\/news\/?p=35055"},"modified":"2026-07-07T09:40:47","modified_gmt":"2026-07-07T07:40:47","slug":"grosses-chaleurs-comment-se-premunir","status":"publish","type":"post","link":"https:\/\/euapp01.newsmemory.com\/lamarseillaise\/news\/2026\/07\/03\/grosses-chaleurs-comment-se-premunir\/","title":{"rendered":"Grosses chaleurs&nbsp;: comment se pr\u00e9munir&nbsp;?"},"content":{"rendered":"<div class=\"paragraph\">\n<p>Au vu du manque de r\u00e9action au niveau mondial pour freiner le r\u00e9chauffement climatique, il va falloir s\u2019y faire. Dans les ann\u00e9es \u00e0 venir, les \u00e9t\u00e9s seront de plus en plus chauds. Responsable chez Shift Project, Luc Cervellin, pr\u00e9vient m\u00eame qu\u2019aussi \u00e9touffant qu\u2019il puisse \u00eatre, ce d\u00e9but d\u2019\u00e9t\u00e9 2026 sera probablement l\u2019un des moins suffocants qu\u2019il nous reste \u00e0 affronter (lire p.5).<\/p>\n<p>La raison est simple. Si la prise de conscience de la r\u00e9alit\u00e9 du changement climatique a bien eu lieu, except\u00e9 chez certains complotistes ou climatosceptiques d\u2019extr\u00eame droite, elle n\u2019a pas \u00e9t\u00e9 suivie de suffisamment de r\u00e9alisations concr\u00e8tes. Certes l\u2019\u00e9t\u00e9 2003 et ses 15\u00a0000\u00a0morts ont agi comme un d\u00e9tonateur. Au fil des ans, des Ehpads ont \u00e9t\u00e9 climatis\u00e9s pour prot\u00e9ger la sant\u00e9 fragile de nos a\u00een\u00e9s. Des h\u00f4pitaux aussi, m\u00eame si plusieurs services de CHU \u00e0 l\u2019instar de celui de Montpellier restent en surchauffe. Plus r\u00e9cemment, nombre de Villes (Montpellier, Grabels, d\u00e9sormais N\u00eemes&#8230;) <br \/>&#8211;\u00a0les majorit\u00e9s municipales de gauche donnant le ton\u00a0&#8211; ont lanc\u00e9 de vastes op\u00e9rations de d\u00e9simperm\u00e9abilisation des cours d\u2019\u00e9cole, peu \u00e0 peu v\u00e9g\u00e9talis\u00e9es.<\/p>\n<p>Mais l\u2019ampleur de la t\u00e2che est telle que bien souvent, ce genre initiatives, qui porteront leurs fruits \u00e0 moyen terme, ne suffisent pas \u00e0 parer l\u2019urgence des canicules. De plus en plus fr\u00e9quentes et de plus en plus difficiles \u00e0 supporter pour les organismes. C\u2019est le cas depuis deux \u00e9t\u00e9s cons\u00e9cutifs de beaucoup d\u2019enfants, qui vivent un v\u00e9ritable enfer lors du dernier mois d\u2019\u00e9cole. Dans de vieux b\u00e2timents pens\u00e9s pour une \u00e9poque r\u00e9volue, dans des salles rarement climatis\u00e9es et pas assez rafra\u00eechies, \u00e9l\u00e8ves et enseignants suffoquent de B\u00e9ziers \u00e0 Al\u00e8s en passant par S\u00e8te ou N\u00eemes.<\/p>\n<\/p><\/div>\n<div class=\"intext\"> Quid du droit du travail\u00a0?\n              <\/div>\n<div class=\"paragraph\">\n<p>S\u2019il est \u00e9vident qu\u2019\u00e0 terme la g\u00e9n\u00e9ralisation de la climatisation ne fait qu\u2019aggraver le probl\u00e8me du climat, son recours a minima dans les lieux des services publics ne pourra peut-\u00eatre pas rester tabou longtemps&#8230; Plut\u00f4t que de s\u2019ent\u00eater \u00e0 pr\u00e9tendre, comme Emmanuel Macron, \u00ab\u00a0<i>qu\u2019on ne pouvait pas savoir<\/i><i>\u00a0<\/i>\u00bb, l\u2019\u00c9tat doit prendre urgemment ses responsabilit\u00e9s. Car pour l\u2019heure trop peu d\u2019investissements de grande ampleur ont \u00e9t\u00e9 r\u00e9alis\u00e9s pour adapter nos constructions \u00e0 la nouvelle r\u00e9alit\u00e9 climatique. Si bien que plus de 20\u00a0ans apr\u00e8s l\u2019alerte de 2003, un logement fran\u00e7ais sur deux, le plus souvent occup\u00e9 par une personne \u00e0 faibles revenus, est inadapt\u00e9. Et que dire des sans-abri\u00a0? Mardi 30\u00a0juin \u00e0 Montpellier, un collectif a alert\u00e9 la pr\u00e9fecture sur la vuln\u00e9rabilit\u00e9 des SDF et r\u00e9clam\u00e9 la mise en place de mesures de protection (lire p 7).<\/p>\n<p>Il est grand temps aussi que les parlementaires se saisissent des questions relatives au droit du travail. Comme nous le rappelle une avocate sp\u00e9cialis\u00e9e, il n\u2019existe pas en France de seuil de temp\u00e9rature maximal au-del\u00e0 duquel un travailleur peut stopper son activit\u00e9 (ext\u00e9rieure ou int\u00e9rieure) en toute l\u00e9galit\u00e9. Certes le droit de retrait existe, l\u2019employeur se doit de prot\u00e9ger ses salari\u00e9s (eau \u00e0 disposition voire douches, ventilation&#8230;) et les syndicats peuvent toujours mettre un coup de pression, mais trop souvent des personnes se mettent elles-m\u00eames en danger par forte chaleur. Soit par volont\u00e9 de mener \u00e0 bien leur travail, soit par obligation de ne pas tronquer leur revenu, comme le rappelle la CGT lunelloise (lire p 6), soit par m\u00e9connaissance de leurs droits.<\/p>\n<p>Pour l\u2019heure, les autorit\u00e9s attendent d\u2019\u00eatre au pied du mur pour agir au cas par cas. La semaine pass\u00e9e (23\u00a0au 29\u00a0juin), la pr\u00e9fecture du Gard avait d\u00e9j\u00e0 pris un arr\u00eat\u00e9 pour permettre \u00e0 certains travailleurs d\u2019exercer leur activit\u00e9 sur une plage horaire \u00e9tendue. Pour travailler davantage \u00e0 la fra\u00eeche, les chantiers peuvent se d\u00e9rouler de 6h \u00e0 21h30. Le 30\u00a0juin et jusqu\u2019au 15\u00a0septembre, la pr\u00e9fecture de l\u2019H\u00e9rault lui a embo\u00eet\u00e9 le pas pour les entreprises du paysage, du b\u00e2timent et travaux publics en cas de vigilance rouge (du lundi au vendredi, travaux autoris\u00e9s de 6h \u00e0 12h et interdits de 12h \u00e0 21h) ou orange (travaux autoris\u00e9s de 6h \u00e0 21h).<\/p>\n<p>D\u00e8s le 26\u00a0juin, la pr\u00e9fecture de l\u2019H\u00e9rault rappelait aussi aux propri\u00e9taires d\u2019animaux domestiques, d\u2019\u00e9levage ou de compagnie les bons comportements \u00e0 adopter pour ne pas mettre leur animal en situation de souffrance. Notamment en ne les laissant jamais quelques minutes dans un v\u00e9hicule en journ\u00e9e. Enfin, dans les prochaines semaines, les organisateurs de manifestations taurines sont invit\u00e9s \u00e0 d\u00e9placer leurs festivit\u00e9s (abrivado, encierro, bandido&#8230;) au-del\u00e0 de 20h.<\/p>\n<\/p><\/div>\n","protected":false},"excerpt":{"rendered":"Au vu du manque de r&eacute;action au niveau mondial pour freiner le r&eacute;chauffement climatique, il va falloir s&rsquo;y faire. Dans les ann&eacute;es &agrave; venir, les &eacute;t&eacute;s seront de plus en plus chauds. Responsable chez Shift &#8230;","protected":false},"author":1,"featured_media":35056,"comment_status":"open","ping_status":"open","sticky":false,"template":"","format":"standard","meta":{"footnotes":""},"categories":[3926,3925,333,20],"tags":[182,1741,372,113,373,965,266,1809,309,238,239,2759,596,284,431,419,962,256,4003,910],"news-destination":[3944],"news-source":[475],"is_homepage":[],"ta_other":[],"class_list":["post-35055","post","type-post","status-publish","format-standard","has-post-thumbnail","hentry","category-accueil-merge","category-accueil-third","category-environnement","category-societe","tag-animaux","tag-btp","tag-canicule","tag-cgt","tag-chaleur","tag-conseils","tag-droit-de-retrait","tag-droit-du-travail","tag-eau","tag-gard","tag-herault","tag-lise-flores","tag-logement","tag-occitanie","tag-prevention","tag-rechauffement-climatique","tag-salaries","tag-sante","tag-sdf","tag-travailleurs","news-destination-homepage","news-source-website"],"_links":{"self":[{"href":"https:\/\/euapp01.newsmemory.com\/lamarseillaise\/news\/wp-json\/wp\/v2\/posts\/35055","targetHints":{"allow":["GET"]}}],"collection":[{"href":"https:\/\/euapp01.newsmemory.com\/lamarseillaise\/news\/wp-json\/wp\/v2\/posts"}],"about":[{"href":"https:\/\/euapp01.newsmemory.com\/lamarseillaise\/news\/wp-json\/wp\/v2\/types\/post"}],"author":[{"embeddable":true,"href":"https:\/\/euapp01.newsmemory.com\/lamarseillaise\/news\/wp-json\/wp\/v2\/users\/1"}],"replies":[{"embeddable":true,"href":"https:\/\/euapp01.newsmemory.com\/lamarseillaise\/news\/wp-json\/wp\/v2\/comments?post=35055"}],"version-history":[{"count":1,"href":"https:\/\/euapp01.newsmemory.com\/lamarseillaise\/news\/wp-json\/wp\/v2\/posts\/35055\/revisions"}],"predecessor-version":[{"id":35057,"href":"https:\/\/euapp01.newsmemory.com\/lamarseillaise\/news\/wp-json\/wp\/v2\/posts\/35055\/revisions\/35057"}],"wp:featuredmedia":[{"embeddable":true,"href":"https:\/\/euapp01.newsmemory.com\/lamarseillaise\/news\/wp-json\/wp\/v2\/media\/35056"}],"wp:attachment":[{"href":"https:\/\/euapp01.newsmemory.com\/lamarseillaise\/news\/wp-json\/wp\/v2\/media?parent=35055"}],"wp:term":[{"taxonomy":"category","embeddable":true,"href":"https:\/\/euapp01.newsmemory.com\/lamarseillaise\/news\/wp-json\/wp\/v2\/categories?post=35055"},{"taxonomy":"post_tag","embeddable":true,"href":"https:\/\/euapp01.newsmemory.com\/lamarseillaise\/news\/wp-json\/wp\/v2\/tags?post=35055"},{"taxonomy":"news-destination","embeddable":true,"href":"https:\/\/euapp01.newsmemory.com\/lamarseillaise\/news\/wp-json\/wp\/v2\/news-destination?post=35055"},{"taxonomy":"news-source","embeddable":true,"href":"https:\/\/euapp01.newsmemory.com\/lamarseillaise\/news\/wp-json\/wp\/v2\/news-source?post=35055"},{"taxonomy":"is_homepage","embeddable":true,"href":"https:\/\/euapp01.newsmemory.com\/lamarseillaise\/news\/wp-json\/wp\/v2\/is_homepage?post=35055"},{"taxonomy":"ta_other","embeddable":true,"href":"https:\/\/euapp01.newsmemory.com\/lamarseillaise\/news\/wp-json\/wp\/v2\/ta_other?post=35055"}],"curies":[{"name":"wp","href":"https:\/\/api.w.org\/{rel}","templated":true}]}}