{"id":35052,"date":"2026-07-03T08:44:00","date_gmt":"2026-07-03T06:44:00","guid":{"rendered":"https:\/\/euapp01.newsmemory.com\/lamarseillaise\/news\/?p=35052"},"modified":"2026-07-07T09:40:47","modified_gmt":"2026-07-07T07:40:47","slug":"entretien-luc-cervellin-shift-project-on-vit-lete-le-plus-frais-du-reste-de-notre-vie","status":"publish","type":"post","link":"https:\/\/euapp01.newsmemory.com\/lamarseillaise\/news\/2026\/07\/03\/entretien-luc-cervellin-shift-project-on-vit-lete-le-plus-frais-du-reste-de-notre-vie\/","title":{"rendered":"[Entretien] Luc Cervellin, Shift Project : \u00ab&nbsp;On vit l\u2019\u00e9t\u00e9 le plus frais du reste de notre vie&nbsp;\u00bb"},"content":{"rendered":"<div class=\"paragraph\">\n<p><b>La Marseillaise<\/b><b>\u00a0<\/b><b>:<\/b> <b>En quoi cette vague de chaleur r\u00e9v\u00e8le-t-elle l\u2019impr\u00e9paration des gouvernements successifs alors que nous avions d\u00e9j\u00e0 connu une canicule d\u00e9vastatrice en 2003<\/b><b>\u00a0<\/b><b>?<\/b><\/p>\n<p>Luc Cervellin<b>\u00a0<\/b>: On constate que le rythme de l\u2019adaptation ne suit clairement pas le rythme de l\u2019acc\u00e9l\u00e9ration du d\u00e9r\u00e8glement climatique. Les deux tiers des vagues de chaleur qu\u2019on a connues depuis 1947 se sont d\u00e9roul\u00e9es apr\u00e8s les ann\u00e9es 2000. Si on suit les pr\u00e9visions des scientifiques, qui ont \u00e9t\u00e9 assez fiables jusqu\u2019ici, leur nombre va \u00eatre multipli\u00e9 par cinq d\u2019ici 2050. On vit donc l\u2019\u00e9t\u00e9 le plus frais du reste de notre vie. Ensuite, on remarque qu\u2019en comparaison \u00e0 2003, on a structur\u00e9 la r\u00e9ponse d\u2019urgence, donc la vigilance, les points d\u2019eau, les EHPAD climatis\u00e9s, etc. Mais les causes structurelles, comme le b\u00e2timent ou l\u2019organisation du fonctionnement de la soci\u00e9t\u00e9, ne sont pas trait\u00e9es. La climatologue Val\u00e9rie Masson-Delmotte explique que notre soci\u00e9t\u00e9 a \u00e9t\u00e9 con\u00e7ue pour un climat qui n\u2019existe plus.<\/p>\n<p>La semaine derni\u00e8re, le pr\u00e9sident de la R\u00e9publique Emmanuel Macron a fait une sortie pour expliquer qu\u2019on ne pouvait pas s\u2019adapter \u00e0 un pic aussi in\u00e9dit. Pour nous, Shifters, c\u2019est incompr\u00e9hensible du point de vue m\u00eame du principe de l\u2019adaptation, parce que l\u2019adaptation consiste justement \u00e0 se pr\u00e9parer \u00e0 des sc\u00e9narios qui ont de fortes chances de se produire et on sait que des vagues de chaleur de plus en plus fr\u00e9quentes et de plus en plus importantes ont de plus en plus de chances de se produire.<\/p>\n<p><b>Pourquoi faut-il toujours lancer des mesures d\u2019att\u00e9nuation du r\u00e9chauffement climatique<\/b><b>\u00a0<\/b><b>?<\/b><\/p>\n<p>L.C.<b>\u00a0<\/b>: Il faut bien comprendre que r\u00e9duire les \u00e9missions reste la seule fa\u00e7on de limiter l\u2019ampleur du probl\u00e8me. Et chaque dixi\u00e8me de degr\u00e9 compte. Pour moi, pour mes enfants et pour tout le monde, il vaut mieux vivre dans un monde \u00e0 plus de 2\u00a0degr\u00e9s par rapport \u00e0 l\u2019\u00e8re pr\u00e9industrielle qu\u2019un monde \u00e0 plus de 4 ou 5\u00a0degr\u00e9s, qui est la tendance actuelle. L\u2019att\u00e9nuation et l\u2019adaptation fonctionnent ensemble parce qu\u2019on aura beaucoup plus de mal \u00e0 s\u2019adapter \u00e0 un monde \u00e0 plus 4 ou 5\u00a0degr\u00e9s. Et au Shift Project, on r\u00e9affirme qu\u2019une trajectoire de neutralit\u00e9 carbone reste possible d\u2019ici 2050 si on la planifie d\u00e8s maintenant dans tous les secteurs.<\/p>\n<p><b>Le d\u00e9bat a beaucoup tourn\u00e9 autour de la climatisation ces derniers jours, quelle est la position du Shift Project sur le sujet<\/b><b>\u00a0<\/b><b>?<\/b><\/p>\n<p>L.C.<b>\u00a0<\/b>: La climatisation est une toute petite partie de la r\u00e9ponse parce que beaucoup d\u2019infrastructures, comme les rails, les ponts, les chantiers, les for\u00eats ou les champs de bl\u00e9 par exemple ne se climatisent pas. \u00c9videmment, g\u00e9n\u00e9raliser la climatisation cr\u00e9erait un effet rebond c\u2019est-\u00e0-dire que \u00e7a aggrave la cause du probl\u00e8me qu\u2019elle pr\u00e9tend r\u00e9soudre. Pour nous la bonne question c\u2019est \u00ab\u00a0<i>comment le b\u00e2timent est-il capable d\u2019\u00e9vacuer la chaleur qu\u2019il accueille<\/i><i><b>\u00a0<\/b><\/i><i>?<\/i>\u00a0\u00bb Pour cela, il faut prioriser les solutions passives qui sont tr\u00e8s efficaces, comme la ventilation nocturne, les protections solaires ou la v\u00e9g\u00e9talisation. La climatisation est vraiment le dernier maillon de cette r\u00e9flexion. Dans certains cas particuliers, climatiser reste n\u00e9cessaire dans les lieux publics, les EHPAD, les h\u00f4pitaux ou les \u00e9coles, et avec sobri\u00e9t\u00e9. Mais pr\u00e9senter la g\u00e9n\u00e9ralisation de la clim dans les logements individuels comme la solution d\u2019adaptation \u00e0 la canicule revient \u00e0 repousser et accentuer le probl\u00e8me, parce que cela entra\u00eenera une hausse de la consommation \u00e9lectrique, un r\u00e9chauffement de l\u2019air ext\u00e9rieur des villes et des impacts sur la facture d\u2019\u00e9lectricit\u00e9 des m\u00e9nages.<\/p>\n<p><b>Quelles sont les autres propositions du Shift Project pour s\u2019adapter \u00e0 ces temp\u00e9ratures<\/b><b>\u00a0<\/b><b>?<\/b><\/p>\n<p>L.C.<b>\u00a0<\/b>: Pour nous, il faut avant tout planifier plut\u00f4t que r\u00e9agir. L\u2019anticipation via des diagnostics de vuln\u00e9rabilit\u00e9 est beaucoup plus efficace \u00e0 long terme que de g\u00e9rer chaque \u00e9pisode dans l\u2019urgence. Dans cette planification, il y a la n\u00e9cessit\u00e9 de r\u00e9nover massivement le b\u00e2ti en int\u00e9grant le confort d\u2019\u00e9t\u00e9 comme une priorit\u00e9 avec des protections solaires, des brasseurs d\u2019air, la v\u00e9g\u00e9talisation. Donc pas seulement l\u2019isolation hivernale comme on le fait en ce moment. Il y a aussi des transformations de l\u2019emploi \u00e0 g\u00e9rer, parce que certains m\u00e9tiers vont dispara\u00eetre, d\u2019autres vont \u00e9merger et \u00e7a appelle des discussions par branche, par territoire, pour s\u2019adapter.<\/p>\n<p><b>L\u2019Espagne a mis en place un cong\u00e9 climatique pour ces travailleurs, est-ce une bonne id\u00e9e<\/b><b>\u00a0<\/b><b>?<\/b><\/p>\n<p>L.C.<b>\u00a0<\/b>: C\u2019est un signal politique utile, parce qu\u2019il reconna\u00eet que travailler dehors par 40\u00a0degr\u00e9s n\u2019est pas faisable. Mais ce n\u2019est pas une solution structurelle. Cela traite la cons\u00e9quence plut\u00f4t que la cause. Au Shift, on met vraiment l\u2019accent sur l\u2019adaptation organisationnelle en amont. Pour nous, il faut travailler sur les horaires d\u00e9cal\u00e9s, le t\u00e9l\u00e9travail quand c\u2019est possible et la r\u00e9duction de l\u2019activit\u00e9 physique aux heures les plus chaudes. Toute mesure politique doit cibler en priorit\u00e9 ces m\u00e9tiers qui ne peuvent pas t\u00e9l\u00e9travailler comme l\u2019agriculture ou les m\u00e9tiers du soin par exemple, sous peine de voir se cr\u00e9er une nouvelle in\u00e9galit\u00e9 entre les emplois prot\u00e9g\u00e9s et non prot\u00e9g\u00e9s, comme on a pu le voir pendant le Covid. Aujourd\u2019hui la loi qui impose des dispositions de rafra\u00eechissement pour les travailleurs est appliqu\u00e9e de mani\u00e8re plus ou moins juste, plus ou moins forte suivant les entreprises, suivant les endroits, mais elle garantit pourtant aux salari\u00e9s des conditions d\u2019hydratation, d\u2019acc\u00e8s \u00e0 l\u2019eau et \u00e9ventuellement des douches.<\/p>\n<p><b>En quoi ces vagues de chaleur touchent-elles en priorit\u00e9 les plus pr\u00e9caires<\/b><b>\u00a0<\/b><b>?<\/b><\/p>\n<p>L.C.<b>\u00a0<\/b>: Le logement est vraiment le premier facteur d\u2019in\u00e9galit\u00e9. Pr\u00e8s de 48% des logements ont un confort d\u2019\u00e9t\u00e9 insuffisant. Ceux qui sont les plus vuln\u00e9rables, ce sont les quartiers populaires, parce que les logements sont plus petits, suroccup\u00e9s, mal isol\u00e9s, avec peu d\u2019\u00eelots de fra\u00eecheur \u00e0 proximit\u00e9, peu de parcs, etc. Pour eux, il y a le double effet ciseaux, c\u2019est-\u00e0-dire que ceux qui souffrent de la chaleur ont aussi le moins de moyens pour s\u2019en prot\u00e9ger. Quand vous vivez dans des barres d\u2019immeubles, vous n\u2019avez pas forc\u00e9ment les moyens de faire installer la clim quand \u00e7a devient vraiment insupportable. Et ce sont aussi souvent les personnes qui ont les emplois les plus expos\u00e9s. C\u2019est pourquoi nous pensons que les moyens doivent \u00eatre cibl\u00e9s en priorit\u00e9 sur les publics et les lieux les plus vuln\u00e9rables plut\u00f4t que dispers\u00e9s dans une g\u00e9n\u00e9ralisation de la clim individuelle.<\/p>\n<\/p><\/div>\n","protected":false},"excerpt":{"rendered":"La Marseillaise&nbsp;: En quoi cette vague de chaleur r&eacute;v&egrave;le-t-elle l&rsquo;impr&eacute;paration des gouvernements successifs alors que nous avions d&eacute;j&agrave; connu une canicule d&eacute;vastatrice en 2003&nbsp;?","protected":false},"author":1,"featured_media":35053,"comment_status":"open","ping_status":"open","sticky":false,"template":"","format":"standard","meta":{"footnotes":""},"categories":[3926,3925,333],"tags":[247,294,3275,373,417,1428,1550,5919,1809,343,238,239,1548,284,419,955,53],"news-destination":[3944],"news-source":[475],"is_homepage":[],"ta_other":[],"class_list":["post-35052","post","type-post","status-publish","format-standard","has-post-thumbnail","hentry","category-accueil-merge","category-accueil-third","category-environnement","tag-247","tag-294","tag-adaptation-climatique","tag-chaleur","tag-climat","tag-climatisation","tag-dereglement-climatique","tag-dome-de-chaleur","tag-droit-du-travail","tag-entretien","tag-gard","tag-herault","tag-ilots-de-chaleur","tag-occitanie","tag-rechauffement-climatique","tag-shifters","tag-travail","news-destination-homepage","news-source-website"],"_links":{"self":[{"href":"https:\/\/euapp01.newsmemory.com\/lamarseillaise\/news\/wp-json\/wp\/v2\/posts\/35052","targetHints":{"allow":["GET"]}}],"collection":[{"href":"https:\/\/euapp01.newsmemory.com\/lamarseillaise\/news\/wp-json\/wp\/v2\/posts"}],"about":[{"href":"https:\/\/euapp01.newsmemory.com\/lamarseillaise\/news\/wp-json\/wp\/v2\/types\/post"}],"author":[{"embeddable":true,"href":"https:\/\/euapp01.newsmemory.com\/lamarseillaise\/news\/wp-json\/wp\/v2\/users\/1"}],"replies":[{"embeddable":true,"href":"https:\/\/euapp01.newsmemory.com\/lamarseillaise\/news\/wp-json\/wp\/v2\/comments?post=35052"}],"version-history":[{"count":1,"href":"https:\/\/euapp01.newsmemory.com\/lamarseillaise\/news\/wp-json\/wp\/v2\/posts\/35052\/revisions"}],"predecessor-version":[{"id":35054,"href":"https:\/\/euapp01.newsmemory.com\/lamarseillaise\/news\/wp-json\/wp\/v2\/posts\/35052\/revisions\/35054"}],"wp:featuredmedia":[{"embeddable":true,"href":"https:\/\/euapp01.newsmemory.com\/lamarseillaise\/news\/wp-json\/wp\/v2\/media\/35053"}],"wp:attachment":[{"href":"https:\/\/euapp01.newsmemory.com\/lamarseillaise\/news\/wp-json\/wp\/v2\/media?parent=35052"}],"wp:term":[{"taxonomy":"category","embeddable":true,"href":"https:\/\/euapp01.newsmemory.com\/lamarseillaise\/news\/wp-json\/wp\/v2\/categories?post=35052"},{"taxonomy":"post_tag","embeddable":true,"href":"https:\/\/euapp01.newsmemory.com\/lamarseillaise\/news\/wp-json\/wp\/v2\/tags?post=35052"},{"taxonomy":"news-destination","embeddable":true,"href":"https:\/\/euapp01.newsmemory.com\/lamarseillaise\/news\/wp-json\/wp\/v2\/news-destination?post=35052"},{"taxonomy":"news-source","embeddable":true,"href":"https:\/\/euapp01.newsmemory.com\/lamarseillaise\/news\/wp-json\/wp\/v2\/news-source?post=35052"},{"taxonomy":"is_homepage","embeddable":true,"href":"https:\/\/euapp01.newsmemory.com\/lamarseillaise\/news\/wp-json\/wp\/v2\/is_homepage?post=35052"},{"taxonomy":"ta_other","embeddable":true,"href":"https:\/\/euapp01.newsmemory.com\/lamarseillaise\/news\/wp-json\/wp\/v2\/ta_other?post=35052"}],"curies":[{"name":"wp","href":"https:\/\/api.w.org\/{rel}","templated":true}]}}