{"id":35049,"date":"2026-07-03T08:45:00","date_gmt":"2026-07-03T06:45:00","guid":{"rendered":"https:\/\/euapp01.newsmemory.com\/lamarseillaise\/news\/?p=35049"},"modified":"2026-07-04T08:40:57","modified_gmt":"2026-07-04T06:40:57","slug":"la-colere-ne-faiblit-pas-contre-laccord-de-la-honte-entre-luniversite-de-montpellier-et-total","status":"publish","type":"post","link":"https:\/\/euapp01.newsmemory.com\/lamarseillaise\/news\/2026\/07\/03\/la-colere-ne-faiblit-pas-contre-laccord-de-la-honte-entre-luniversite-de-montpellier-et-total\/","title":{"rendered":"La col\u00e8re ne faiblit pas contre \u00ab&nbsp;l\u2019accord de la honte&nbsp;\u00bb entre l\u2019Universit\u00e9 de Montpellier et Total"},"content":{"rendered":"<div class=\"paragraph\">\n<p>Ils \u00e9taient une petite cinquantaine, ce mardi 30\u00a0juin apr\u00e8s-midi, \u00e0 s\u2019\u00eatre r\u00e9unis malgr\u00e9 la canicule devant le b\u00e2timent administratif de la facult\u00e9 des sciences de Montpellier. Mobilis\u00e9s depuis d\u00e9j\u00e0 presque un mois, collectifs et \u00e9tudiants r\u00e9clament l\u2019annulation d\u2019un partenariat sign\u00e9 le 11\u00a0juin 2026 entre l\u2019Universit\u00e9 de Montpellier (UM) et la multinationale TotalEnergies.<\/p>\n<p>Une collaboration visant, selon l\u2019UM, \u00e0 <i>\u00ab<\/i><i>\u00a0<\/i><i>renforcer les liens entre le monde universitaire et le monde de l\u2019entreprise, au b\u00e9n\u00e9fice des \u00e9tudiants du master mention \u00e9nergie de la facult\u00e9 des sciences.<\/i><i>\u00a0<\/i><i>\u00bb<\/i> \u00c0 l\u2019int\u00e9rieur du b\u00e2timent, la commission de la formation et de la vie universitaire (CFVU) \u00e9tait r\u00e9unie, avec \u00e0 l\u2019ordre du jour une motion d\u00e9pos\u00e9e par le Syndicat de combat universitaire de Montpellier (Scum) demandant la r\u00e9siliation du partenariat. Apr\u00e8s de longs d\u00e9bats, la motion a finalement \u00e9t\u00e9 rejet\u00e9e \u00e0 18 voix \u00ab\u00a0contre\u00a0\u00bb, et 9 voix \u00ab\u00a0pour\u00a0\u00bb.<\/p>\n<\/p><\/div>\n<div class=\"intext\"> Des \u00e9tudiants d\u00e9termin\u00e9s\n              <\/div>\n<div class=\"paragraph\">\n<p>Aur\u00e9lien Trannoy est membre du Scum, \u00e9lu au Conseil d\u2019administration de l\u2019UM. Il raconte\u00a0: <i>\u00ab<\/i><i>\u00a0<\/i><i>Nous avons appris l\u2019existence du partenariat via un communiqu\u00e9 de presse de l\u2019Universit\u00e9 sur son site internet. Or TotalEnergies est une entreprise \u00e9cocidaire, responsable du d\u00e9r\u00e8glement climatique, et qui a \u00e9t\u00e9 condamn\u00e9e en octobre 2025 par le tribunal judiciaire de Paris pour greenwashing. L\u2019Universit\u00e9 de Montpellier se vante pourtant de son c\u00f4t\u00e9 d\u2019\u00eatre class\u00e9e au 14<\/i><i><sup>e<\/sup><\/i><i>\u00a0<\/i><i>rang mondial du classement de Shanghai pour l\u2019\u00e9cologie. C\u2019est inacceptable.<\/i><i>\u00a0<\/i><i>\u00bb <\/i>Malo, \u00e9tudiant en master \u00e9cologie \u00e0 l\u2019UM, est venu soutenir la mobilisation parce qu\u2019il se dit choqu\u00e9 \u00e0 l\u2019id\u00e9e qu\u2019une entreprise multinationale entre dans le syst\u00e8me universitaire\u00a0: <i>\u00ab<\/i><i>\u00a0<\/i><i>Le risque c\u2019est qu\u2019une entreprise polluante d\u00e9finisse la mani\u00e8re dont les savoirs sont cr\u00e9\u00e9s autour de l\u2019\u00e9nergie et du d\u00e9veloppement durable.<\/i><i>\u00a0<\/i><i>\u00bb<\/i> \u00c0 ses c\u00f4t\u00e9s, Floriane, membre de l\u2019organisation le Poing Lev\u00e9, ajoute\u00a0: <i>\u00ab<\/i><i>\u00a0<\/i><i>C\u2019est d\u2019autant plus scandaleux que certains cours seront d\u00e9livr\u00e9s par des employ\u00e9s de TotalEnergies, ce qui revient \u00e0 ce que Total d\u00e9livre des dipl\u00f4mes \u00e0 des \u00e9tudiants qui s\u2019int\u00e9ressent \u00e0 l\u2019\u00e9cologie. C\u2019est ridicule.<\/i><i>\u00a0<\/i><i>\u00bb <\/i>Au cours de la r\u00e9union, la pr\u00e9sidence a rappel\u00e9 que l\u2019instance d\u00e9cisionnaire restait le Conseil d\u2019administration, qui se r\u00e9unira le 6\u00a0juillet. <i>\u00ab<\/i><i>\u00a0<\/i><i>Nous ne manquerons donc pas de nous mobiliser une nouvelle fois \u00e0 cette occasion<\/i><i>\u00a0<\/i><i>\u00bb, <\/i>assure Aur\u00e9lien Trannoy.<\/p>\n<\/p><\/div>\n","protected":false},"excerpt":{"rendered":"Ils &eacute;taient une petite cinquantaine, ce mardi 30&nbsp;juin apr&egrave;s-midi, &agrave; s&rsquo;&ecirc;tre r&eacute;unis malgr&eacute; la canicule devant le b&acirc;timent administratif de la facult&eacute; des sciences de Montpellier. &#8230;","protected":false},"author":1,"featured_media":35050,"comment_status":"open","ping_status":"open","sticky":false,"template":"","format":"standard","meta":{"footnotes":""},"categories":[918,3926,3925,5215,20],"tags":[410,239,134,240,284,1095,4460,1758],"news-destination":[3944],"news-source":[475],"is_homepage":[],"ta_other":[],"class_list":["post-35049","post","type-post","status-publish","format-standard","has-post-thumbnail","hentry","category-accueil","category-accueil-merge","category-accueil-third","category-education","category-societe","tag-education","tag-herault","tag-mobilisation","tag-montpellier","tag-occitanie","tag-partenariat","tag-total","tag-universite-de-montpellier","news-destination-homepage","news-source-website"],"_links":{"self":[{"href":"https:\/\/euapp01.newsmemory.com\/lamarseillaise\/news\/wp-json\/wp\/v2\/posts\/35049","targetHints":{"allow":["GET"]}}],"collection":[{"href":"https:\/\/euapp01.newsmemory.com\/lamarseillaise\/news\/wp-json\/wp\/v2\/posts"}],"about":[{"href":"https:\/\/euapp01.newsmemory.com\/lamarseillaise\/news\/wp-json\/wp\/v2\/types\/post"}],"author":[{"embeddable":true,"href":"https:\/\/euapp01.newsmemory.com\/lamarseillaise\/news\/wp-json\/wp\/v2\/users\/1"}],"replies":[{"embeddable":true,"href":"https:\/\/euapp01.newsmemory.com\/lamarseillaise\/news\/wp-json\/wp\/v2\/comments?post=35049"}],"version-history":[{"count":1,"href":"https:\/\/euapp01.newsmemory.com\/lamarseillaise\/news\/wp-json\/wp\/v2\/posts\/35049\/revisions"}],"predecessor-version":[{"id":35051,"href":"https:\/\/euapp01.newsmemory.com\/lamarseillaise\/news\/wp-json\/wp\/v2\/posts\/35049\/revisions\/35051"}],"wp:featuredmedia":[{"embeddable":true,"href":"https:\/\/euapp01.newsmemory.com\/lamarseillaise\/news\/wp-json\/wp\/v2\/media\/35050"}],"wp:attachment":[{"href":"https:\/\/euapp01.newsmemory.com\/lamarseillaise\/news\/wp-json\/wp\/v2\/media?parent=35049"}],"wp:term":[{"taxonomy":"category","embeddable":true,"href":"https:\/\/euapp01.newsmemory.com\/lamarseillaise\/news\/wp-json\/wp\/v2\/categories?post=35049"},{"taxonomy":"post_tag","embeddable":true,"href":"https:\/\/euapp01.newsmemory.com\/lamarseillaise\/news\/wp-json\/wp\/v2\/tags?post=35049"},{"taxonomy":"news-destination","embeddable":true,"href":"https:\/\/euapp01.newsmemory.com\/lamarseillaise\/news\/wp-json\/wp\/v2\/news-destination?post=35049"},{"taxonomy":"news-source","embeddable":true,"href":"https:\/\/euapp01.newsmemory.com\/lamarseillaise\/news\/wp-json\/wp\/v2\/news-source?post=35049"},{"taxonomy":"is_homepage","embeddable":true,"href":"https:\/\/euapp01.newsmemory.com\/lamarseillaise\/news\/wp-json\/wp\/v2\/is_homepage?post=35049"},{"taxonomy":"ta_other","embeddable":true,"href":"https:\/\/euapp01.newsmemory.com\/lamarseillaise\/news\/wp-json\/wp\/v2\/ta_other?post=35049"}],"curies":[{"name":"wp","href":"https:\/\/api.w.org\/{rel}","templated":true}]}}